{"id":4885,"date":"2026-03-03T09:16:03","date_gmt":"2026-03-03T09:16:03","guid":{"rendered":"https:\/\/www.cuboshomes.com\/blog\/?p=4885"},"modified":"2026-03-03T10:04:36","modified_gmt":"2026-03-03T10:04:36","slug":"prohibicion-camaras-interior-vivienda-turistica","status":"publish","type":"post","link":"https:\/\/www.cuboshomes.com\/blog\/prohibicion-camaras-interior-vivienda-turistica\/","title":{"rendered":"Prohibici\u00f3n de instalar c\u00e1maras de videovigilancia en el interior de los alojamientos"},"content":{"rendered":"\t\t<div data-elementor-type=\"wp-post\" data-elementor-id=\"4885\" class=\"elementor elementor-4885\" data-elementor-post-type=\"post\">\n\t\t\t\t<div class=\"elementor-element elementor-element-8ef0ce7 e-flex e-con-boxed e-con e-parent\" data-id=\"8ef0ce7\" data-element_type=\"container\" data-e-type=\"container\">\n\t\t\t\t\t<div class=\"e-con-inner\">\n\t\t\t\t<div class=\"elementor-element elementor-element-1d84ce9 elementor-widget elementor-widget-text-editor\" data-id=\"1d84ce9\" data-element_type=\"widget\" data-e-type=\"widget\" data-widget_type=\"text-editor.default\">\n\t\t\t\t<div class=\"elementor-widget-container\">\n\t\t\t\t\t\t\t\t\t<p><span style=\"font-weight: 400;\">Con el fin de garantizar el cumplimiento de la normativa vigente en materia de <\/span><b>protecci\u00f3n de datos personales<\/b><span style=\"font-weight: 400;\"> y de proteger los derechos fundamentales de los hu\u00e9spedes, se le informa de que <\/span><b>queda terminantemente prohibida la instalaci\u00f3n de c\u00e1maras de videovigilancia en el interior de las viviendas tur\u00edsticas<\/b><span style=\"font-weight: 400;\">. La prohibici\u00f3n de c\u00e1maras en el interior de viviendas tur\u00edsticas es una obligaci\u00f3n legal derivada del RGPD y la LOPDGDD que todo propietario debe conocer para evitar sanciones graves.<\/span><\/p>\t\t\t\t\t\t\t\t<\/div>\n\t\t\t\t<\/div>\n\t\t\t\t<div class=\"elementor-element elementor-element-0ed4550 elementor-widget elementor-widget-heading\" data-id=\"0ed4550\" data-element_type=\"widget\" data-e-type=\"widget\" data-widget_type=\"heading.default\">\n\t\t\t\t<div class=\"elementor-widget-container\">\n\t\t\t\t\t<h2 class=\"elementor-heading-title elementor-size-default\">1. Fundamento jur\u00eddico de la prohibici\u00f3n<\/h2>\t\t\t\t<\/div>\n\t\t\t\t<\/div>\n\t\t\t\t<div class=\"elementor-element elementor-element-ca43fa7 elementor-widget elementor-widget-text-editor\" data-id=\"ca43fa7\" data-element_type=\"widget\" data-e-type=\"widget\" data-widget_type=\"text-editor.default\">\n\t\t\t\t<div class=\"elementor-widget-container\">\n\t\t\t\t\t\t\t\t\t<p><span style=\"font-weight: 400;\">La instalaci\u00f3n de c\u00e1maras dentro del inmueble supone una <\/span><b>vigilancia permanente e injustificada de personas identificadas o identificables<\/b><span style=\"font-weight: 400;\">, lo cual vulnera diversos preceptos legales:<\/span><\/p><p><b>a) Reglamento (UE) 2016\/679 (RGPD)<\/b><\/p><ul><li style=\"font-weight: 400;\" aria-level=\"1\"><b>Art\u00edculo 5.1.c (Minimizaci\u00f3n de datos)<\/b><span style=\"font-weight: 400;\">: el tratamiento debe ser \u201cadecuado, pertinente y limitado a lo necesario\u201d. La grabaci\u00f3n continua del interior de un alojamiento excede claramente esta limitaci\u00f3n.<\/span><\/li><li style=\"font-weight: 400;\" aria-level=\"1\"><b>Art\u00edculo 6.1 (licitud del tratamiento)<\/b><span style=\"font-weight: 400;\">: no existe base jur\u00eddica v\u00e1lida que legitime la videovigilancia en zonas privadas donde los hu\u00e9spedes disfrutan de su vida personal, \u00edntima y dom\u00e9stica.<\/span><\/li><li style=\"font-weight: 400;\" aria-level=\"1\"><b>Art\u00edculo 7 (consentimiento)<\/b><span style=\"font-weight: 400;\">: el consentimiento de los hu\u00e9spedes no puede considerarse libre ni v\u00e1lido, ya que se produce en un contexto de desequilibrio entre propietario y arrendatario.<\/span><\/li><li style=\"font-weight: 400;\" aria-level=\"1\"><b>Art\u00edculo 9 (categor\u00edas especiales de datos)<\/b><span style=\"font-weight: 400;\">: la videograbaci\u00f3n podr\u00eda captar datos especialmente sensibles (salud, creencias, orientaci\u00f3n sexual\u2026) en espacios donde las personas tienen una expectativa m\u00e1xima de privacidad.<br \/><br \/><\/span><b>b) Ley Org\u00e1nica 3\/2018 (LOPDGDD)<\/b><\/li><\/ul><ul><li style=\"font-weight: 400;\" aria-level=\"1\"><b>Art\u00edculo 22 (Tratamientos con fines de videovigilancia)<\/b><span style=\"font-weight: 400;\">: exige que la videovigilancia se limite a espacios estrictamente necesarios para la finalidad perseguida. El interior de viviendas no se considera un espacio leg\u00edtimo para este tipo de tratamiento.<\/span><\/li><li style=\"font-weight: 400;\" aria-level=\"1\"><span style=\"font-weight: 400;\">La AEPD ha reiterado mediante <\/span><b>resoluciones sancionadoras<\/b><span style=\"font-weight: 400;\"> (por ejemplo, PS\/00477\/2022 y PS\/00003\/2023) que <\/span><b>no es posible instalar c\u00e1maras en el interior de viviendas destinadas al alquiler<\/b><span style=\"font-weight: 400;\">, incluso cuando est\u00e1n apagadas.<br \/><br \/><\/span><b>c) Derechos fundamentales<\/b><\/li><\/ul><ul><li style=\"font-weight: 400;\" aria-level=\"1\"><b>Art\u00edculo 18.1 y 18.4 de la Constituci\u00f3n Espa\u00f1ola<\/b><span style=\"font-weight: 400;\">: protecci\u00f3n a la intimidad personal y familiar y a la protecci\u00f3n de datos.<\/span><\/li><li style=\"font-weight: 400;\" aria-level=\"1\"><span style=\"font-weight: 400;\">La expectativa de privacidad en el interior de una vivienda es absoluta.<br \/><br \/><\/span><\/li><\/ul>\t\t\t\t\t\t\t\t<\/div>\n\t\t\t\t<\/div>\n\t\t\t\t<div class=\"elementor-element elementor-element-887aa99 elementor-widget elementor-widget-heading\" data-id=\"887aa99\" data-element_type=\"widget\" data-e-type=\"widget\" data-widget_type=\"heading.default\">\n\t\t\t\t<div class=\"elementor-widget-container\">\n\t\t\t\t\t<h2 class=\"elementor-heading-title elementor-size-default\">2. \u00c1mbito de la prohibici\u00f3n<\/h2>\t\t\t\t<\/div>\n\t\t\t\t<\/div>\n\t\t\t\t<div class=\"elementor-element elementor-element-64af2ca elementor-widget elementor-widget-text-editor\" data-id=\"64af2ca\" data-element_type=\"widget\" data-e-type=\"widget\" data-widget_type=\"text-editor.default\">\n\t\t\t\t<div class=\"elementor-widget-container\">\n\t\t\t\t\t\t\t\t\t<p><span style=\"font-weight: 400;\">Queda prohibida la instalaci\u00f3n, incluso si est\u00e1n \u201cdesconectadas\u201d, de c\u00e1maras en:<\/span><\/p><ul><li style=\"font-weight: 400;\" aria-level=\"1\"><span style=\"font-weight: 400;\">Salones<\/span><\/li><li style=\"font-weight: 400;\" aria-level=\"1\"><span style=\"font-weight: 400;\">Dormitorios<\/span><\/li><li style=\"font-weight: 400;\" aria-level=\"1\"><span style=\"font-weight: 400;\">Cocinas<\/span><\/li><li style=\"font-weight: 400;\" aria-level=\"1\"><span style=\"font-weight: 400;\">Ba\u00f1os<\/span><\/li><li style=\"font-weight: 400;\" aria-level=\"1\"><span style=\"font-weight: 400;\"><span style=\"font-weight: 400;\">Cualquier otra estancia interior del inmueble<\/span><\/span><p>\u00a0<\/p><\/li><\/ul><p><span style=\"font-weight: 400;\">La simple <\/span><b>presencia f\u00edsica<\/b><span style=\"font-weight: 400;\"> de dispositivos de grabaci\u00f3n ya supone una vulneraci\u00f3n de los derechos de los hu\u00e9spedes, tal como ha declarado la Agencia Espa\u00f1ola de Protecci\u00f3n de Datos.<\/span><\/p>\t\t\t\t\t\t\t\t<\/div>\n\t\t\t\t<\/div>\n\t\t\t\t<div class=\"elementor-element elementor-element-8582633 elementor-widget elementor-widget-heading\" data-id=\"8582633\" data-element_type=\"widget\" data-e-type=\"widget\" data-widget_type=\"heading.default\">\n\t\t\t\t<div class=\"elementor-widget-container\">\n\t\t\t\t\t<h2 class=\"elementor-heading-title elementor-size-default\">3. Consecuencias del incumplimiento\n<\/h2>\t\t\t\t<\/div>\n\t\t\t\t<\/div>\n\t\t\t\t\t<\/div>\n\t\t\t\t<\/div>\n\t\t<div class=\"elementor-element elementor-element-8ceeb4d e-flex e-con-boxed e-con e-parent\" data-id=\"8ceeb4d\" data-element_type=\"container\" data-e-type=\"container\">\n\t\t\t\t\t<div class=\"e-con-inner\">\n\t\t\t\t<div class=\"elementor-element elementor-element-080325d elementor-widget elementor-widget-text-editor\" data-id=\"080325d\" data-element_type=\"widget\" data-e-type=\"widget\" data-widget_type=\"text-editor.default\">\n\t\t\t\t<div class=\"elementor-widget-container\">\n\t\t\t\t\t\t\t\t\t<p><span style=\"font-weight: 400;\">El incumplimiento de esta normativa puede comportar:<\/span><\/p><ul><li style=\"font-weight: 400;\" aria-level=\"1\"><span style=\"font-weight: 400;\">Sanciones administrativas de hasta <\/span><b>20 millones de euros o el 4 % del volumen de negocio anual<\/b><span style=\"font-weight: 400;\"> (art. 83 RGPD).<\/span><\/li><li style=\"font-weight: 400;\" aria-level=\"1\"><span style=\"font-weight: 400;\">Sanciones espec\u00edficas de la LOPDGDD de hasta <\/span><b>300.000 \u20ac<\/b><span style=\"font-weight: 400;\"> para infracciones graves.<\/span><\/li><li style=\"font-weight: 400;\" aria-level=\"1\"><span style=\"font-weight: 400;\">Da\u00f1os reputacionales, reclamaciones civiles y retirada de licencias tur\u00edsticas.<\/span><\/li><\/ul>\t\t\t\t\t\t\t\t<\/div>\n\t\t\t\t<\/div>\n\t\t\t\t<div class=\"elementor-element elementor-element-6b0e4f1 elementor-widget elementor-widget-heading\" data-id=\"6b0e4f1\" data-element_type=\"widget\" data-e-type=\"widget\" data-widget_type=\"heading.default\">\n\t\t\t\t<div class=\"elementor-widget-container\">\n\t\t\t\t\t<h2 class=\"elementor-heading-title elementor-size-default\">4. Informaci\u00f3n y consultas<\/h2>\t\t\t\t<\/div>\n\t\t\t\t<\/div>\n\t\t\t\t<div class=\"elementor-element elementor-element-998ce60 elementor-widget elementor-widget-text-editor\" data-id=\"998ce60\" data-element_type=\"widget\" data-e-type=\"widget\" data-widget_type=\"text-editor.default\">\n\t\t\t\t<div class=\"elementor-widget-container\">\n\t\t\t\t\t\t\t\t\t<p data-start=\"142\" data-end=\"577\">En caso de duda sobre la aplicaci\u00f3n de esta normativa o sobre la instalaci\u00f3n de cualquier sistema de seguridad en su vivienda tur\u00edstica, <strong>le recomendamos consultar previamente con un profesional especializado en protecci\u00f3n de datos o con la Agencia Espa\u00f1ola de Protecci\u00f3n de Datos (AEPD).<\/strong> Es fundamental asegurarse de que cualquier medida adoptada respete plenamente la legislaci\u00f3n vigente y los derechos fundamentales de los hu\u00e9spedes.\u00a0<\/p><p data-start=\"579\" data-end=\"767\">Para cualquier aclaraci\u00f3n adicional, <strong>puede ponerse en contacto con nuestro equipo,<\/strong> que le orientar\u00e1 sobre las opciones legales disponibles en materia de seguridad y cumplimiento normativo.<\/p>\t\t\t\t\t\t\t\t<\/div>\n\t\t\t\t<\/div>\n\t\t\t\t<div class=\"elementor-element elementor-element-5173a58 elementor-align-center elementor-widget elementor-widget-button\" data-id=\"5173a58\" data-element_type=\"widget\" data-e-type=\"widget\" data-widget_type=\"button.default\">\n\t\t\t\t<div class=\"elementor-widget-container\">\n\t\t\t\t\t\t\t\t\t<div class=\"elementor-button-wrapper\">\n\t\t\t\t\t<a class=\"elementor-button elementor-button-link elementor-size-sm elementor-animation-pulse\" href=\"https:\/\/www.cuboshomes.com\/gestion-alquiler-vacacional-malaga\/#formContacto\">\n\t\t\t\t\t\t<span class=\"elementor-button-content-wrapper\">\n\t\t\t\t\t\t\t\t\t<span class=\"elementor-button-text\">Contacta con nosotros<\/span>\n\t\t\t\t\t<\/span>\n\t\t\t\t\t<\/a>\n\t\t\t\t<\/div>\n\t\t\t\t\t\t\t\t<\/div>\n\t\t\t\t<\/div>\n\t\t\t\t<div class=\"elementor-element elementor-element-5478983 elementor-shape-rounded elementor-grid-0 e-grid-align-center elementor-widget elementor-widget-social-icons\" data-id=\"5478983\" data-element_type=\"widget\" data-e-type=\"widget\" data-widget_type=\"social-icons.default\">\n\t\t\t\t<div class=\"elementor-widget-container\">\n\t\t\t\t\t\t\t<div class=\"elementor-social-icons-wrapper elementor-grid\" role=\"list\">\n\t\t\t\t\t\t\t<span class=\"elementor-grid-item\" role=\"listitem\">\n\t\t\t\t\t<a class=\"elementor-icon elementor-social-icon elementor-social-icon-instagram elementor-repeater-item-7984172\" href=\"https:\/\/www.instagram.com\/cuboshomes\/?hl=es\" target=\"_blank\">\n\t\t\t\t\t\t<span class=\"elementor-screen-only\">Instagram<\/span>\n\t\t\t\t\t\t<svg aria-hidden=\"true\" class=\"e-font-icon-svg e-fab-instagram\" viewBox=\"0 0 448 512\" xmlns=\"http:\/\/www.w3.org\/2000\/svg\"><path d=\"M224.1 141c-63.6 0-114.9 51.3-114.9 114.9s51.3 114.9 114.9 114.9S339 319.5 339 255.9 287.7 141 224.1 141zm0 189.6c-41.1 0-74.7-33.5-74.7-74.7s33.5-74.7 74.7-74.7 74.7 33.5 74.7 74.7-33.6 74.7-74.7 74.7zm146.4-194.3c0 14.9-12 26.8-26.8 26.8-14.9 0-26.8-12-26.8-26.8s12-26.8 26.8-26.8 26.8 12 26.8 26.8zm76.1 27.2c-1.7-35.9-9.9-67.7-36.2-93.9-26.2-26.2-58-34.4-93.9-36.2-37-2.1-147.9-2.1-184.9 0-35.8 1.7-67.6 9.9-93.9 36.1s-34.4 58-36.2 93.9c-2.1 37-2.1 147.9 0 184.9 1.7 35.9 9.9 67.7 36.2 93.9s58 34.4 93.9 36.2c37 2.1 147.9 2.1 184.9 0 35.9-1.7 67.7-9.9 93.9-36.2 26.2-26.2 34.4-58 36.2-93.9 2.1-37 2.1-147.8 0-184.8zM398.8 388c-7.8 19.6-22.9 34.7-42.6 42.6-29.5 11.7-99.5 9-132.1 9s-102.7 2.6-132.1-9c-19.6-7.8-34.7-22.9-42.6-42.6-11.7-29.5-9-99.5-9-132.1s-2.6-102.7 9-132.1c7.8-19.6 22.9-34.7 42.6-42.6 29.5-11.7 99.5-9 132.1-9s102.7-2.6 132.1 9c19.6 7.8 34.7 22.9 42.6 42.6 11.7 29.5 9 99.5 9 132.1s2.7 102.7-9 132.1z\"><\/path><\/svg>\t\t\t\t\t<\/a>\n\t\t\t\t<\/span>\n\t\t\t\t\t\t\t<span class=\"elementor-grid-item\" role=\"listitem\">\n\t\t\t\t\t<a class=\"elementor-icon elementor-social-icon elementor-social-icon-facebook elementor-repeater-item-3a59611\" href=\"https:\/\/www.facebook.com\/cuboshomes\/\" target=\"_blank\">\n\t\t\t\t\t\t<span class=\"elementor-screen-only\">Facebook<\/span>\n\t\t\t\t\t\t<svg aria-hidden=\"true\" class=\"e-font-icon-svg e-fab-facebook\" viewBox=\"0 0 512 512\" xmlns=\"http:\/\/www.w3.org\/2000\/svg\"><path d=\"M504 256C504 119 393 8 256 8S8 119 8 256c0 123.78 90.69 226.38 209.25 245V327.69h-63V256h63v-54.64c0-62.15 37-96.48 93.67-96.48 27.14 0 55.52 4.84 55.52 4.84v61h-31.28c-30.8 0-40.41 19.12-40.41 38.73V256h68.78l-11 71.69h-57.78V501C413.31 482.38 504 379.78 504 256z\"><\/path><\/svg>\t\t\t\t\t<\/a>\n\t\t\t\t<\/span>\n\t\t\t\t\t\t\t<span class=\"elementor-grid-item\" role=\"listitem\">\n\t\t\t\t\t<a class=\"elementor-icon elementor-social-icon elementor-social-icon-tiktok elementor-repeater-item-b3ffd54\" href=\"https:\/\/www.tiktok.com\/@cuboshomes?_t=ZN-8uqFRPNfyFy&#038;_r=1\" target=\"_blank\">\n\t\t\t\t\t\t<span class=\"elementor-screen-only\">Tiktok<\/span>\n\t\t\t\t\t\t<svg aria-hidden=\"true\" class=\"e-font-icon-svg e-fab-tiktok\" viewBox=\"0 0 448 512\" xmlns=\"http:\/\/www.w3.org\/2000\/svg\"><path d=\"M448,209.91a210.06,210.06,0,0,1-122.77-39.25V349.38A162.55,162.55,0,1,1,185,188.31V278.2a74.62,74.62,0,1,0,52.23,71.18V0l88,0a121.18,121.18,0,0,0,1.86,22.17h0A122.18,122.18,0,0,0,381,102.39a121.43,121.43,0,0,0,67,20.14Z\"><\/path><\/svg>\t\t\t\t\t<\/a>\n\t\t\t\t<\/span>\n\t\t\t\t\t\t\t<span class=\"elementor-grid-item\" role=\"listitem\">\n\t\t\t\t\t<a class=\"elementor-icon elementor-social-icon elementor-social-icon-youtube elementor-repeater-item-e4bdce2\" href=\"https:\/\/www.youtube.com\/@cubosholidayhomes\" target=\"_blank\">\n\t\t\t\t\t\t<span class=\"elementor-screen-only\">Youtube<\/span>\n\t\t\t\t\t\t<svg aria-hidden=\"true\" class=\"e-font-icon-svg e-fab-youtube\" viewBox=\"0 0 576 512\" xmlns=\"http:\/\/www.w3.org\/2000\/svg\"><path d=\"M549.655 124.083c-6.281-23.65-24.787-42.276-48.284-48.597C458.781 64 288 64 288 64S117.22 64 74.629 75.486c-23.497 6.322-42.003 24.947-48.284 48.597-11.412 42.867-11.412 132.305-11.412 132.305s0 89.438 11.412 132.305c6.281 23.65 24.787 41.5 48.284 47.821C117.22 448 288 448 288 448s170.78 0 213.371-11.486c23.497-6.321 42.003-24.171 48.284-47.821 11.412-42.867 11.412-132.305 11.412-132.305s0-89.438-11.412-132.305zm-317.51 213.508V175.185l142.739 81.205-142.739 81.201z\"><\/path><\/svg>\t\t\t\t\t<\/a>\n\t\t\t\t<\/span>\n\t\t\t\t\t<\/div>\n\t\t\t\t\t\t<\/div>\n\t\t\t\t<\/div>\n\t\t\t\t\t<\/div>\n\t\t\t\t<\/div>\n\t\t\t\t<\/div>\n\t\t","protected":false},"excerpt":{"rendered":"<p>Con el fin de garantizar el cumplimiento de la normativa vigente en materia de protecci\u00f3n de datos personales y de proteger los derechos fundamentales de los hu\u00e9spedes, se le informa de que queda terminantemente prohibida la instalaci\u00f3n de c\u00e1maras de videovigilancia en el interior de las viviendas tur\u00edsticas. La prohibici\u00f3n de c\u00e1maras en el interior [&hellip;]<\/p>\n","protected":false},"author":4,"featured_media":4920,"comment_status":"open","ping_status":"open","sticky":false,"template":"","format":"standard","meta":{"footnotes":""},"categories":[423,491],"tags":[321,545,544],"class_list":["post-4885","post","type-post","status-publish","format-standard","has-post-thumbnail","hentry","category-propietarios","category-reglamentos-y-leyes","tag-propietarios","tag-proteccion-de-datos","tag-reglamentos"],"yoast_head":"<!-- This site is optimized with the Yoast SEO plugin v25.3 - https:\/\/yoast.com\/wordpress\/plugins\/seo\/ -->\n<title>Prohibici\u00f3n de c\u00e1maras en el interior de viviendas tur\u00edsticas: normativa y sanciones<\/title>\n<meta name=\"description\" content=\"Instalar c\u00e1maras en el interior de una vivienda tur\u00edstica est\u00e1 prohibido. Conoce la normativa, fundamentos y sanciones aplicables.\" \/>\n<meta name=\"robots\" content=\"index, follow, max-snippet:-1, max-image-preview:large, max-video-preview:-1\" \/>\n<link rel=\"canonical\" href=\"https:\/\/www.cuboshomes.com\/blog\/prohibicion-camaras-interior-vivienda-turistica\/\" \/>\n<meta property=\"og:locale\" content=\"es_ES\" \/>\n<meta property=\"og:type\" content=\"article\" \/>\n<meta property=\"og:title\" content=\"Prohibici\u00f3n de c\u00e1maras en el interior de viviendas tur\u00edsticas: normativa y sanciones\" \/>\n<meta property=\"og:description\" content=\"Instalar c\u00e1maras en el interior de una vivienda tur\u00edstica est\u00e1 prohibido. Conoce la normativa, fundamentos y sanciones aplicables.\" \/>\n<meta property=\"og:url\" content=\"https:\/\/www.cuboshomes.com\/blog\/prohibicion-camaras-interior-vivienda-turistica\/\" \/>\n<meta property=\"og:site_name\" content=\"Blog Cubo&#039;s Holiday Homes\" \/>\n<meta property=\"article:published_time\" content=\"2026-03-03T09:16:03+00:00\" \/>\n<meta property=\"article:modified_time\" content=\"2026-03-03T10:04:36+00:00\" \/>\n<meta property=\"og:image\" content=\"https:\/\/www.cuboshomes.com\/blog\/wp-content\/uploads\/2026\/03\/portada-camaras.png\" \/>\n\t<meta property=\"og:image:width\" content=\"1920\" \/>\n\t<meta property=\"og:image:height\" content=\"650\" \/>\n\t<meta property=\"og:image:type\" content=\"image\/png\" \/>\n<meta name=\"author\" content=\"cuboshomes\" \/>\n<meta name=\"twitter:card\" content=\"summary_large_image\" \/>\n<meta name=\"twitter:label1\" content=\"Written by\" \/>\n\t<meta name=\"twitter:data1\" content=\"cuboshomes\" \/>\n\t<meta name=\"twitter:label2\" content=\"Est. reading time\" \/>\n\t<meta name=\"twitter:data2\" content=\"3 minutes\" \/>\n<script type=\"application\/ld+json\" class=\"yoast-schema-graph\">{\"@context\":\"https:\/\/schema.org\",\"@graph\":[{\"@type\":\"WebPage\",\"@id\":\"https:\/\/www.cuboshomes.com\/blog\/prohibicion-camaras-interior-vivienda-turistica\/\",\"url\":\"https:\/\/www.cuboshomes.com\/blog\/prohibicion-camaras-interior-vivienda-turistica\/\",\"name\":\"Prohibici\u00f3n de c\u00e1maras en el interior de viviendas tur\u00edsticas: normativa y sanciones\",\"isPartOf\":{\"@id\":\"https:\/\/www.cuboshomes.com\/blog\/#website\"},\"primaryImageOfPage\":{\"@id\":\"https:\/\/www.cuboshomes.com\/blog\/prohibicion-camaras-interior-vivienda-turistica\/#primaryimage\"},\"image\":{\"@id\":\"https:\/\/www.cuboshomes.com\/blog\/prohibicion-camaras-interior-vivienda-turistica\/#primaryimage\"},\"thumbnailUrl\":\"https:\/\/www.cuboshomes.com\/blog\/wp-content\/uploads\/2026\/03\/portada-camaras.png\",\"datePublished\":\"2026-03-03T09:16:03+00:00\",\"dateModified\":\"2026-03-03T10:04:36+00:00\",\"author\":{\"@id\":\"https:\/\/www.cuboshomes.com\/blog\/#\/schema\/person\/07d7351e1490c5ee1bc865d8b7866913\"},\"description\":\"Instalar c\u00e1maras en el interior de una vivienda tur\u00edstica est\u00e1 prohibido. Conoce la normativa, fundamentos y sanciones aplicables.\",\"breadcrumb\":{\"@id\":\"https:\/\/www.cuboshomes.com\/blog\/prohibicion-camaras-interior-vivienda-turistica\/#breadcrumb\"},\"inLanguage\":\"es\",\"potentialAction\":[{\"@type\":\"ReadAction\",\"target\":[\"https:\/\/www.cuboshomes.com\/blog\/prohibicion-camaras-interior-vivienda-turistica\/\"]}]},{\"@type\":\"ImageObject\",\"inLanguage\":\"es\",\"@id\":\"https:\/\/www.cuboshomes.com\/blog\/prohibicion-camaras-interior-vivienda-turistica\/#primaryimage\",\"url\":\"https:\/\/www.cuboshomes.com\/blog\/wp-content\/uploads\/2026\/03\/portada-camaras.png\",\"contentUrl\":\"https:\/\/www.cuboshomes.com\/blog\/wp-content\/uploads\/2026\/03\/portada-camaras.png\",\"width\":1920,\"height\":650},{\"@type\":\"BreadcrumbList\",\"@id\":\"https:\/\/www.cuboshomes.com\/blog\/prohibicion-camaras-interior-vivienda-turistica\/#breadcrumb\",\"itemListElement\":[{\"@type\":\"ListItem\",\"position\":1,\"name\":\"Portada\",\"item\":\"https:\/\/www.cuboshomes.com\/blog\/\"},{\"@type\":\"ListItem\",\"position\":2,\"name\":\"Prohibici\u00f3n de instalar c\u00e1maras de videovigilancia en el interior de los alojamientos\"}]},{\"@type\":\"WebSite\",\"@id\":\"https:\/\/www.cuboshomes.com\/blog\/#website\",\"url\":\"https:\/\/www.cuboshomes.com\/blog\/\",\"name\":\"Blog Cubo&#039;s Holiday Homes\",\"description\":\"\",\"potentialAction\":[{\"@type\":\"SearchAction\",\"target\":{\"@type\":\"EntryPoint\",\"urlTemplate\":\"https:\/\/www.cuboshomes.com\/blog\/?s={search_term_string}\"},\"query-input\":{\"@type\":\"PropertyValueSpecification\",\"valueRequired\":true,\"valueName\":\"search_term_string\"}}],\"inLanguage\":\"es\"},{\"@type\":\"Person\",\"@id\":\"https:\/\/www.cuboshomes.com\/blog\/#\/schema\/person\/07d7351e1490c5ee1bc865d8b7866913\",\"name\":\"cuboshomes\",\"image\":{\"@type\":\"ImageObject\",\"inLanguage\":\"es\",\"@id\":\"https:\/\/www.cuboshomes.com\/blog\/#\/schema\/person\/image\/\",\"url\":\"https:\/\/secure.gravatar.com\/avatar\/7a5399cfe1894289644dcbec0fce9dc7?s=96&d=mm&r=g\",\"contentUrl\":\"https:\/\/secure.gravatar.com\/avatar\/7a5399cfe1894289644dcbec0fce9dc7?s=96&d=mm&r=g\",\"caption\":\"cuboshomes\"}}]}<\/script>\n<!-- \/ Yoast SEO plugin. -->","yoast_head_json":{"title":"Prohibici\u00f3n de c\u00e1maras en el interior de viviendas tur\u00edsticas: normativa y sanciones","description":"Instalar c\u00e1maras en el interior de una vivienda tur\u00edstica est\u00e1 prohibido. Conoce la normativa, fundamentos y sanciones aplicables.","robots":{"index":"index","follow":"follow","max-snippet":"max-snippet:-1","max-image-preview":"max-image-preview:large","max-video-preview":"max-video-preview:-1"},"canonical":"https:\/\/www.cuboshomes.com\/blog\/prohibicion-camaras-interior-vivienda-turistica\/","og_locale":"es_ES","og_type":"article","og_title":"Prohibici\u00f3n de c\u00e1maras en el interior de viviendas tur\u00edsticas: normativa y sanciones","og_description":"Instalar c\u00e1maras en el interior de una vivienda tur\u00edstica est\u00e1 prohibido. Conoce la normativa, fundamentos y sanciones aplicables.","og_url":"https:\/\/www.cuboshomes.com\/blog\/prohibicion-camaras-interior-vivienda-turistica\/","og_site_name":"Blog Cubo&#039;s Holiday Homes","article_published_time":"2026-03-03T09:16:03+00:00","article_modified_time":"2026-03-03T10:04:36+00:00","og_image":[{"width":1920,"height":650,"url":"https:\/\/www.cuboshomes.com\/blog\/wp-content\/uploads\/2026\/03\/portada-camaras.png","type":"image\/png"}],"author":"cuboshomes","twitter_card":"summary_large_image","twitter_misc":{"Written by":"cuboshomes","Est. reading time":"3 minutes"},"schema":{"@context":"https:\/\/schema.org","@graph":[{"@type":"WebPage","@id":"https:\/\/www.cuboshomes.com\/blog\/prohibicion-camaras-interior-vivienda-turistica\/","url":"https:\/\/www.cuboshomes.com\/blog\/prohibicion-camaras-interior-vivienda-turistica\/","name":"Prohibici\u00f3n de c\u00e1maras en el interior de viviendas tur\u00edsticas: normativa y sanciones","isPartOf":{"@id":"https:\/\/www.cuboshomes.com\/blog\/#website"},"primaryImageOfPage":{"@id":"https:\/\/www.cuboshomes.com\/blog\/prohibicion-camaras-interior-vivienda-turistica\/#primaryimage"},"image":{"@id":"https:\/\/www.cuboshomes.com\/blog\/prohibicion-camaras-interior-vivienda-turistica\/#primaryimage"},"thumbnailUrl":"https:\/\/www.cuboshomes.com\/blog\/wp-content\/uploads\/2026\/03\/portada-camaras.png","datePublished":"2026-03-03T09:16:03+00:00","dateModified":"2026-03-03T10:04:36+00:00","author":{"@id":"https:\/\/www.cuboshomes.com\/blog\/#\/schema\/person\/07d7351e1490c5ee1bc865d8b7866913"},"description":"Instalar c\u00e1maras en el interior de una vivienda tur\u00edstica est\u00e1 prohibido. Conoce la normativa, fundamentos y sanciones aplicables.","breadcrumb":{"@id":"https:\/\/www.cuboshomes.com\/blog\/prohibicion-camaras-interior-vivienda-turistica\/#breadcrumb"},"inLanguage":"es","potentialAction":[{"@type":"ReadAction","target":["https:\/\/www.cuboshomes.com\/blog\/prohibicion-camaras-interior-vivienda-turistica\/"]}]},{"@type":"ImageObject","inLanguage":"es","@id":"https:\/\/www.cuboshomes.com\/blog\/prohibicion-camaras-interior-vivienda-turistica\/#primaryimage","url":"https:\/\/www.cuboshomes.com\/blog\/wp-content\/uploads\/2026\/03\/portada-camaras.png","contentUrl":"https:\/\/www.cuboshomes.com\/blog\/wp-content\/uploads\/2026\/03\/portada-camaras.png","width":1920,"height":650},{"@type":"BreadcrumbList","@id":"https:\/\/www.cuboshomes.com\/blog\/prohibicion-camaras-interior-vivienda-turistica\/#breadcrumb","itemListElement":[{"@type":"ListItem","position":1,"name":"Portada","item":"https:\/\/www.cuboshomes.com\/blog\/"},{"@type":"ListItem","position":2,"name":"Prohibici\u00f3n de instalar c\u00e1maras de videovigilancia en el interior de los alojamientos"}]},{"@type":"WebSite","@id":"https:\/\/www.cuboshomes.com\/blog\/#website","url":"https:\/\/www.cuboshomes.com\/blog\/","name":"Blog Cubo&#039;s Holiday Homes","description":"","potentialAction":[{"@type":"SearchAction","target":{"@type":"EntryPoint","urlTemplate":"https:\/\/www.cuboshomes.com\/blog\/?s={search_term_string}"},"query-input":{"@type":"PropertyValueSpecification","valueRequired":true,"valueName":"search_term_string"}}],"inLanguage":"es"},{"@type":"Person","@id":"https:\/\/www.cuboshomes.com\/blog\/#\/schema\/person\/07d7351e1490c5ee1bc865d8b7866913","name":"cuboshomes","image":{"@type":"ImageObject","inLanguage":"es","@id":"https:\/\/www.cuboshomes.com\/blog\/#\/schema\/person\/image\/","url":"https:\/\/secure.gravatar.com\/avatar\/7a5399cfe1894289644dcbec0fce9dc7?s=96&d=mm&r=g","contentUrl":"https:\/\/secure.gravatar.com\/avatar\/7a5399cfe1894289644dcbec0fce9dc7?s=96&d=mm&r=g","caption":"cuboshomes"}}]}},"_links":{"self":[{"href":"https:\/\/www.cuboshomes.com\/blog\/wp-json\/wp\/v2\/posts\/4885","targetHints":{"allow":["GET"]}}],"collection":[{"href":"https:\/\/www.cuboshomes.com\/blog\/wp-json\/wp\/v2\/posts"}],"about":[{"href":"https:\/\/www.cuboshomes.com\/blog\/wp-json\/wp\/v2\/types\/post"}],"author":[{"embeddable":true,"href":"https:\/\/www.cuboshomes.com\/blog\/wp-json\/wp\/v2\/users\/4"}],"replies":[{"embeddable":true,"href":"https:\/\/www.cuboshomes.com\/blog\/wp-json\/wp\/v2\/comments?post=4885"}],"version-history":[{"count":13,"href":"https:\/\/www.cuboshomes.com\/blog\/wp-json\/wp\/v2\/posts\/4885\/revisions"}],"predecessor-version":[{"id":4926,"href":"https:\/\/www.cuboshomes.com\/blog\/wp-json\/wp\/v2\/posts\/4885\/revisions\/4926"}],"wp:featuredmedia":[{"embeddable":true,"href":"https:\/\/www.cuboshomes.com\/blog\/wp-json\/wp\/v2\/media\/4920"}],"wp:attachment":[{"href":"https:\/\/www.cuboshomes.com\/blog\/wp-json\/wp\/v2\/media?parent=4885"}],"wp:term":[{"taxonomy":"category","embeddable":true,"href":"https:\/\/www.cuboshomes.com\/blog\/wp-json\/wp\/v2\/categories?post=4885"},{"taxonomy":"post_tag","embeddable":true,"href":"https:\/\/www.cuboshomes.com\/blog\/wp-json\/wp\/v2\/tags?post=4885"}],"curies":[{"name":"wp","href":"https:\/\/api.w.org\/{rel}","templated":true}]}}