{"id":4582,"date":"2026-01-23T11:55:13","date_gmt":"2026-01-23T11:55:13","guid":{"rendered":"https:\/\/www.cuboshomes.com\/blog\/?p=4582"},"modified":"2026-01-23T12:16:48","modified_gmt":"2026-01-23T12:16:48","slug":"carnaval-malaga-2026","status":"publish","type":"post","link":"https:\/\/www.cuboshomes.com\/blog\/carnaval-malaga-2026\/","title":{"rendered":"Carnaval M\u00e1laga 2026: gu\u00eda completa para toda la provincia \ud83c\udfad"},"content":{"rendered":"\t\t<div data-elementor-type=\"wp-post\" data-elementor-id=\"4582\" class=\"elementor elementor-4582\" data-elementor-post-type=\"post\">\n\t\t\t\t<div class=\"elementor-element elementor-element-ba28177 e-flex e-con-boxed e-con e-parent\" data-id=\"ba28177\" data-element_type=\"container\" data-e-type=\"container\">\n\t\t\t\t\t<div class=\"e-con-inner\">\n\t\t\t\t<div class=\"elementor-element elementor-element-42b4580 elementor-widget elementor-widget-heading\" data-id=\"42b4580\" data-element_type=\"widget\" data-e-type=\"widget\" data-widget_type=\"heading.default\">\n\t\t\t\t<div class=\"elementor-widget-container\">\n\t\t\t\t\t<h2 class=\"elementor-heading-title elementor-size-default\">Carnaval M\u00e1laga 2026: gu\u00eda completa para toda la provincia<\/h2>\t\t\t\t<\/div>\n\t\t\t\t<\/div>\n\t\t\t\t<div class=\"elementor-element elementor-element-6742a15 elementor-widget elementor-widget-text-editor\" data-id=\"6742a15\" data-element_type=\"widget\" data-e-type=\"widget\" data-widget_type=\"text-editor.default\">\n\t\t\t\t<div class=\"elementor-widget-container\">\n\t\t\t\t\t\t\t\t\t<p><span style=\"font-weight: 400;\">El <\/span><b>Carnaval M\u00e1laga 2026<\/b><span style=\"font-weight: 400;\"> se celebrar\u00e1 del <\/span><b>7 al 15 de febrero<\/b><span style=\"font-weight: 400;\"> y llenar\u00e1 la capital y numerosos municipios de la provincia con desfiles, concursos, disfraces, m\u00fasica y gastronom\u00eda t\u00edpica. Esta gu\u00eda re\u00fane las fechas clave, actividades confirmadas y los lugares m\u00e1s destacados para disfrutar del carnaval en M\u00e1laga durante este 2026.<\/span><\/p><p><span style=\"font-weight: 400;\">Adem\u00e1s de la capital, ciudades como Torremolinos, Benalm\u00e1dena, Fuengirola, V\u00e9lez-M\u00e1laga o Marbella tambi\u00e9n <\/span><b>celebran su propio carnaval<\/b><span style=\"font-weight: 400;\">, lo que permite planificar escapadas tem\u00e1ticas a lo largo de la provincia y visitar lugares menos masificados en febrero.<\/span><\/p><p>La fase preliminar del COAC (<b>Concurso Oficial de Agrupaciones de Canto<\/b>) se desarrollar\u00e1 entre el 23 y el 30 de enero, en la Escuela Superior de Arte Dram\u00e1tico (ESAD). Las <b>semifinales<\/b> del <b>1 al 4 de febrero<\/b> en el Teatro Cervantes. Por \u00faltimo,\u00a0<b>la gran final<\/b> est\u00e1 prevista para el <b>viernes 6 de febrero<\/b>. Una vez que el concurso haya finalizado, al d\u00eda siguiente, comenzar\u00e1 la fiesta en las calles del centro y de algunos barrios de la ciudad. A continuaci\u00f3n, tienes las<b> fechas y eventos m\u00e1s importantes.<\/b><\/p>\t\t\t\t\t\t\t\t<\/div>\n\t\t\t\t<\/div>\n\t\t\t\t\t<\/div>\n\t\t\t\t<\/div>\n\t\t<div class=\"elementor-element elementor-element-9186e0f e-flex e-con-boxed e-con e-parent\" data-id=\"9186e0f\" data-element_type=\"container\" data-e-type=\"container\">\n\t\t\t\t\t<div class=\"e-con-inner\">\n\t\t\t\t<div class=\"elementor-element elementor-element-977474c elementor-widget elementor-widget-heading\" data-id=\"977474c\" data-element_type=\"widget\" data-e-type=\"widget\" data-widget_type=\"heading.default\">\n\t\t\t\t<div class=\"elementor-widget-container\">\n\t\t\t\t\t<h2 class=\"elementor-heading-title elementor-size-default\">\ud83d\udcc5 Fechas clave del Carnaval M\u00e1laga 2026<\/h2>\t\t\t\t<\/div>\n\t\t\t\t<\/div>\n\t\t\t\t<div class=\"elementor-element elementor-element-083d868 elementor-widget elementor-widget-text-editor\" data-id=\"083d868\" data-element_type=\"widget\" data-e-type=\"widget\" data-widget_type=\"text-editor.default\">\n\t\t\t\t<div class=\"elementor-widget-container\">\n\t\t\t\t\t\t\t\t\t<p><span style=\"font-weight: 400;\">\ud83d\udccd <\/span><b>1\u20134 febrero \u2192<\/b><span style=\"font-weight: 400;\"> semifinales COAC en Teatro Cervantes.<\/span><\/p><p><span style=\"font-weight: 400;\">\u00a0\ud83d\udccd <\/span><b>6 febrero \u2192<\/b><span style=\"font-weight: 400;\"> final COAC en Teatro Cervantes.<\/span><\/p><p><span style=\"font-weight: 400;\">\u00a0\ud83d\udccd <\/span><b>7 febrero \u2192<\/b><span style=\"font-weight: 400;\"> Preg\u00f3n, elecci\u00f3n del Dios y la Diosa del Carnaval y carnaval en la calle.\u00a0<\/span><\/p><p><span style=\"font-weight: 400;\">\u00a0\ud83d\udccd <\/span><b>8 febrero \u2192<\/b><span style=\"font-weight: 400;\"> Cabalgata y concurso infantil.<\/span><\/p><p><span style=\"font-weight: 400;\">\u00a0\ud83d\udccd <\/span><b>12 febrero \u2192 <\/b><span style=\"font-weight: 400;\">Final en la Plaza de la Constituci\u00f3n.<\/span><span style=\"font-weight: 400;\"><br \/><\/span><span style=\"font-weight: 400;\"><br \/><\/span><span style=\"font-weight: 400;\"> \ud83d\udccd <\/span><b>13\u201314 febrero \u2192 <\/b><span style=\"font-weight: 400;\">Gala Drag y Batalla de las Flores.<\/span><span style=\"font-weight: 400;\"><br \/><\/span><span style=\"font-weight: 400;\"><br \/><\/span><span style=\"font-weight: 400;\"> \ud83d\udccd <\/span><b>15 febrero \u2192 <\/b><span style=\"font-weight: 400;\">Gran Boqueron\u00e1 y Entierro del Boquer\u00f3n.<\/span><\/p>\t\t\t\t\t\t\t\t<\/div>\n\t\t\t\t<\/div>\n\t\t\t\t\t<\/div>\n\t\t\t\t<\/div>\n\t\t<div class=\"elementor-element elementor-element-70a6274 e-flex e-con-boxed e-con e-parent\" data-id=\"70a6274\" data-element_type=\"container\" data-e-type=\"container\">\n\t\t\t\t\t<div class=\"e-con-inner\">\n\t\t\t\t<div class=\"elementor-element elementor-element-00fa22f elementor-widget elementor-widget-heading\" data-id=\"00fa22f\" data-element_type=\"widget\" data-e-type=\"widget\" data-widget_type=\"heading.default\">\n\t\t\t\t<div class=\"elementor-widget-container\">\n\t\t\t\t\t<h2 class=\"elementor-heading-title elementor-size-default\">\ud83c\udfad Carnaval de M\u00e1laga: programa y eventos destacados<\/h2>\t\t\t\t<\/div>\n\t\t\t\t<\/div>\n\t\t\t\t<div class=\"elementor-element elementor-element-a15dfa6 elementor-widget elementor-widget-text-editor\" data-id=\"a15dfa6\" data-element_type=\"widget\" data-e-type=\"widget\" data-widget_type=\"text-editor.default\">\n\t\t\t\t<div class=\"elementor-widget-container\">\n\t\t\t\t\t\t\t\t\t<p><span style=\"font-weight: 400;\">M\u00e1laga capital concentra la programaci\u00f3n m\u00e1s extensa. La mayor parte de las actividades son <\/span><b>gratuitas<\/b><span style=\"font-weight: 400;\"> y tienen lugar en la <\/span><b>Plaza de la Constituci\u00f3n<\/b><span style=\"font-weight: 400;\">, <\/span><b>Calle Larios<\/b><span style=\"font-weight: 400;\">, <\/span><b>Teatro Cervantes<\/b><span style=\"font-weight: 400;\"> y barrios como El Palo, El Perchel o Palma-Palmilla.<\/span><\/p><p><span style=\"font-weight: 400;\">A continuaci\u00f3n, los actos m\u00e1s conocidos del Carnaval en M\u00e1laga:<\/span><\/p><p><b>\ud83c\udfa4 Preg\u00f3n oficial:<\/b><span style=\"font-weight: 400;\"> marca el inicio del carnaval en la Plaza de la Constituci\u00f3n.<\/span><\/p><p><b>\ud83d\udc51 Elecci\u00f3n del Dios y la Diosa del Carnaval: <\/b><span style=\"font-weight: 400;\">evento simb\u00f3lico y muy seguido por los malague\u00f1os.<\/span><\/p><p><span style=\"font-weight: 400;\">\ud83c\udfba\u00a0 <\/span><b>Cabalgata y concursos de disfraces: <\/b><span style=\"font-weight: 400;\">desfiles que llenan el centro hist\u00f3rico de color y actuaciones en directo.<\/span><\/p><p><b>\ud83c\udf08\u00a0 Gala Drag: <\/b><span style=\"font-weight: 400;\">uno de los espect\u00e1culos m\u00e1s llamativos y concurridos del carnaval.<\/span><\/p><p><b>\ud83c\udf38\u00a0 Batalla de Flores: <\/b><span style=\"font-weight: 400;\">batalla de confeti y floral que se celebra principalmente en <\/span><b>Calle Larios<\/b><span style=\"font-weight: 400;\">.<\/span><\/p><p><b>\ud83d\udc1f\u00a0 Gran Boqueron\u00e1 y Entierro del Boquer\u00f3n: <\/b><span style=\"font-weight: 400;\">cartuchos de boquerones para todos y el cierre tradicional en la <\/span><b>Playa de La Malagueta<\/b><span style=\"font-weight: 400;\"> con el desfile y el entierro del boquer\u00f3n.<\/span><\/p><p><span style=\"font-weight: 400;\">Por \u00faltimo, la combinaci\u00f3n de actos diurnos y nocturnos permite disfrutar del Carnaval M\u00e1laga 2026 adapt\u00e1ndose a cualquier tipo de viajero: familias, parejas o grupos de amigos.<\/span><\/p>\t\t\t\t\t\t\t\t<\/div>\n\t\t\t\t<\/div>\n\t\t\t\t<div class=\"elementor-element elementor-element-a0545b1 elementor-arrows-position-inside elementor-pagination-position-outside elementor-widget elementor-widget-image-carousel\" data-id=\"a0545b1\" data-element_type=\"widget\" data-e-type=\"widget\" data-settings=\"{&quot;navigation&quot;:&quot;both&quot;,&quot;autoplay&quot;:&quot;yes&quot;,&quot;pause_on_hover&quot;:&quot;yes&quot;,&quot;pause_on_interaction&quot;:&quot;yes&quot;,&quot;autoplay_speed&quot;:5000,&quot;infinite&quot;:&quot;yes&quot;,&quot;speed&quot;:500}\" data-widget_type=\"image-carousel.default\">\n\t\t\t\t<div class=\"elementor-widget-container\">\n\t\t\t\t\t\t\t<div class=\"elementor-image-carousel-wrapper swiper\" role=\"region\" aria-roledescription=\"carousel\" aria-label=\"Image Carousel\" dir=\"ltr\">\n\t\t\t<div class=\"elementor-image-carousel swiper-wrapper\" aria-live=\"off\">\n\t\t\t\t\t\t\t\t<div class=\"swiper-slide\" role=\"group\" aria-roledescription=\"slide\" aria-label=\"1 of 4\"><figure class=\"swiper-slide-inner\"><img decoding=\"async\" class=\"swiper-slide-image\" src=\"https:\/\/www.cuboshomes.com\/blog\/wp-content\/uploads\/2026\/01\/entierro-boqueron-19-768x512.webp\" alt=\"entierro-boqueron (19)\" \/><\/figure><\/div><div class=\"swiper-slide\" role=\"group\" aria-roledescription=\"slide\" aria-label=\"2 of 4\"><figure class=\"swiper-slide-inner\"><img decoding=\"async\" class=\"swiper-slide-image\" src=\"https:\/\/www.cuboshomes.com\/blog\/wp-content\/uploads\/2026\/01\/Untitled-1-768x512.png\" alt=\"Untitled-1\" \/><\/figure><\/div><div class=\"swiper-slide\" role=\"group\" aria-roledescription=\"slide\" aria-label=\"3 of 4\"><figure class=\"swiper-slide-inner\"><img decoding=\"async\" class=\"swiper-slide-image\" src=\"https:\/\/www.cuboshomes.com\/blog\/wp-content\/uploads\/2026\/01\/Untitled-2-768x512.png\" alt=\"Untitled-2\" \/><\/figure><\/div><div class=\"swiper-slide\" role=\"group\" aria-roledescription=\"slide\" aria-label=\"4 of 4\"><figure class=\"swiper-slide-inner\"><img decoding=\"async\" class=\"swiper-slide-image\" src=\"https:\/\/www.cuboshomes.com\/blog\/wp-content\/uploads\/2026\/01\/afb4a6f6-1910-4738-876a-ae7ecba124d0_source-aspect-ratio_default_0-768x512.jpg\" alt=\"afb4a6f6-1910-4738-876a-ae7ecba124d0_source-aspect-ratio_default_0\" \/><\/figure><\/div>\t\t\t<\/div>\n\t\t\t\t\t\t\t\t\t\t\t\t<div class=\"elementor-swiper-button elementor-swiper-button-prev\" role=\"button\" tabindex=\"0\">\n\t\t\t\t\t\t<svg aria-hidden=\"true\" class=\"e-font-icon-svg e-eicon-chevron-left\" viewBox=\"0 0 1000 1000\" xmlns=\"http:\/\/www.w3.org\/2000\/svg\"><path d=\"M646 125C629 125 613 133 604 142L308 442C296 454 292 471 292 487 292 504 296 521 308 533L604 854C617 867 629 875 646 875 663 875 679 871 692 858 704 846 713 829 713 812 713 796 708 779 692 767L438 487 692 225C700 217 708 204 708 187 708 171 704 154 692 142 675 129 663 125 646 125Z\"><\/path><\/svg>\t\t\t\t\t<\/div>\n\t\t\t\t\t<div class=\"elementor-swiper-button elementor-swiper-button-next\" role=\"button\" tabindex=\"0\">\n\t\t\t\t\t\t<svg aria-hidden=\"true\" class=\"e-font-icon-svg e-eicon-chevron-right\" viewBox=\"0 0 1000 1000\" xmlns=\"http:\/\/www.w3.org\/2000\/svg\"><path d=\"M696 533C708 521 713 504 713 487 713 471 708 454 696 446L400 146C388 133 375 125 354 125 338 125 325 129 313 142 300 154 292 171 292 187 292 204 296 221 308 233L563 492 304 771C292 783 288 800 288 817 288 833 296 850 308 863 321 871 338 875 354 875 371 875 388 867 400 854L696 533Z\"><\/path><\/svg>\t\t\t\t\t<\/div>\n\t\t\t\t\n\t\t\t\t\t\t\t\t\t<div class=\"swiper-pagination\"><\/div>\n\t\t\t\t\t\t\t\t\t<\/div>\n\t\t\t\t\t\t<\/div>\n\t\t\t\t<\/div>\n\t\t<div class=\"elementor-element elementor-element-04cd77b e-con-full e-flex e-con e-child\" data-id=\"04cd77b\" data-element_type=\"container\" data-e-type=\"container\">\n\t\t\t\t<div class=\"elementor-element elementor-element-a0a84a1 elementor-widget elementor-widget-heading\" data-id=\"a0a84a1\" data-element_type=\"widget\" data-e-type=\"widget\" data-widget_type=\"heading.default\">\n\t\t\t\t<div class=\"elementor-widget-container\">\n\t\t\t\t\t<h2 class=\"elementor-heading-title elementor-size-default\">\ud83c\udf0d Carnaval en municipios de la provincia<\/h2>\t\t\t\t<\/div>\n\t\t\t\t<\/div>\n\t\t\t\t<div class=\"elementor-element elementor-element-27b19c2 elementor-widget elementor-widget-text-editor\" data-id=\"27b19c2\" data-element_type=\"widget\" data-e-type=\"widget\" data-widget_type=\"text-editor.default\">\n\t\t\t\t<div class=\"elementor-widget-container\">\n\t\t\t\t\t\t\t\t\t<p><span style=\"font-weight: 400;\">Adem\u00e1s de la capital, otros municipios tambi\u00e9n celebran su carnaval con pasacalles, concursos y actividades para familias.<\/span><\/p>\t\t\t\t\t\t\t\t<\/div>\n\t\t\t\t<\/div>\n\t\t\t\t<div class=\"elementor-element elementor-element-58a12c7 elementor-widget elementor-widget-heading\" data-id=\"58a12c7\" data-element_type=\"widget\" data-e-type=\"widget\" data-widget_type=\"heading.default\">\n\t\t\t\t<div class=\"elementor-widget-container\">\n\t\t\t\t\t<h2 class=\"elementor-heading-title elementor-size-default\">\ud83e\udd41 Torremolinos<\/h2>\t\t\t\t<\/div>\n\t\t\t\t<\/div>\n\t\t\t\t<div class=\"elementor-element elementor-element-8376dbf elementor-widget elementor-widget-text-editor\" data-id=\"8376dbf\" data-element_type=\"widget\" data-e-type=\"widget\" data-widget_type=\"text-editor.default\">\n\t\t\t\t<div class=\"elementor-widget-container\">\n\t\t\t\t\t\t\t\t\t<p>En Torremolinos el carnaval\u00a0 se vive con intensidad, buen ambiente y participaci\u00f3n masiva de los vecinos del municipio. Hay<b> numerosas actividades <\/b>como certamen de Chirigotas, desfine de carnaval en La Carihuela, Concurso infantil de disfraces y el Gran baile de carnaval en el Palacio de Congresos y Exposiciones. Adem\u00e1s, la<b> Gala Drag Queen<\/b>, un referente en el mundo LGTBIQ+, se celebrar\u00e1 el<b> 21 de febrero<\/b>. Para concluir, el tradicional Entierro de la Sardina, celebrado junto al barrio de San Miguel.\u00a0<\/p>\t\t\t\t\t\t\t\t<\/div>\n\t\t\t\t<\/div>\n\t\t\t\t<div class=\"elementor-element elementor-element-e172d9e elementor-arrows-position-inside elementor-pagination-position-outside elementor-widget elementor-widget-image-carousel\" data-id=\"e172d9e\" data-element_type=\"widget\" data-e-type=\"widget\" data-settings=\"{&quot;navigation&quot;:&quot;both&quot;,&quot;autoplay&quot;:&quot;yes&quot;,&quot;pause_on_hover&quot;:&quot;yes&quot;,&quot;pause_on_interaction&quot;:&quot;yes&quot;,&quot;autoplay_speed&quot;:5000,&quot;infinite&quot;:&quot;yes&quot;,&quot;speed&quot;:500}\" data-widget_type=\"image-carousel.default\">\n\t\t\t\t<div class=\"elementor-widget-container\">\n\t\t\t\t\t\t\t<div class=\"elementor-image-carousel-wrapper swiper\" role=\"region\" aria-roledescription=\"carousel\" aria-label=\"Image Carousel\" dir=\"ltr\">\n\t\t\t<div class=\"elementor-image-carousel swiper-wrapper\" aria-live=\"off\">\n\t\t\t\t\t\t\t\t<div class=\"swiper-slide\" role=\"group\" aria-roledescription=\"slide\" aria-label=\"1 of 4\"><figure class=\"swiper-slide-inner\"><img decoding=\"async\" class=\"swiper-slide-image\" src=\"https:\/\/www.cuboshomes.com\/blog\/wp-content\/uploads\/2026\/01\/torremol-768x432.webp\" alt=\"torremol\" \/><\/figure><\/div><div class=\"swiper-slide\" role=\"group\" aria-roledescription=\"slide\" aria-label=\"2 of 4\"><figure class=\"swiper-slide-inner\"><img decoding=\"async\" class=\"swiper-slide-image\" src=\"https:\/\/www.cuboshomes.com\/blog\/wp-content\/uploads\/2026\/01\/torremol2.jpg\" alt=\"torremol2\" \/><\/figure><\/div><div class=\"swiper-slide\" role=\"group\" aria-roledescription=\"slide\" aria-label=\"3 of 4\"><figure class=\"swiper-slide-inner\"><img decoding=\"async\" class=\"swiper-slide-image\" src=\"https:\/\/www.cuboshomes.com\/blog\/wp-content\/uploads\/2026\/01\/torremol5-768x432.png\" alt=\"torremol5\" \/><\/figure><\/div><div class=\"swiper-slide\" role=\"group\" aria-roledescription=\"slide\" aria-label=\"4 of 4\"><figure class=\"swiper-slide-inner\"><img decoding=\"async\" class=\"swiper-slide-image\" src=\"https:\/\/www.cuboshomes.com\/blog\/wp-content\/uploads\/2026\/01\/torremol6-768x432.png\" alt=\"torremol6\" \/><\/figure><\/div>\t\t\t<\/div>\n\t\t\t\t\t\t\t\t\t\t\t\t<div class=\"elementor-swiper-button elementor-swiper-button-prev\" role=\"button\" tabindex=\"0\">\n\t\t\t\t\t\t<svg aria-hidden=\"true\" class=\"e-font-icon-svg e-eicon-chevron-left\" viewBox=\"0 0 1000 1000\" xmlns=\"http:\/\/www.w3.org\/2000\/svg\"><path d=\"M646 125C629 125 613 133 604 142L308 442C296 454 292 471 292 487 292 504 296 521 308 533L604 854C617 867 629 875 646 875 663 875 679 871 692 858 704 846 713 829 713 812 713 796 708 779 692 767L438 487 692 225C700 217 708 204 708 187 708 171 704 154 692 142 675 129 663 125 646 125Z\"><\/path><\/svg>\t\t\t\t\t<\/div>\n\t\t\t\t\t<div class=\"elementor-swiper-button elementor-swiper-button-next\" role=\"button\" tabindex=\"0\">\n\t\t\t\t\t\t<svg aria-hidden=\"true\" class=\"e-font-icon-svg e-eicon-chevron-right\" viewBox=\"0 0 1000 1000\" xmlns=\"http:\/\/www.w3.org\/2000\/svg\"><path d=\"M696 533C708 521 713 504 713 487 713 471 708 454 696 446L400 146C388 133 375 125 354 125 338 125 325 129 313 142 300 154 292 171 292 187 292 204 296 221 308 233L563 492 304 771C292 783 288 800 288 817 288 833 296 850 308 863 321 871 338 875 354 875 371 875 388 867 400 854L696 533Z\"><\/path><\/svg>\t\t\t\t\t<\/div>\n\t\t\t\t\n\t\t\t\t\t\t\t\t\t<div class=\"swiper-pagination\"><\/div>\n\t\t\t\t\t\t\t\t\t<\/div>\n\t\t\t\t\t\t<\/div>\n\t\t\t\t<\/div>\n\t\t\t\t<div class=\"elementor-element elementor-element-ecdae66 elementor-widget elementor-widget-heading\" data-id=\"ecdae66\" data-element_type=\"widget\" data-e-type=\"widget\" data-widget_type=\"heading.default\">\n\t\t\t\t<div class=\"elementor-widget-container\">\n\t\t\t\t\t<h2 class=\"elementor-heading-title elementor-size-default\">\ud83c\udfb7 Benalm\u00e1dena<\/h2>\t\t\t\t<\/div>\n\t\t\t\t<\/div>\n\t\t\t\t<div class=\"elementor-element elementor-element-405be05 elementor-widget elementor-widget-text-editor\" data-id=\"405be05\" data-element_type=\"widget\" data-e-type=\"widget\" data-widget_type=\"text-editor.default\">\n\t\t\t\t<div class=\"elementor-widget-container\">\n\t\t\t\t\t\t\t\t\t<p>El Carnaval de Benalm\u00e1dena se reparte entre <strong data-start=\"1152\" data-end=\"1173\">Arroyo de la Miel<\/strong>, <strong data-start=\"1175\" data-end=\"1197\">Benalm\u00e1dena Pueblo<\/strong> y el <strong data-start=\"1203\" data-end=\"1223\">Puerto Deportivo<\/strong>. Lo m\u00e1s llamativo son sus <strong data-start=\"1250\" data-end=\"1263\">batucadas<\/strong>, los <strong data-start=\"1269\" data-end=\"1296\">pasacalles con carrozas<\/strong>, el <strong data-start=\"1301\" data-end=\"1329\">certamen de agrupaciones<\/strong> y las <strong data-start=\"1336\" data-end=\"1358\">fiestas infantiles<\/strong> en plazas y parques. Adem\u00e1s, en el Puerto se celebran <strong data-start=\"1405\" data-end=\"1422\">actos diurnos<\/strong>, acompa\u00f1ados de baile y comparsas. Por lo tanto, es un destino ideal para quienes buscan un Carnaval junto al mar. Por \u00faltimo, para disfrutar del Carnaval de Benalm\u00e1dena a\u00fan no hay fechas oficiales pero se celebrar\u00e1 a<b> mediados y finales de febrero<\/b>.\u00a0<\/p>\t\t\t\t\t\t\t\t<\/div>\n\t\t\t\t<\/div>\n\t\t\t\t<div class=\"elementor-element elementor-element-b2b7a23 elementor-widget elementor-widget-heading\" data-id=\"b2b7a23\" data-element_type=\"widget\" data-e-type=\"widget\" data-widget_type=\"heading.default\">\n\t\t\t\t<div class=\"elementor-widget-container\">\n\t\t\t\t\t<h2 class=\"elementor-heading-title elementor-size-default\">\ud83d\udc68\u200d\ud83d\udc69\u200d\ud83d\udc67 Fuengirola<\/h2>\t\t\t\t<\/div>\n\t\t\t\t<\/div>\n\t\t\t\t<div class=\"elementor-element elementor-element-576d594 elementor-widget elementor-widget-text-editor\" data-id=\"576d594\" data-element_type=\"widget\" data-e-type=\"widget\" data-widget_type=\"text-editor.default\">\n\t\t\t\t<div class=\"elementor-widget-container\">\n\t\t\t\t\t\t\t\t\t<p>Fuengirola ofrece un Carnaval muy orientado a <strong data-start=\"1604\" data-end=\"1616\">familias<\/strong>, con pasacalles de barrios, <strong data-start=\"1645\" data-end=\"1668\">talleres para ni\u00f1os<\/strong>, animaci\u00f3n y <strong data-start=\"1682\" data-end=\"1708\">concursos de disfraces<\/strong> en plazas c\u00e9ntricas. Adem\u00e1s, suelen programarse <strong data-start=\"1757\" data-end=\"1790\">eventos en la Plaza de Espa\u00f1a<\/strong> con actuaciones locales y m\u00fasica. En este caso, su programaci\u00f3n es accesible, c\u00f3moda y muy valorada por quienes viajan con ni\u00f1os. Por \u00faltimo, se celebrar\u00e1 durante <b>la primera quincena de febrero<\/b> aunque a\u00fan no hay fechas oficiales.<\/p>\t\t\t\t\t\t\t\t<\/div>\n\t\t\t\t<\/div>\n\t\t\t\t<div class=\"elementor-element elementor-element-5f0f917 elementor-widget elementor-widget-heading\" data-id=\"5f0f917\" data-element_type=\"widget\" data-e-type=\"widget\" data-widget_type=\"heading.default\">\n\t\t\t\t<div class=\"elementor-widget-container\">\n\t\t\t\t\t<h2 class=\"elementor-heading-title elementor-size-default\">\ud83c\udf06 Marbella y San Pedro de Alc\u00e1ntara <\/h2>\t\t\t\t<\/div>\n\t\t\t\t<\/div>\n\t\t\t\t<div class=\"elementor-element elementor-element-56a842b elementor-widget elementor-widget-text-editor\" data-id=\"56a842b\" data-element_type=\"widget\" data-e-type=\"widget\" data-widget_type=\"text-editor.default\">\n\t\t\t\t<div class=\"elementor-widget-container\">\n\t\t\t\t\t\t\t\t\t<p>Marbella celebra su Carnaval con <strong data-start=\"1988\" data-end=\"2021\">desfiles por el centro urbano<\/strong>, <strong data-start=\"2023\" data-end=\"2049\">concursos de disfraces<\/strong>, bailes en plazas y actividades para ni\u00f1os. El carnaval comienza con el concurso del Cartel del carnaval a <strong>mediados de enero y\u00a0 finaliza a mediados de febrero<\/strong>. Por otro lado, en <strong data-start=\"2097\" data-end=\"2120\">San Pedro Alc\u00e1ntara<\/strong> se organiza un programa independiente con pasacalles, actuaciones escolares, hinchables, animaci\u00f3n y m\u00fasica. En definitiva, la combinaci\u00f3n de <strong data-start=\"2248\" data-end=\"2269\">urbano + familiar<\/strong> hace que tenga buena acogida entre vecinos y visitantes.<\/p>\t\t\t\t\t\t\t\t<\/div>\n\t\t\t\t<\/div>\n\t\t\t\t<div class=\"elementor-element elementor-element-46a499c elementor-arrows-position-inside elementor-pagination-position-outside elementor-widget elementor-widget-image-carousel\" data-id=\"46a499c\" data-element_type=\"widget\" data-e-type=\"widget\" data-settings=\"{&quot;navigation&quot;:&quot;both&quot;,&quot;autoplay&quot;:&quot;yes&quot;,&quot;pause_on_hover&quot;:&quot;yes&quot;,&quot;pause_on_interaction&quot;:&quot;yes&quot;,&quot;autoplay_speed&quot;:5000,&quot;infinite&quot;:&quot;yes&quot;,&quot;speed&quot;:500}\" data-widget_type=\"image-carousel.default\">\n\t\t\t\t<div class=\"elementor-widget-container\">\n\t\t\t\t\t\t\t<div class=\"elementor-image-carousel-wrapper swiper\" role=\"region\" aria-roledescription=\"carousel\" aria-label=\"Image Carousel\" dir=\"ltr\">\n\t\t\t<div class=\"elementor-image-carousel swiper-wrapper\" aria-live=\"off\">\n\t\t\t\t\t\t\t\t<div class=\"swiper-slide\" role=\"group\" aria-roledescription=\"slide\" aria-label=\"1 of 4\"><figure class=\"swiper-slide-inner\"><img decoding=\"async\" class=\"swiper-slide-image\" src=\"https:\/\/www.cuboshomes.com\/blog\/wp-content\/uploads\/2026\/01\/marbella1.png\" alt=\"marbella1\" \/><\/figure><\/div><div class=\"swiper-slide\" role=\"group\" aria-roledescription=\"slide\" aria-label=\"2 of 4\"><figure class=\"swiper-slide-inner\"><img decoding=\"async\" class=\"swiper-slide-image\" src=\"https:\/\/www.cuboshomes.com\/blog\/wp-content\/uploads\/2026\/01\/marbella5.png\" alt=\"marbella5\" \/><\/figure><\/div><div class=\"swiper-slide\" role=\"group\" aria-roledescription=\"slide\" aria-label=\"3 of 4\"><figure class=\"swiper-slide-inner\"><img decoding=\"async\" class=\"swiper-slide-image\" src=\"https:\/\/www.cuboshomes.com\/blog\/wp-content\/uploads\/2026\/01\/marbella7.png\" alt=\"marbella7\" \/><\/figure><\/div><div class=\"swiper-slide\" role=\"group\" aria-roledescription=\"slide\" aria-label=\"4 of 4\"><figure class=\"swiper-slide-inner\"><img decoding=\"async\" class=\"swiper-slide-image\" src=\"https:\/\/www.cuboshomes.com\/blog\/wp-content\/uploads\/2026\/01\/marbella1.jpg\" alt=\"marbella1\" \/><\/figure><\/div>\t\t\t<\/div>\n\t\t\t\t\t\t\t\t\t\t\t\t<div class=\"elementor-swiper-button elementor-swiper-button-prev\" role=\"button\" tabindex=\"0\">\n\t\t\t\t\t\t<svg aria-hidden=\"true\" class=\"e-font-icon-svg e-eicon-chevron-left\" viewBox=\"0 0 1000 1000\" xmlns=\"http:\/\/www.w3.org\/2000\/svg\"><path d=\"M646 125C629 125 613 133 604 142L308 442C296 454 292 471 292 487 292 504 296 521 308 533L604 854C617 867 629 875 646 875 663 875 679 871 692 858 704 846 713 829 713 812 713 796 708 779 692 767L438 487 692 225C700 217 708 204 708 187 708 171 704 154 692 142 675 129 663 125 646 125Z\"><\/path><\/svg>\t\t\t\t\t<\/div>\n\t\t\t\t\t<div class=\"elementor-swiper-button elementor-swiper-button-next\" role=\"button\" tabindex=\"0\">\n\t\t\t\t\t\t<svg aria-hidden=\"true\" class=\"e-font-icon-svg e-eicon-chevron-right\" viewBox=\"0 0 1000 1000\" xmlns=\"http:\/\/www.w3.org\/2000\/svg\"><path d=\"M696 533C708 521 713 504 713 487 713 471 708 454 696 446L400 146C388 133 375 125 354 125 338 125 325 129 313 142 300 154 292 171 292 187 292 204 296 221 308 233L563 492 304 771C292 783 288 800 288 817 288 833 296 850 308 863 321 871 338 875 354 875 371 875 388 867 400 854L696 533Z\"><\/path><\/svg>\t\t\t\t\t<\/div>\n\t\t\t\t\n\t\t\t\t\t\t\t\t\t<div class=\"swiper-pagination\"><\/div>\n\t\t\t\t\t\t\t\t\t<\/div>\n\t\t\t\t\t\t<\/div>\n\t\t\t\t<\/div>\n\t\t\t\t<div class=\"elementor-element elementor-element-4577ca9 elementor-widget elementor-widget-heading\" data-id=\"4577ca9\" data-element_type=\"widget\" data-e-type=\"widget\" data-widget_type=\"heading.default\">\n\t\t\t\t<div class=\"elementor-widget-container\">\n\t\t\t\t\t<h2 class=\"elementor-heading-title elementor-size-default\">\ud83c\udf0a Estepona<\/h2>\t\t\t\t<\/div>\n\t\t\t\t<\/div>\n\t\t\t\t<div class=\"elementor-element elementor-element-9b35dd1 elementor-widget elementor-widget-text-editor\" data-id=\"9b35dd1\" data-element_type=\"widget\" data-e-type=\"widget\" data-widget_type=\"text-editor.default\">\n\t\t\t\t<div class=\"elementor-widget-container\">\n\t\t\t\t\t\t\t\t\t<p>Ahora hablemos del Carnaval de Estepona, que se celebrara el<strong> 7 y 8 de febrero.<\/strong> En este caso,\u00a0concentra en plazas y recintos abiertos, donde tienen lugar <strong data-start=\"2440\" data-end=\"2477\">concursos infantiles y de adultos<\/strong>, <strong data-start=\"2479\" data-end=\"2517\">festivales de agrupaciones locales<\/strong>, <strong data-start=\"2519\" data-end=\"2531\">desfiles<\/strong> y <strong data-start=\"2534\" data-end=\"2553\">carnaval de d\u00eda<\/strong> con gastronom\u00eda y m\u00fasica. Por la noche se suelen programar <strong data-start=\"2613\" data-end=\"2639\">actuaciones en directo<\/strong> y baile. En definitiva, su programaci\u00f3n permite disfrutar tanto de actividades familiares como de ocio nocturno.<\/p>\t\t\t\t\t\t\t\t<\/div>\n\t\t\t\t<\/div>\n\t\t\t\t<div class=\"elementor-element elementor-element-4d91a88 elementor-widget elementor-widget-heading\" data-id=\"4d91a88\" data-element_type=\"widget\" data-e-type=\"widget\" data-widget_type=\"heading.default\">\n\t\t\t\t<div class=\"elementor-widget-container\">\n\t\t\t\t\t<h2 class=\"elementor-heading-title elementor-size-default\">\u00a0\ud83c\udf04 V\u00e9lez-M\u00e1laga y Torre del Mar<\/h2>\t\t\t\t<\/div>\n\t\t\t\t<\/div>\n\t\t\t\t<div class=\"elementor-element elementor-element-2abc5cf elementor-widget elementor-widget-text-editor\" data-id=\"2abc5cf\" data-element_type=\"widget\" data-e-type=\"widget\" data-widget_type=\"text-editor.default\">\n\t\t\t\t<div class=\"elementor-widget-container\">\n\t\t\t\t\t\t\t\t\t<p>En V\u00e9lez-M\u00e1laga se celebra del <b>21 al 24 de febrero,<\/b> aunque a\u00fan no se ha confirmado la fecha, el Carnaval incluye un <strong data-start=\"2807\" data-end=\"2823\">gran desfile<\/strong> por las principales avenidas, acompa\u00f1ado de agrupaciones, disfraces y carrozas. Adem\u00e1s, se organizan <strong data-start=\"2917\" data-end=\"2941\">concursos infantiles<\/strong>, espect\u00e1culos y m\u00fasica en plazas del casco urbano. En definitiva, la poblaci\u00f3n se vuelca en la calle, lo que crea un ambiente festivo y cercano.<\/p><p>Torre del Mar celebra su propio Carnaval del <strong>11 al 14 de febrero<\/strong> con <strong data-start=\"3148\" data-end=\"3162\">pasacalles<\/strong>, <strong data-start=\"3164\" data-end=\"3186\">animaci\u00f3n infantil<\/strong> y <strong data-start=\"3189\" data-end=\"3228\">actos en la zona del Paseo Mar\u00edtimo<\/strong>, lo que le aporta un toque muy mediterr\u00e1neo. Tambi\u00e9n, se desarrollan <strong data-start=\"3297\" data-end=\"3324\">cert\u00e1menes de disfraces<\/strong>, actuaciones y entrega de premios. En resumen, es una buena opci\u00f3n para quienes desean disfrutar del Carnaval junto al mar.<\/p>\t\t\t\t\t\t\t\t<\/div>\n\t\t\t\t<\/div>\n\t\t\t\t<div class=\"elementor-element elementor-element-159cbb0 elementor-widget elementor-widget-heading\" data-id=\"159cbb0\" data-element_type=\"widget\" data-e-type=\"widget\" data-widget_type=\"heading.default\">\n\t\t\t\t<div class=\"elementor-widget-container\">\n\t\t\t\t\t<h2 class=\"elementor-heading-title elementor-size-default\">\ud83c\udfba Co\u00edn, Alhaur\u00edn el Grande, Alhaur\u00edn de la Torre, C\u00e1rtama y \u00c1lora<\/h2>\t\t\t\t<\/div>\n\t\t\t\t<\/div>\n\t\t\t\t<div class=\"elementor-element elementor-element-d4466e3 elementor-widget elementor-widget-text-editor\" data-id=\"d4466e3\" data-element_type=\"widget\" data-e-type=\"widget\" data-widget_type=\"text-editor.default\">\n\t\t\t\t<div class=\"elementor-widget-container\">\n\t\t\t\t\t\t\t\t\t<p>Los municipios del <strong data-start=\"4995\" data-end=\"5020\">Valle del Guadalhorce<\/strong> celebran el Carnaval con <strong data-start=\"5046\" data-end=\"5060\">pasacalles<\/strong>, concursos, animaci\u00f3n infantil, agrupaciones locales y fiestas en plazas. Adem\u00e1s, cada pueblo adapta el programa a su estilo, ofreciendo experiencias cercanas e ideales para quienes buscan un Carnaval sin tanta masificaci\u00f3n. En este caso, se celebra durante el mes de febrero y el comienzo de marzo.\u00a0<\/p>\t\t\t\t\t\t\t\t<\/div>\n\t\t\t\t<\/div>\n\t\t\t\t<div class=\"elementor-element elementor-element-6025c5a elementor-widget elementor-widget-video\" data-id=\"6025c5a\" data-element_type=\"widget\" data-e-type=\"widget\" data-settings=\"{&quot;youtube_url&quot;:&quot;https:\\\/\\\/www.youtube.com\\\/watch?v=7igiGb8mt18&quot;,&quot;video_type&quot;:&quot;youtube&quot;,&quot;controls&quot;:&quot;yes&quot;}\" data-widget_type=\"video.default\">\n\t\t\t\t<div class=\"elementor-widget-container\">\n\t\t\t\t\t\t\t<div class=\"elementor-wrapper elementor-open-inline\">\n\t\t\t<div class=\"elementor-video\"><\/div>\t\t<\/div>\n\t\t\t\t\t\t<\/div>\n\t\t\t\t<\/div>\n\t\t\t\t<div class=\"elementor-element elementor-element-a667258 elementor-widget elementor-widget-heading\" data-id=\"a667258\" data-element_type=\"widget\" data-e-type=\"widget\" data-widget_type=\"heading.default\">\n\t\t\t\t<div class=\"elementor-widget-container\">\n\t\t\t\t\t<h2 class=\"elementor-heading-title elementor-size-default\">\ud83c\udfd8 Mijas Pueblo, Las Lagunas y La Cala<\/h2>\t\t\t\t<\/div>\n\t\t\t\t<\/div>\n\t\t\t\t<div class=\"elementor-element elementor-element-a6628a5 elementor-widget elementor-widget-text-editor\" data-id=\"a6628a5\" data-element_type=\"widget\" data-e-type=\"widget\" data-widget_type=\"text-editor.default\">\n\t\t\t\t<div class=\"elementor-widget-container\">\n\t\t\t\t\t\t\t\t\t<p>Mijas cuenta con tres n\u00facleos urbanos que celebran un Carnaval diferente: <strong data-start=\"4279\" data-end=\"4295\">Mijas Pueblo<\/strong> con actos en plazas y calles estrechas llenas de encanto, <strong data-start=\"4354\" data-end=\"4369\">Las Lagunas<\/strong> con <strong data-start=\"4374\" data-end=\"4388\">pasacalles<\/strong>, concursos y escenarios al aire libre, y <strong data-start=\"4430\" data-end=\"4441\">La Cala<\/strong> con <strong data-start=\"4446\" data-end=\"4465\">carnaval de d\u00eda<\/strong>, actuaciones infantiles y desfiles junto al mar. En este caso, su variedad permite elegir seg\u00fan el estilo de celebraci\u00f3n. Por \u00faltimo, se celebra a <b>final de febrero<\/b> y<b> principio de marzo.<\/b>\u00a0<\/p>\t\t\t\t\t\t\t\t<\/div>\n\t\t\t\t<\/div>\n\t\t\t\t<div class=\"elementor-element elementor-element-4846969 elementor-widget elementor-widget-heading\" data-id=\"4846969\" data-element_type=\"widget\" data-e-type=\"widget\" data-widget_type=\"heading.default\">\n\t\t\t\t<div class=\"elementor-widget-container\">\n\t\t\t\t\t<h2 class=\"elementor-heading-title elementor-size-default\">\ud83d\udc1f Nerja<\/h2>\t\t\t\t<\/div>\n\t\t\t\t<\/div>\n\t\t\t\t<div class=\"elementor-element elementor-element-dc2c446 elementor-widget elementor-widget-text-editor\" data-id=\"dc2c446\" data-element_type=\"widget\" data-e-type=\"widget\" data-widget_type=\"text-editor.default\">\n\t\t\t\t<div class=\"elementor-widget-container\">\n\t\t\t\t\t\t\t\t\t<p>Nerja ofrece un Carnaval muy animado que suele incluir <strong data-start=\"4652\" data-end=\"4666\">pasacalles<\/strong>, <strong data-start=\"4668\" data-end=\"4701\">fiestas en la Plaza de Espa\u00f1a<\/strong>, <strong data-start=\"4703\" data-end=\"4727\">concursos infantiles<\/strong>, m\u00fasica y <strong data-start=\"4738\" data-end=\"4764\">Entierro del Chanquete<\/strong>, un acto muy simb\u00f3lico y divertido que cierra la fiesta con humor. Adem\u00e1s, se celebra del <strong>12 al 15 de febrero<\/strong>. En definitiva, es uno de los carnavales m\u00e1s pintorescos del litoral oriental.<\/p>\t\t\t\t\t\t\t\t<\/div>\n\t\t\t\t<\/div>\n\t\t\t\t<div class=\"elementor-element elementor-element-e11ad64 elementor-widget elementor-widget-heading\" data-id=\"e11ad64\" data-element_type=\"widget\" data-e-type=\"widget\" data-widget_type=\"heading.default\">\n\t\t\t\t<div class=\"elementor-widget-container\">\n\t\t\t\t\t<h2 class=\"elementor-heading-title elementor-size-default\">\ud83c\udfde Ronda<\/h2>\t\t\t\t<\/div>\n\t\t\t\t<\/div>\n\t\t\t\t<div class=\"elementor-element elementor-element-b85c951 elementor-widget elementor-widget-text-editor\" data-id=\"b85c951\" data-element_type=\"widget\" data-e-type=\"widget\" data-widget_type=\"text-editor.default\">\n\t\t\t\t<div class=\"elementor-widget-container\">\n\t\t\t\t\t\t\t\t\t<p>Ronda vive el Carnaval en sus calles principales con <strong data-start=\"3513\" data-end=\"3547\">pasacalles por Carrera Espinel<\/strong> y <strong data-start=\"3550\" data-end=\"3590\">actos en plazas del centro hist\u00f3rico<\/strong>. Adem\u00e1s, se organiza entre el <strong>14 y el 22 de febrero<\/strong>. Tambi\u00e9n, se programan <strong data-start=\"3612\" data-end=\"3638\">concursos de disfraces<\/strong>, actividades infantiles y actuaciones de agrupaciones locales. Con el impresionante paisaje urbano como fondo, el Carnaval adquiere un ambiente muy particular.<\/p>\t\t\t\t\t\t\t\t<\/div>\n\t\t\t\t<\/div>\n\t\t\t\t<div class=\"elementor-element elementor-element-520c006 elementor-arrows-position-inside elementor-pagination-position-outside elementor-widget elementor-widget-image-carousel\" data-id=\"520c006\" data-element_type=\"widget\" data-e-type=\"widget\" data-settings=\"{&quot;navigation&quot;:&quot;both&quot;,&quot;autoplay&quot;:&quot;yes&quot;,&quot;pause_on_hover&quot;:&quot;yes&quot;,&quot;pause_on_interaction&quot;:&quot;yes&quot;,&quot;autoplay_speed&quot;:5000,&quot;infinite&quot;:&quot;yes&quot;,&quot;speed&quot;:500}\" data-widget_type=\"image-carousel.default\">\n\t\t\t\t<div class=\"elementor-widget-container\">\n\t\t\t\t\t\t\t<div class=\"elementor-image-carousel-wrapper swiper\" role=\"region\" aria-roledescription=\"carousel\" aria-label=\"Image Carousel\" dir=\"ltr\">\n\t\t\t<div class=\"elementor-image-carousel swiper-wrapper\" aria-live=\"off\">\n\t\t\t\t\t\t\t\t<div class=\"swiper-slide\" role=\"group\" aria-roledescription=\"slide\" aria-label=\"1 of 4\"><figure class=\"swiper-slide-inner\"><img decoding=\"async\" class=\"swiper-slide-image\" src=\"https:\/\/www.cuboshomes.com\/blog\/wp-content\/uploads\/2026\/01\/ronda1.jpg\" alt=\"ronda1\" \/><\/figure><\/div><div class=\"swiper-slide\" role=\"group\" aria-roledescription=\"slide\" aria-label=\"2 of 4\"><figure class=\"swiper-slide-inner\"><img decoding=\"async\" class=\"swiper-slide-image\" src=\"https:\/\/www.cuboshomes.com\/blog\/wp-content\/uploads\/2026\/01\/ronda2-768x432.webp\" alt=\"ronda2\" \/><\/figure><\/div><div class=\"swiper-slide\" role=\"group\" aria-roledescription=\"slide\" aria-label=\"3 of 4\"><figure class=\"swiper-slide-inner\"><img decoding=\"async\" class=\"swiper-slide-image\" src=\"https:\/\/www.cuboshomes.com\/blog\/wp-content\/uploads\/2026\/01\/ronda17.png\" alt=\"ronda17\" \/><\/figure><\/div><div class=\"swiper-slide\" role=\"group\" aria-roledescription=\"slide\" aria-label=\"4 of 4\"><figure class=\"swiper-slide-inner\"><img decoding=\"async\" class=\"swiper-slide-image\" src=\"https:\/\/www.cuboshomes.com\/blog\/wp-content\/uploads\/2026\/01\/ronda18.png\" alt=\"ronda18\" \/><\/figure><\/div>\t\t\t<\/div>\n\t\t\t\t\t\t\t\t\t\t\t\t<div class=\"elementor-swiper-button elementor-swiper-button-prev\" role=\"button\" tabindex=\"0\">\n\t\t\t\t\t\t<svg aria-hidden=\"true\" class=\"e-font-icon-svg e-eicon-chevron-left\" viewBox=\"0 0 1000 1000\" xmlns=\"http:\/\/www.w3.org\/2000\/svg\"><path d=\"M646 125C629 125 613 133 604 142L308 442C296 454 292 471 292 487 292 504 296 521 308 533L604 854C617 867 629 875 646 875 663 875 679 871 692 858 704 846 713 829 713 812 713 796 708 779 692 767L438 487 692 225C700 217 708 204 708 187 708 171 704 154 692 142 675 129 663 125 646 125Z\"><\/path><\/svg>\t\t\t\t\t<\/div>\n\t\t\t\t\t<div class=\"elementor-swiper-button elementor-swiper-button-next\" role=\"button\" tabindex=\"0\">\n\t\t\t\t\t\t<svg aria-hidden=\"true\" class=\"e-font-icon-svg e-eicon-chevron-right\" viewBox=\"0 0 1000 1000\" xmlns=\"http:\/\/www.w3.org\/2000\/svg\"><path d=\"M696 533C708 521 713 504 713 487 713 471 708 454 696 446L400 146C388 133 375 125 354 125 338 125 325 129 313 142 300 154 292 171 292 187 292 204 296 221 308 233L563 492 304 771C292 783 288 800 288 817 288 833 296 850 308 863 321 871 338 875 354 875 371 875 388 867 400 854L696 533Z\"><\/path><\/svg>\t\t\t\t\t<\/div>\n\t\t\t\t\n\t\t\t\t\t\t\t\t\t<div class=\"swiper-pagination\"><\/div>\n\t\t\t\t\t\t\t\t\t<\/div>\n\t\t\t\t\t\t<\/div>\n\t\t\t\t<\/div>\n\t\t\t\t<\/div>\n\t\t\t\t\t<\/div>\n\t\t\t\t<\/div>\n\t\t<div class=\"elementor-element elementor-element-0917607 e-flex e-con-boxed e-con e-parent\" data-id=\"0917607\" data-element_type=\"container\" data-e-type=\"container\">\n\t\t\t\t\t<div class=\"e-con-inner\">\n\t\t\t\t<div class=\"elementor-element elementor-element-a56f32b elementor-widget elementor-widget-heading\" data-id=\"a56f32b\" data-element_type=\"widget\" data-e-type=\"widget\" data-widget_type=\"heading.default\">\n\t\t\t\t<div class=\"elementor-widget-container\">\n\t\t\t\t\t<h2 class=\"elementor-heading-title elementor-size-default\">\ud83d\udca1 Consejos para disfrutar del Carnaval M\u00e1laga 2026<\/h2>\t\t\t\t<\/div>\n\t\t\t\t<\/div>\n\t\t\t\t<div class=\"elementor-element elementor-element-0a5b9a8 elementor-widget elementor-widget-text-editor\" data-id=\"0a5b9a8\" data-element_type=\"widget\" data-e-type=\"widget\" data-widget_type=\"text-editor.default\">\n\t\t\t\t<div class=\"elementor-widget-container\">\n\t\t\t\t\t\t\t\t\t<p>\u2714 <strong>Reserva con antelaci\u00f3n<\/strong> si viajas en febrero.<br \/>\u2714 Consulta <strong>horarios<\/strong> en la web oficial de cada municipio los d\u00edas previos.<br \/>\u2714 Llega con tiempo a los desfiles para <strong>evitar aglomeraciones.<\/strong><br \/>\u2714 Usa <strong>transporte p\u00fablico<\/strong> para moverte mejor por M\u00e1laga Capital. <br \/>\u2714 Prueba la <strong>gastronom\u00eda local<\/strong> (boquerones, pesca\u00edto, tapas)<\/p>\t\t\t\t\t\t\t\t<\/div>\n\t\t\t\t<\/div>\n\t\t\t\t<div class=\"elementor-element elementor-element-5579cdf elementor-widget elementor-widget-heading\" data-id=\"5579cdf\" data-element_type=\"widget\" data-e-type=\"widget\" data-widget_type=\"heading.default\">\n\t\t\t\t<div class=\"elementor-widget-container\">\n\t\t\t\t\t<h2 class=\"elementor-heading-title elementor-size-default\">\ud83c\udfe8 D\u00f3nde alojarse durante el Carnaval<\/h2>\t\t\t\t<\/div>\n\t\t\t\t<\/div>\n\t\t\t\t<div class=\"elementor-element elementor-element-de09850 elementor-widget elementor-widget-text-editor\" data-id=\"de09850\" data-element_type=\"widget\" data-e-type=\"widget\" data-widget_type=\"text-editor.default\">\n\t\t\t\t<div class=\"elementor-widget-container\">\n\t\t\t\t\t\t\t\t\t<p>Seg\u00fan tu plan de viaje puedes elegir:<br \/><strong>M\u00e1laga capital<\/strong>: perfecto para moverse andando, vivir el carnaval y no usar coche.<a href=\"https:\/\/www.cuboshomes.com\/alquiler\/alquileres-malaga-d980\/\"> Aqu\u00ed tienes los mejores alojamientos.<\/a><br \/><strong>Costa del Sol<\/strong>: combina playa y carnaval (<a href=\"https:\/\/www.cuboshomes.com\/alquiler\/alquileres-torremolinos-d198\/\">Torremolinos<\/a>, <a href=\"https:\/\/www.cuboshomes.com\/alquiler\/alquileres-benalmadena-d207\/vista-lista\/\">Benalm\u00e1dena<\/a>, <a href=\"https:\/\/www.cuboshomes.com\/alquiler\/alquileres-fuengirola-d69\/vista-lista\/\">Fuengirola<\/a>).<br \/><strong>Municipios del interior:<\/strong> escapadas familiares m\u00e1s tranquilas pero tambi\u00e9n se celebra el carnaval(<a href=\"https:\/\/www.cuboshomes.com\/alquiler\/alquileres-alhaurin-el-grande-d67394\/vista-lista\/\">Alhaur\u00edn el Grande<\/a>, <a href=\"https:\/\/www.cuboshomes.com\/alquiler\/alquileres-coin-d868\/vista-lista\/\">Co\u00edn<\/a>, <a href=\"https:\/\/www.cuboshomes.com\/alquiler\/alquileres-cartama-d459404\/vista-lista\/\">C\u00e1rtama<\/a>).<br \/>En resumen, si necesitas alojamiento, en <a href=\"https:\/\/www.cuboshomes.com\/alquiler\/alquiler-alquileres-e0\/vista-lista\/\"><strong>Cubo\u2019s Holidays Homes<\/strong><\/a> te orientamos seg\u00fan n\u00famero de personas, ubicaci\u00f3n y estilo de viaje.<\/p>\t\t\t\t\t\t\t\t<\/div>\n\t\t\t\t<\/div>\n\t\t\t\t<div class=\"elementor-element elementor-element-9b826c2 elementor-widget elementor-widget-heading\" data-id=\"9b826c2\" data-element_type=\"widget\" data-e-type=\"widget\" data-widget_type=\"heading.default\">\n\t\t\t\t<div class=\"elementor-widget-container\">\n\t\t\t\t\t<h2 class=\"elementor-heading-title elementor-size-default\">\ud83d\udd17 Enlaces \u00fatiles<\/h2>\t\t\t\t<\/div>\n\t\t\t\t<\/div>\n\t\t\t\t<div class=\"elementor-element elementor-element-22fa6ac elementor-widget elementor-widget-text-editor\" data-id=\"22fa6ac\" data-element_type=\"widget\" data-e-type=\"widget\" data-widget_type=\"text-editor.default\">\n\t\t\t\t<div class=\"elementor-widget-container\">\n\t\t\t\t\t\t\t\t\t<p>\ud83c\udf10 <a href=\"https:\/\/carnavaldemalaga.es\/\">Carnaval M\u00e1laga (oficial)<\/a><br \/>\ud83c\udf10 <a href=\"https:\/\/www.unientradas.es\/es\/recinto\/FC-01\">Entradas Teatro Cervantes.<\/a><br \/>\ud83c\udf10 <a href=\"https:\/\/blog.visitacostadelsol.com\/es\/topic\/cultura\">Cultura en el Blog de Turismo Costa del Sol<\/a><\/p>\t\t\t\t\t\t\t\t<\/div>\n\t\t\t\t<\/div>\n\t\t\t\t<div class=\"elementor-element elementor-element-1e88c51 elementor-widget elementor-widget-heading\" data-id=\"1e88c51\" data-element_type=\"widget\" data-e-type=\"widget\" data-widget_type=\"heading.default\">\n\t\t\t\t<div class=\"elementor-widget-container\">\n\t\t\t\t\t<h2 class=\"elementor-heading-title elementor-size-default\">\ud83c\udf89 La provincia de M\u00e1laga te espera en febrero<\/h2>\t\t\t\t<\/div>\n\t\t\t\t<\/div>\n\t\t\t\t<div class=\"elementor-element elementor-element-38ca456 elementor-widget elementor-widget-text-editor\" data-id=\"38ca456\" data-element_type=\"widget\" data-e-type=\"widget\" data-widget_type=\"text-editor.default\">\n\t\t\t\t<div class=\"elementor-widget-container\">\n\t\t\t\t\t\t\t\t\t<p>El Carnaval de M\u00e1laga 2026 es uno de los\u00a0<strong>eventos m\u00e1s coloridos<\/strong>\u00a0del invierno en Andaluc\u00eda. Con fechas confirmadas, actos en la calle, concursos, m\u00fasica y gastronom\u00eda, se convierte en una oportunidad \u00fanica para\u00a0<strong>descubrir la provincia desde otra perspectiva<\/strong>. Ya sea en la capital o en los municipios costeros y del interior, el carnaval ofrece propuestas para todo tipo de viajeros. Ven a vivir momentos inolvidables.<\/p>\t\t\t\t\t\t\t\t<\/div>\n\t\t\t\t<\/div>\n\t\t\t\t<div class=\"elementor-element elementor-element-a234fbd elementor-align-center elementor-widget elementor-widget-button\" data-id=\"a234fbd\" data-element_type=\"widget\" data-e-type=\"widget\" data-widget_type=\"button.default\">\n\t\t\t\t<div class=\"elementor-widget-container\">\n\t\t\t\t\t\t\t\t\t<div class=\"elementor-button-wrapper\">\n\t\t\t\t\t<a class=\"elementor-button elementor-button-link elementor-size-sm elementor-animation-pulse\" href=\"\">\n\t\t\t\t\t\t<span class=\"elementor-button-content-wrapper\">\n\t\t\t\t\t\t\t\t\t<span class=\"elementor-button-text\">\u00a1RESERVA AHORA!<\/span>\n\t\t\t\t\t<\/span>\n\t\t\t\t\t<\/a>\n\t\t\t\t<\/div>\n\t\t\t\t\t\t\t\t<\/div>\n\t\t\t\t<\/div>\n\t\t\t\t<div class=\"elementor-element elementor-element-4d76f72 elementor-shape-rounded elementor-grid-0 e-grid-align-center elementor-widget elementor-widget-social-icons\" data-id=\"4d76f72\" data-element_type=\"widget\" data-e-type=\"widget\" data-widget_type=\"social-icons.default\">\n\t\t\t\t<div class=\"elementor-widget-container\">\n\t\t\t\t\t\t\t<div class=\"elementor-social-icons-wrapper elementor-grid\" role=\"list\">\n\t\t\t\t\t\t\t<span class=\"elementor-grid-item\" role=\"listitem\">\n\t\t\t\t\t<a class=\"elementor-icon elementor-social-icon elementor-social-icon-instagram elementor-repeater-item-7984172\" href=\"https:\/\/www.instagram.com\/cuboshomes\/?hl=es\" target=\"_blank\">\n\t\t\t\t\t\t<span class=\"elementor-screen-only\">Instagram<\/span>\n\t\t\t\t\t\t<svg aria-hidden=\"true\" class=\"e-font-icon-svg e-fab-instagram\" viewBox=\"0 0 448 512\" xmlns=\"http:\/\/www.w3.org\/2000\/svg\"><path d=\"M224.1 141c-63.6 0-114.9 51.3-114.9 114.9s51.3 114.9 114.9 114.9S339 319.5 339 255.9 287.7 141 224.1 141zm0 189.6c-41.1 0-74.7-33.5-74.7-74.7s33.5-74.7 74.7-74.7 74.7 33.5 74.7 74.7-33.6 74.7-74.7 74.7zm146.4-194.3c0 14.9-12 26.8-26.8 26.8-14.9 0-26.8-12-26.8-26.8s12-26.8 26.8-26.8 26.8 12 26.8 26.8zm76.1 27.2c-1.7-35.9-9.9-67.7-36.2-93.9-26.2-26.2-58-34.4-93.9-36.2-37-2.1-147.9-2.1-184.9 0-35.8 1.7-67.6 9.9-93.9 36.1s-34.4 58-36.2 93.9c-2.1 37-2.1 147.9 0 184.9 1.7 35.9 9.9 67.7 36.2 93.9s58 34.4 93.9 36.2c37 2.1 147.9 2.1 184.9 0 35.9-1.7 67.7-9.9 93.9-36.2 26.2-26.2 34.4-58 36.2-93.9 2.1-37 2.1-147.8 0-184.8zM398.8 388c-7.8 19.6-22.9 34.7-42.6 42.6-29.5 11.7-99.5 9-132.1 9s-102.7 2.6-132.1-9c-19.6-7.8-34.7-22.9-42.6-42.6-11.7-29.5-9-99.5-9-132.1s-2.6-102.7 9-132.1c7.8-19.6 22.9-34.7 42.6-42.6 29.5-11.7 99.5-9 132.1-9s102.7-2.6 132.1 9c19.6 7.8 34.7 22.9 42.6 42.6 11.7 29.5 9 99.5 9 132.1s2.7 102.7-9 132.1z\"><\/path><\/svg>\t\t\t\t\t<\/a>\n\t\t\t\t<\/span>\n\t\t\t\t\t\t\t<span class=\"elementor-grid-item\" role=\"listitem\">\n\t\t\t\t\t<a class=\"elementor-icon elementor-social-icon elementor-social-icon-facebook elementor-repeater-item-3a59611\" href=\"https:\/\/www.facebook.com\/cuboshomes\/\" target=\"_blank\">\n\t\t\t\t\t\t<span class=\"elementor-screen-only\">Facebook<\/span>\n\t\t\t\t\t\t<svg aria-hidden=\"true\" class=\"e-font-icon-svg e-fab-facebook\" viewBox=\"0 0 512 512\" xmlns=\"http:\/\/www.w3.org\/2000\/svg\"><path d=\"M504 256C504 119 393 8 256 8S8 119 8 256c0 123.78 90.69 226.38 209.25 245V327.69h-63V256h63v-54.64c0-62.15 37-96.48 93.67-96.48 27.14 0 55.52 4.84 55.52 4.84v61h-31.28c-30.8 0-40.41 19.12-40.41 38.73V256h68.78l-11 71.69h-57.78V501C413.31 482.38 504 379.78 504 256z\"><\/path><\/svg>\t\t\t\t\t<\/a>\n\t\t\t\t<\/span>\n\t\t\t\t\t\t\t<span class=\"elementor-grid-item\" role=\"listitem\">\n\t\t\t\t\t<a class=\"elementor-icon elementor-social-icon elementor-social-icon-tiktok elementor-repeater-item-b3ffd54\" href=\"https:\/\/www.tiktok.com\/@cuboshomes?_t=ZN-8uqFRPNfyFy&#038;_r=1\" target=\"_blank\">\n\t\t\t\t\t\t<span class=\"elementor-screen-only\">Tiktok<\/span>\n\t\t\t\t\t\t<svg aria-hidden=\"true\" class=\"e-font-icon-svg e-fab-tiktok\" viewBox=\"0 0 448 512\" xmlns=\"http:\/\/www.w3.org\/2000\/svg\"><path d=\"M448,209.91a210.06,210.06,0,0,1-122.77-39.25V349.38A162.55,162.55,0,1,1,185,188.31V278.2a74.62,74.62,0,1,0,52.23,71.18V0l88,0a121.18,121.18,0,0,0,1.86,22.17h0A122.18,122.18,0,0,0,381,102.39a121.43,121.43,0,0,0,67,20.14Z\"><\/path><\/svg>\t\t\t\t\t<\/a>\n\t\t\t\t<\/span>\n\t\t\t\t\t\t\t<span class=\"elementor-grid-item\" role=\"listitem\">\n\t\t\t\t\t<a class=\"elementor-icon elementor-social-icon elementor-social-icon-youtube elementor-repeater-item-e4bdce2\" href=\"https:\/\/www.youtube.com\/@cubosholidayhomes\" target=\"_blank\">\n\t\t\t\t\t\t<span class=\"elementor-screen-only\">Youtube<\/span>\n\t\t\t\t\t\t<svg aria-hidden=\"true\" class=\"e-font-icon-svg e-fab-youtube\" viewBox=\"0 0 576 512\" xmlns=\"http:\/\/www.w3.org\/2000\/svg\"><path d=\"M549.655 124.083c-6.281-23.65-24.787-42.276-48.284-48.597C458.781 64 288 64 288 64S117.22 64 74.629 75.486c-23.497 6.322-42.003 24.947-48.284 48.597-11.412 42.867-11.412 132.305-11.412 132.305s0 89.438 11.412 132.305c6.281 23.65 24.787 41.5 48.284 47.821C117.22 448 288 448 288 448s170.78 0 213.371-11.486c23.497-6.321 42.003-24.171 48.284-47.821 11.412-42.867 11.412-132.305 11.412-132.305s0-89.438-11.412-132.305zm-317.51 213.508V175.185l142.739 81.205-142.739 81.201z\"><\/path><\/svg>\t\t\t\t\t<\/a>\n\t\t\t\t<\/span>\n\t\t\t\t\t<\/div>\n\t\t\t\t\t\t<\/div>\n\t\t\t\t<\/div>\n\t\t\t\t\t<\/div>\n\t\t\t\t<\/div>\n\t\t\t\t<\/div>\n\t\t","protected":false},"excerpt":{"rendered":"<p>Carnaval M\u00e1laga 2026: gu\u00eda completa para toda la provincia El Carnaval M\u00e1laga 2026 se celebrar\u00e1 del 7 al 15 de febrero y llenar\u00e1 la capital y numerosos municipios de la provincia con desfiles, concursos, disfraces, m\u00fasica y gastronom\u00eda t\u00edpica. Esta gu\u00eda re\u00fane las fechas clave, actividades confirmadas y los lugares m\u00e1s destacados para disfrutar del [&hellip;]<\/p>\n","protected":false},"author":4,"featured_media":4690,"comment_status":"open","ping_status":"open","sticky":false,"template":"","format":"standard","meta":{"footnotes":""},"categories":[290,4,1],"tags":[535,164,86],"class_list":["post-4582","post","type-post","status-publish","format-standard","has-post-thumbnail","hentry","category-cultura","category-ocio","category-sin-categorizar","tag-carnaval","tag-cultura","tag-malaga-2"],"yoast_head":"<!-- This site is optimized with the Yoast SEO plugin v25.3 - https:\/\/yoast.com\/wordpress\/plugins\/seo\/ -->\n<title>Carnaval M\u00e1laga 2026: gu\u00eda completa para toda la provincia \ud83c\udfad - Blog Cubo&#039;s Holiday Homes<\/title>\n<meta name=\"description\" content=\"Descubre el Carnaval M\u00e1laga 2026: fechas y actividades por municipios. Gu\u00eda completa con eventos para vivir el carnaval en toda la provincia.\" \/>\n<meta name=\"robots\" content=\"index, follow, max-snippet:-1, max-image-preview:large, max-video-preview:-1\" \/>\n<link rel=\"canonical\" href=\"https:\/\/www.cuboshomes.com\/blog\/carnaval-malaga-2026\/\" \/>\n<meta property=\"og:locale\" content=\"es_ES\" \/>\n<meta property=\"og:type\" content=\"article\" \/>\n<meta property=\"og:title\" content=\"Carnaval M\u00e1laga 2026: gu\u00eda completa para toda la provincia \ud83c\udfad - Blog Cubo&#039;s Holiday Homes\" \/>\n<meta property=\"og:description\" content=\"Descubre el Carnaval M\u00e1laga 2026: fechas y actividades por municipios. Gu\u00eda completa con eventos para vivir el carnaval en toda la provincia.\" \/>\n<meta property=\"og:url\" content=\"https:\/\/www.cuboshomes.com\/blog\/carnaval-malaga-2026\/\" \/>\n<meta property=\"og:site_name\" content=\"Blog Cubo&#039;s Holiday Homes\" \/>\n<meta property=\"article:published_time\" content=\"2026-01-23T11:55:13+00:00\" \/>\n<meta property=\"article:modified_time\" content=\"2026-01-23T12:16:48+00:00\" \/>\n<meta property=\"og:image\" content=\"https:\/\/www.cuboshomes.com\/blog\/wp-content\/uploads\/2026\/01\/portada.png\" \/>\n\t<meta property=\"og:image:width\" content=\"1920\" \/>\n\t<meta property=\"og:image:height\" content=\"650\" \/>\n\t<meta property=\"og:image:type\" content=\"image\/png\" \/>\n<meta name=\"author\" content=\"cuboshomes\" \/>\n<meta name=\"twitter:card\" content=\"summary_large_image\" \/>\n<meta name=\"twitter:label1\" content=\"Written by\" \/>\n\t<meta name=\"twitter:data1\" content=\"cuboshomes\" \/>\n\t<meta name=\"twitter:label2\" content=\"Est. reading time\" \/>\n\t<meta name=\"twitter:data2\" content=\"15 minutes\" \/>\n<script type=\"application\/ld+json\" class=\"yoast-schema-graph\">{\"@context\":\"https:\/\/schema.org\",\"@graph\":[{\"@type\":\"WebPage\",\"@id\":\"https:\/\/www.cuboshomes.com\/blog\/carnaval-malaga-2026\/\",\"url\":\"https:\/\/www.cuboshomes.com\/blog\/carnaval-malaga-2026\/\",\"name\":\"Carnaval M\u00e1laga 2026: gu\u00eda completa para toda la provincia \ud83c\udfad - Blog Cubo&#039;s Holiday Homes\",\"isPartOf\":{\"@id\":\"https:\/\/www.cuboshomes.com\/blog\/#website\"},\"primaryImageOfPage\":{\"@id\":\"https:\/\/www.cuboshomes.com\/blog\/carnaval-malaga-2026\/#primaryimage\"},\"image\":{\"@id\":\"https:\/\/www.cuboshomes.com\/blog\/carnaval-malaga-2026\/#primaryimage\"},\"thumbnailUrl\":\"https:\/\/www.cuboshomes.com\/blog\/wp-content\/uploads\/2026\/01\/portada.png\",\"datePublished\":\"2026-01-23T11:55:13+00:00\",\"dateModified\":\"2026-01-23T12:16:48+00:00\",\"author\":{\"@id\":\"https:\/\/www.cuboshomes.com\/blog\/#\/schema\/person\/07d7351e1490c5ee1bc865d8b7866913\"},\"description\":\"Descubre el Carnaval M\u00e1laga 2026: fechas y actividades por municipios. Gu\u00eda completa con eventos para vivir el carnaval en toda la provincia.\",\"breadcrumb\":{\"@id\":\"https:\/\/www.cuboshomes.com\/blog\/carnaval-malaga-2026\/#breadcrumb\"},\"inLanguage\":\"es\",\"potentialAction\":[{\"@type\":\"ReadAction\",\"target\":[\"https:\/\/www.cuboshomes.com\/blog\/carnaval-malaga-2026\/\"]}]},{\"@type\":\"ImageObject\",\"inLanguage\":\"es\",\"@id\":\"https:\/\/www.cuboshomes.com\/blog\/carnaval-malaga-2026\/#primaryimage\",\"url\":\"https:\/\/www.cuboshomes.com\/blog\/wp-content\/uploads\/2026\/01\/portada.png\",\"contentUrl\":\"https:\/\/www.cuboshomes.com\/blog\/wp-content\/uploads\/2026\/01\/portada.png\",\"width\":1920,\"height\":650},{\"@type\":\"BreadcrumbList\",\"@id\":\"https:\/\/www.cuboshomes.com\/blog\/carnaval-malaga-2026\/#breadcrumb\",\"itemListElement\":[{\"@type\":\"ListItem\",\"position\":1,\"name\":\"Portada\",\"item\":\"https:\/\/www.cuboshomes.com\/blog\/\"},{\"@type\":\"ListItem\",\"position\":2,\"name\":\"Carnaval M\u00e1laga 2026: gu\u00eda completa para toda la provincia \ud83c\udfad\"}]},{\"@type\":\"WebSite\",\"@id\":\"https:\/\/www.cuboshomes.com\/blog\/#website\",\"url\":\"https:\/\/www.cuboshomes.com\/blog\/\",\"name\":\"Blog Cubo&#039;s Holiday Homes\",\"description\":\"\",\"potentialAction\":[{\"@type\":\"SearchAction\",\"target\":{\"@type\":\"EntryPoint\",\"urlTemplate\":\"https:\/\/www.cuboshomes.com\/blog\/?s={search_term_string}\"},\"query-input\":{\"@type\":\"PropertyValueSpecification\",\"valueRequired\":true,\"valueName\":\"search_term_string\"}}],\"inLanguage\":\"es\"},{\"@type\":\"Person\",\"@id\":\"https:\/\/www.cuboshomes.com\/blog\/#\/schema\/person\/07d7351e1490c5ee1bc865d8b7866913\",\"name\":\"cuboshomes\",\"image\":{\"@type\":\"ImageObject\",\"inLanguage\":\"es\",\"@id\":\"https:\/\/www.cuboshomes.com\/blog\/#\/schema\/person\/image\/\",\"url\":\"https:\/\/secure.gravatar.com\/avatar\/7a5399cfe1894289644dcbec0fce9dc7?s=96&d=mm&r=g\",\"contentUrl\":\"https:\/\/secure.gravatar.com\/avatar\/7a5399cfe1894289644dcbec0fce9dc7?s=96&d=mm&r=g\",\"caption\":\"cuboshomes\"}}]}<\/script>\n<!-- \/ Yoast SEO plugin. -->","yoast_head_json":{"title":"Carnaval M\u00e1laga 2026: gu\u00eda completa para toda la provincia \ud83c\udfad - Blog Cubo&#039;s Holiday Homes","description":"Descubre el Carnaval M\u00e1laga 2026: fechas y actividades por municipios. Gu\u00eda completa con eventos para vivir el carnaval en toda la provincia.","robots":{"index":"index","follow":"follow","max-snippet":"max-snippet:-1","max-image-preview":"max-image-preview:large","max-video-preview":"max-video-preview:-1"},"canonical":"https:\/\/www.cuboshomes.com\/blog\/carnaval-malaga-2026\/","og_locale":"es_ES","og_type":"article","og_title":"Carnaval M\u00e1laga 2026: gu\u00eda completa para toda la provincia \ud83c\udfad - Blog Cubo&#039;s Holiday Homes","og_description":"Descubre el Carnaval M\u00e1laga 2026: fechas y actividades por municipios. Gu\u00eda completa con eventos para vivir el carnaval en toda la provincia.","og_url":"https:\/\/www.cuboshomes.com\/blog\/carnaval-malaga-2026\/","og_site_name":"Blog Cubo&#039;s Holiday Homes","article_published_time":"2026-01-23T11:55:13+00:00","article_modified_time":"2026-01-23T12:16:48+00:00","og_image":[{"width":1920,"height":650,"url":"https:\/\/www.cuboshomes.com\/blog\/wp-content\/uploads\/2026\/01\/portada.png","type":"image\/png"}],"author":"cuboshomes","twitter_card":"summary_large_image","twitter_misc":{"Written by":"cuboshomes","Est. reading time":"15 minutes"},"schema":{"@context":"https:\/\/schema.org","@graph":[{"@type":"WebPage","@id":"https:\/\/www.cuboshomes.com\/blog\/carnaval-malaga-2026\/","url":"https:\/\/www.cuboshomes.com\/blog\/carnaval-malaga-2026\/","name":"Carnaval M\u00e1laga 2026: gu\u00eda completa para toda la provincia \ud83c\udfad - Blog Cubo&#039;s Holiday Homes","isPartOf":{"@id":"https:\/\/www.cuboshomes.com\/blog\/#website"},"primaryImageOfPage":{"@id":"https:\/\/www.cuboshomes.com\/blog\/carnaval-malaga-2026\/#primaryimage"},"image":{"@id":"https:\/\/www.cuboshomes.com\/blog\/carnaval-malaga-2026\/#primaryimage"},"thumbnailUrl":"https:\/\/www.cuboshomes.com\/blog\/wp-content\/uploads\/2026\/01\/portada.png","datePublished":"2026-01-23T11:55:13+00:00","dateModified":"2026-01-23T12:16:48+00:00","author":{"@id":"https:\/\/www.cuboshomes.com\/blog\/#\/schema\/person\/07d7351e1490c5ee1bc865d8b7866913"},"description":"Descubre el Carnaval M\u00e1laga 2026: fechas y actividades por municipios. Gu\u00eda completa con eventos para vivir el carnaval en toda la provincia.","breadcrumb":{"@id":"https:\/\/www.cuboshomes.com\/blog\/carnaval-malaga-2026\/#breadcrumb"},"inLanguage":"es","potentialAction":[{"@type":"ReadAction","target":["https:\/\/www.cuboshomes.com\/blog\/carnaval-malaga-2026\/"]}]},{"@type":"ImageObject","inLanguage":"es","@id":"https:\/\/www.cuboshomes.com\/blog\/carnaval-malaga-2026\/#primaryimage","url":"https:\/\/www.cuboshomes.com\/blog\/wp-content\/uploads\/2026\/01\/portada.png","contentUrl":"https:\/\/www.cuboshomes.com\/blog\/wp-content\/uploads\/2026\/01\/portada.png","width":1920,"height":650},{"@type":"BreadcrumbList","@id":"https:\/\/www.cuboshomes.com\/blog\/carnaval-malaga-2026\/#breadcrumb","itemListElement":[{"@type":"ListItem","position":1,"name":"Portada","item":"https:\/\/www.cuboshomes.com\/blog\/"},{"@type":"ListItem","position":2,"name":"Carnaval M\u00e1laga 2026: gu\u00eda completa para toda la provincia \ud83c\udfad"}]},{"@type":"WebSite","@id":"https:\/\/www.cuboshomes.com\/blog\/#website","url":"https:\/\/www.cuboshomes.com\/blog\/","name":"Blog Cubo&#039;s Holiday Homes","description":"","potentialAction":[{"@type":"SearchAction","target":{"@type":"EntryPoint","urlTemplate":"https:\/\/www.cuboshomes.com\/blog\/?s={search_term_string}"},"query-input":{"@type":"PropertyValueSpecification","valueRequired":true,"valueName":"search_term_string"}}],"inLanguage":"es"},{"@type":"Person","@id":"https:\/\/www.cuboshomes.com\/blog\/#\/schema\/person\/07d7351e1490c5ee1bc865d8b7866913","name":"cuboshomes","image":{"@type":"ImageObject","inLanguage":"es","@id":"https:\/\/www.cuboshomes.com\/blog\/#\/schema\/person\/image\/","url":"https:\/\/secure.gravatar.com\/avatar\/7a5399cfe1894289644dcbec0fce9dc7?s=96&d=mm&r=g","contentUrl":"https:\/\/secure.gravatar.com\/avatar\/7a5399cfe1894289644dcbec0fce9dc7?s=96&d=mm&r=g","caption":"cuboshomes"}}]}},"_links":{"self":[{"href":"https:\/\/www.cuboshomes.com\/blog\/wp-json\/wp\/v2\/posts\/4582","targetHints":{"allow":["GET"]}}],"collection":[{"href":"https:\/\/www.cuboshomes.com\/blog\/wp-json\/wp\/v2\/posts"}],"about":[{"href":"https:\/\/www.cuboshomes.com\/blog\/wp-json\/wp\/v2\/types\/post"}],"author":[{"embeddable":true,"href":"https:\/\/www.cuboshomes.com\/blog\/wp-json\/wp\/v2\/users\/4"}],"replies":[{"embeddable":true,"href":"https:\/\/www.cuboshomes.com\/blog\/wp-json\/wp\/v2\/comments?post=4582"}],"version-history":[{"count":47,"href":"https:\/\/www.cuboshomes.com\/blog\/wp-json\/wp\/v2\/posts\/4582\/revisions"}],"predecessor-version":[{"id":4716,"href":"https:\/\/www.cuboshomes.com\/blog\/wp-json\/wp\/v2\/posts\/4582\/revisions\/4716"}],"wp:featuredmedia":[{"embeddable":true,"href":"https:\/\/www.cuboshomes.com\/blog\/wp-json\/wp\/v2\/media\/4690"}],"wp:attachment":[{"href":"https:\/\/www.cuboshomes.com\/blog\/wp-json\/wp\/v2\/media?parent=4582"}],"wp:term":[{"taxonomy":"category","embeddable":true,"href":"https:\/\/www.cuboshomes.com\/blog\/wp-json\/wp\/v2\/categories?post=4582"},{"taxonomy":"post_tag","embeddable":true,"href":"https:\/\/www.cuboshomes.com\/blog\/wp-json\/wp\/v2\/tags?post=4582"}],"curies":[{"name":"wp","href":"https:\/\/api.w.org\/{rel}","templated":true}]}}