{"id":263,"date":"2019-11-19T10:27:59","date_gmt":"2019-11-19T10:27:59","guid":{"rendered":"https:\/\/www.cuboshomes.com\/blog\/?p=263"},"modified":"2022-02-23T19:03:59","modified_gmt":"2022-02-23T19:03:59","slug":"vacaciones-con-ninos-en-la-costa-del-sol","status":"publish","type":"post","link":"https:\/\/www.cuboshomes.com\/blog\/vacaciones-con-ninos-en-la-costa-del-sol\/","title":{"rendered":"Vacaciones con ni\u00f1os en la Costa del Sol"},"content":{"rendered":"\n<p class=\"has-text-align-center\"><strong>Cada vez es m\u00e1s com\u00fan viajar con ni\u00f1os. Son cada vez m\u00e1s las familias que desean disfrutar de las vacaciones en compa\u00f1\u00eda de los m\u00e1s peque\u00f1os. M\u00e1laga y la Costa del Sol son un destino ideal para aquellas familias que viajan con ni\u00f1os, ya que su clima permite disfrutar de much\u00edsimas actividades al aire libre. Os desvelamos algunas propuestas para sacar el m\u00e1ximo partido a vuestras vacaciones con ni\u00f1os en la Costa del Sol.<\/strong><\/p>\n\n\n\n<h2 class=\"wp-block-heading\">Museo de la Imaginaci\u00f3n<\/h2>\n\n\n\n<p>Ubicado en pleno centro de M\u00e1laga, en el <strong>Barrio del Soho<\/strong> (<a href=\"https:\/\/goo.gl\/maps\/6GV9n4eckBtzxxp38\" target=\"_blank\" rel=\"noreferrer noopener\" aria-label=\"calle Mart\u00ednez Campos n\u00famero 13 (se abre en una nueva pesta\u00f1a)\">calle Mart\u00ednez Campos n\u00famero 13<\/a>), el <strong>Museo de la Imaginaci\u00f3n<\/strong> es uno de los lugares donde los adultos se convierten en ni\u00f1os gracias al poder de la imaginaci\u00f3n y las ilusiones.&nbsp;<\/p>\n\n\n\n<p>Luces, m\u00fasica, sombras o ilusiones \u00f3pticas permiten que la imaginaci\u00f3n vuele! No olvides llevar tu c\u00e1mara de fotos para plasmar las curiosas instant\u00e1neas que te permite crear las instalaciones de este museo. M\u00e1s informaci\u00f3n en  <a href=\"http:\/\/www.museoimaginacion.com\/\">http:\/\/www.museoimaginacion.com\/<\/a> .<\/p>\n\n\n\n<figure class=\"wp-block-image size-large\"><img fetchpriority=\"high\" decoding=\"async\" width=\"567\" height=\"319\" src=\"https:\/\/www.cuboshomes.com\/blog\/wp-content\/uploads\/2019\/11\/vacaciones-con-ninos-malaga-imaginacion1.jpg\" alt=\"\" class=\"wp-image-264\"\/><figcaption>No olvides llevar tu c\u00e1mara al Museo de la Imaginaci\u00f3n. Foto: To\u00f1i Gallego<\/figcaption><\/figure>\n\n\n\n<h2 class=\"wp-block-heading\">Museo interactivo de la M\u00fasica<\/h2>\n\n\n\n<p>El <strong><a href=\"https:\/\/www.musicaenaccion.com\/\" target=\"_blank\" rel=\"noreferrer noopener\" aria-label=\"Museo Interactivo de la M\u00fasica de M\u00e1laga (MIMMA) (se abre en una nueva pesta\u00f1a)\">Museo Interactivo de la M\u00fasica de M\u00e1laga (MIMMA)<\/a><\/strong>, ubicado en pleno centro hist\u00f3rico de M\u00e1laga (<a href=\"https:\/\/goo.gl\/maps\/M5p1NNRV4XxRhdh79\" target=\"_blank\" rel=\"noreferrer noopener\" aria-label=\"C\/ Beatas, 15) (se abre en una nueva pesta\u00f1a)\">C\/ Beatas, 15)<\/a>, re\u00fane m\u00e1s de 1.000 instrumentos de m\u00fasica de todas las civilizaciones y \u00e9pocas. Su visita merece la pena ya que intenta conocer la historia de la civilizaci\u00f3n a trav\u00e9s de su m\u00fasica de un modo interactivo y participativo. Desde su traslado a calle Beatas, el <strong>Museo Interactivo de la M\u00fasica<\/strong> sigue el concepto de <strong>\u201cmuseo inteligente\u201d<\/strong>, centr\u00e1ndose en las emociones y en la experiencia del usuario. Dispone de salas \u201cSe ruega tocar\u201d, en las que se anima al p\u00fablico a aprender por medio de la propia experimentaci\u00f3n, tocando los instrumentos.<\/p>\n\n\n\n<figure class=\"wp-block-image size-large\"><img decoding=\"async\" width=\"1500\" height=\"630\" src=\"https:\/\/www.cuboshomes.com\/blog\/wp-content\/uploads\/2019\/11\/vacaciones-con-ninos-musica-1500x630.jpg\" alt=\"\" class=\"wp-image-267\"\/><figcaption>Museo Interactivo de la M\u00fasica de M\u00e1laga. Foto: Musicaenaccion.com<\/figcaption><\/figure>\n\n\n\n<h2 class=\"wp-block-heading\">Museo Nacional de Aeropuertos y Transporte A\u00e9reo de M\u00e1laga<\/h2>\n\n\n\n<p>\u00bfC\u00f3mo vuelan los aviones? \u00bfC\u00f3mo te sientes ante los mandos de un avi\u00f3n? En el <strong><a href=\"http:\/\/www.aeroplaza.org\/\" target=\"_blank\" rel=\"noreferrer noopener\" aria-label=\"Museo Aeron\u00e1utico de M\u00e1laga (se abre en una nueva pesta\u00f1a)\">Museo Aeron\u00e1utico de M\u00e1laga<\/a><\/strong> los m\u00e1s peque\u00f1os disfrutar\u00e1n como locos descubriendo de primera mano los secretos de la aviaci\u00f3n y visitando el que fue el primer aeropuerto de M\u00e1laga. En el Museo de la Aviaci\u00f3n es imprencindible tocar, ponerse a los mandos de un avi\u00f3n e incluso disfrazarse de piloto, o azafata, o bombero. De entrada gratuita, puede visitarse los martes de 10am a 8pm, y de Mi\u00e9rcoles a S\u00e1bado de 10am a 2pm.<\/p>\n\n\n\n<h2 class=\"wp-block-heading\">Parques<\/h2>\n\n\n\n<p>&nbsp;Son muchos los parques que se reparten por toda provincia de M\u00e1laga y que permiten un buen rato de actividad y esparcimiento a toda la familia. En <strong>Torremolinos,<\/strong> os recomendamos visitar el <strong>Parque de la Bater\u00eda<\/strong> (<a href=\"https:\/\/goo.gl\/maps\/JGuswuYwxi7w5Gr56\" target=\"_blank\" rel=\"noreferrer noopener\" aria-label=\"Av. del Carmelo, s\/n (se abre en una nueva pesta\u00f1a)\"> <\/a>), un enorme parque de 74.000 metros cuadrados que, ubicado en una atalaya que mira al mar, ofrece zonas de juego para ni\u00f1os de diferentes edades, un carrusel de estilo veneciano, carril bici, miradores desde donde disfrutar de las preciosas vistas, y hasta un lago en el que puedes pasear en barca.<\/p>\n\n\n\n<div class=\"wp-block-image\"><figure class=\"aligncenter size-large\"><img decoding=\"async\" width=\"346\" height=\"307\" src=\"https:\/\/www.cuboshomes.com\/blog\/wp-content\/uploads\/2019\/11\/vacaciones-con-ninos-bateria.jpg\" alt=\"\" class=\"wp-image-271\"\/><figcaption>Lago del Parque de la Bateria. Imagen: Turismo de Torremolinos<\/figcaption><\/figure><\/div>\n\n\n\n<p>En <strong>Benalm\u00e1dena <\/strong>est\u00e1 el <strong>Parque de la Paloma<\/strong> (<a href=\"https:\/\/goo.gl\/maps\/Y7kkaYLK1V4rM3wx7\" target=\"_blank\" rel=\"noreferrer noopener\" aria-label=\"Av. Federico Garc\u00eda Lorca, s\/n (se abre en una nueva pesta\u00f1a)\">Av. Federico Garc\u00eda Lorca, s\/n<\/a>), uno de los parques m\u00e1s grandes de Europa y que cuenta con 200.000 metros cuadrados de zona verde.&nbsp; TripAdvisor lo ha incorporado es su lista de los<strong> 25 parques m\u00e1s bellos de Europa<\/strong>, acompa\u00f1ando a lugares tan incre\u00edbles como Parc G\u00fcell de Barcelona, El Retiro de Madrid o Hyde Park de Londres. Dispone zonas de juegos para todas las edades, un lago artificial donde poder echar de comer a cisnes y patos, un peque\u00f1o zool\u00f3gico, un jard\u00edn de cactus y m\u00faltiples senderos donde disfrutar de largos paseos, adem\u00e1s de bares y restaurantes.&nbsp;<\/p>\n\n\n\n<h2 class=\"wp-block-heading\">Ecoreserva Ojen<\/h2>\n\n\n\n<p>A s\u00f3lo 10 minutos de Marbella, pod\u00e9is visitar la <strong>Eco Reserva Oj\u00e9n<\/strong>, un antiguo coto de caza que hoy d\u00eda es gestionado por voluntarios medioambientales de Oj\u00e9n y que alberga un verdadero tesoro: un refugio de natural de fauna con fines de conservaci\u00f3n y de educaci\u00f3n ambiental.&nbsp;<\/p>\n\n\n\n<figure class=\"wp-block-image size-large\"><img loading=\"lazy\" decoding=\"async\" width=\"1181\" height=\"630\" src=\"https:\/\/www.cuboshomes.com\/blog\/wp-content\/uploads\/2019\/10\/oto\u00f1o-en-malaga-ecoreserva-1181x630.jpg\" alt=\"vacaciones-ninos-malaga-ojen\" class=\"wp-image-239\"\/><figcaption>Fauna en la Ecoreserva de Oj\u00e9n. Imagen: To\u00f1i Gallego<\/figcaption><\/figure>\n\n\n\n<p><strong>Ecoreserva Oj\u00e9n<\/strong> es un lugar ideal para las familias con ni\u00f1os, donde se pueden&nbsp; observar ciervos, muflones y cabras mont\u00e9s, adem\u00e1s de pasear entre casta\u00f1os, alcornoques y monte mediterr\u00e1neo. Puedes reservar tu visita en <a href=\"https:\/\/ecoreservaojen.com\/visitanos\">https:\/\/ecoreservaojen.com\/visitanos<\/a>. Con tu visita contribuyes adem\u00e1s, a la conservaci\u00f3n de este enclave natural.&nbsp;<\/p>\n\n\n\n<h2 class=\"wp-block-heading\">El Bosque de Cobre<\/h2>\n\n\n\n<p>La visita con ni\u00f1os a <strong>El Bosque de Cobre<\/strong>, en plena Serran\u00eda de Ronda, les permitir\u00e1 disfrutar de una de las estampas oto\u00f1ales m\u00e1s impresionantes del interior de la provincia de M\u00e1laga. El <strong>Valle del Gena<\/strong>l es una abrupta zona cubierta de casta\u00f1os cuyas hojas, cuando llega el oto\u00f1o, caen cubriendo los montes de marrones, amarillos, naranjas y ocres. Disfrutar viendo los paisajes, jugando con las monta\u00f1as de hojas, descubriendo setas (no os recomendamos que las recolect\u00e9is si no sois expertos en micolog\u00eda)<\/p>\n\n\n\n<figure class=\"wp-block-image size-large\"><img loading=\"lazy\" decoding=\"async\" width=\"1181\" height=\"630\" src=\"https:\/\/www.cuboshomes.com\/blog\/wp-content\/uploads\/2019\/10\/propuestas-de-oto\u00f1o-bosque-de-cobre-1181x630.jpg\" alt=\"oto\u00f1o en la costa del sol\" class=\"wp-image-233\"\/><figcaption>Senderismo con los m\u00e1s peque\u00f1os entre casta\u00f1os. Imagen: To\u00f1i Gallego<\/figcaption><\/figure>\n\n\n\n<p>Los municipios que forman el Bosque de Cobre (<a href=\"http:\/\/www.malaga.es\/es\/turismo\/localizacion\/3325\/cnl-105\/alpandeire\">Alpandeire<\/a>, <a href=\"http:\/\/www.malaga.es\/es\/turismo\/localizacion\/3325\/cnl-108\/benadalid\">Benadalid<\/a>, <a href=\"http:\/\/www.malaga.es\/es\/turismo\/localizacion\/3325\/cnl-109\/benalauria\">Benalaur\u00eda<\/a>, <a href=\"http:\/\/www.malaga.es\/es\/turismo\/localizacion\/3325\/cnl-113\/cartajima\">Cartajima<\/a>, <a href=\"http:\/\/www.malaga.es\/es\/turismo\/localizacion\/3325\/cnl-115\/farajan\">Faraj\u00e1n<\/a>, <a href=\"http:\/\/www.malaga.es\/es\/turismo\/localizacion\/3325\/cnl-117\/genalguacil\">Genalguacil<\/a>, <a href=\"http:\/\/www.malaga.es\/es\/turismo\/localizacion\/3325\/cnl-118\/igualeja\">Igualeja<\/a>, <a href=\"http:\/\/www.malaga.es\/es\/turismo\/localizacion\/3325\/cnl-120\/jubrique\">Jubrique<\/a>, <a href=\"http:\/\/www.malaga.es\/es\/turismo\/localizacion\/3325\/cnl-121\/juzcar\">J\u00fazcar<\/a>, <a href=\"http:\/\/www.malaga.es\/es\/turismo\/localizacion\/3325\/cnl-123\/parauta\">Parauta<\/a>, <a href=\"http:\/\/www.malaga.es\/es\/turismo\/localizacion\/3325\/cnl-124\/pujerra\">Pujerra <\/a>y <a href=\"http:\/\/www.malaga.es\/es\/turismo\/localizacion\/3325\/cnl-135\/yunquera\">Yunquera<\/a>) cuentan con una enorme tradici\u00f3n en torno a la casta\u00f1a. Visitarlos en cualquier \u00e9poca del a\u00f1o y especialmente en oto\u00f1o es una oportunidad \u00fanica para descubrir hermosos paisajes, una sabrosa gastronom\u00eda y numerosas fiestas, algunas declaradas de Singularidad tur\u00edstica por su inter\u00e9s provincial.<\/p>\n\n\n\n<h2 class=\"wp-block-heading\">Selwo aventura<\/h2>\n\n\n\n<p>En Estepona se encuentra <strong><a rel=\"noreferrer noopener\" aria-label=\"Selwo Aventura (se abre en una nueva pesta\u00f1a)\" href=\"https:\/\/www.selwo.es\/\" target=\"_blank\">Selwo Aventura<\/a><\/strong>, un parque \u00fanico donde fauna, naturaleza y aventura son los protagonistas. Los peque\u00f1os podr\u00e1n disfrutar y conocer mejor los grandes mam\u00edferos de la sabana africana: guepardo, elefantes, leones, jirafas, rinocerontes, hipop\u00f3tamos\u2026 Adem\u00e1s, el parque ofrece numerosas actividades de aventura y programas de interacci\u00f3n como la exclusiva <strong>Visita Vip Obama<\/strong> y el <strong>Safari Serengueti<\/strong>. <\/p>\n\n\n\n<figure class=\"wp-block-gallery columns-1 is-cropped wp-block-gallery-1 is-layout-flex wp-block-gallery-is-layout-flex\"><ul class=\"blocks-gallery-grid\"><li class=\"blocks-gallery-item\"><figure><img loading=\"lazy\" decoding=\"async\" width=\"720\" height=\"480\" src=\"https:\/\/www.cuboshomes.com\/blog\/wp-content\/uploads\/2019\/11\/vacaciones-con-ninos-selwo.jpg\" alt=\"\" data-id=\"274\" data-full-url=\"https:\/\/www.cuboshomes.com\/blog\/wp-content\/uploads\/2019\/11\/vacaciones-con-ninos-selwo.jpg\" data-link=\"https:\/\/www.cuboshomes.com\/blog\/?attachment_id=274\" class=\"wp-image-274\" srcset=\"https:\/\/www.cuboshomes.com\/blog\/wp-content\/uploads\/2019\/11\/vacaciones-con-ninos-selwo.jpg 720w, https:\/\/www.cuboshomes.com\/blog\/wp-content\/uploads\/2019\/11\/vacaciones-con-ninos-selwo-360x240.jpg 360w\" sizes=\"(max-width: 720px) 100vw, 720px\" \/><\/figure><\/li><\/ul><figcaption class=\"blocks-gallery-caption\">El rey de la Sabana en Selwo Aventura. Imagen: To\u00f1i Gallego<\/figcaption><\/figure>\n\n\n\n<h2 class=\"wp-block-heading\">Telef\u00e9rico de Benalm\u00e1dena<\/h2>\n\n\n\n<p>Situado en el Arroyo de la Miel, junto al Parque de Atracciones T\u00edvoli World, el <strong>Telef\u00e9rico de Benalm\u00e1dena <\/strong>permite disfrutar de impresionantes vistas de toda la Costa del SOl gracias a la subida al <strong>monte Calamorro.<\/strong> Una vez arriba, podr\u00e1s disfrutar de exhibiciones de aves rapaces y en los meses de verano, de sesiones de Astronom\u00eda. El entorno cuenta con diversas rutas de senderismo, con diferentes niveles de dificultad y servicio de restauraci\u00f3n. M\u00e1s informaci\u00f3n en <a href=\"https:\/\/www.telefericobenalmadena.com\/\">https:\/\/www.telefericobenalmadena.com\/<\/a>.<\/p>\n\n\n\n<figure class=\"wp-block-image size-large\"><img loading=\"lazy\" decoding=\"async\" width=\"567\" height=\"319\" src=\"https:\/\/www.cuboshomes.com\/blog\/wp-content\/uploads\/2019\/11\/vacaciones-con-ninos-teleferico.jpg\" alt=\"\" class=\"wp-image-278\"\/><figcaption>Vistas de la Costa desde El Monte Calamorro. Imagen: To\u00f1i Gallego<\/figcaption><\/figure>\n\n\n\n<h2 class=\"wp-block-heading\">Cuevas de Nerja<\/h2>\n\n\n\n<p>Adentrarse en una de las cuevas m\u00e1s visitadas de Andaluc\u00eda es sin lugar a dudas uno de los planes que m\u00e1s a disfrutar los ni\u00f1os. Situadas en <strong>Maro<\/strong>, pedan\u00eda de Nerja, la visita a las <strong><a href=\"http:\/\/www.cuevadenerja.es\/\" target=\"_blank\" rel=\"noreferrer noopener\" aria-label=\"Cuevas de Nerja (se abre en una nueva pesta\u00f1a)\">Cuevas de Nerja<\/a><\/strong> tienen una duraci\u00f3n de 45 minutos por una gruta que es a su vez un patrimonio hist\u00f3rico de Espa\u00f1a, es la cueva del mundo que tiene m\u00e1s manifestaciones art\u00edsticas y simb\u00f3licas prehist\u00f3ricas.&nbsp;<\/p>\n\n\n\n<p>Las Cuevas de Nerja cuentan con m\u00e1s de quinientas manifestaciones art\u00edsticas prehist\u00f3ricas. Mediante las visitas se puede aprender mucho sobre el <strong>arte del Paleol\u00edtico Superior y la Prehistoria<\/strong>. La pintura destaca a lo largo de toda la cueva, llen\u00e1ndola de tonos rojizos y negros sobre todo. Entre los diferentes dibujos podemos distinguir las figuras de caballos, ciervos, focas, aves y cabras.<\/p>\n\n\n\n<p>Conoce m\u00e1s planes para disfrutar de tus vacaciones con ni\u00f1os en la Costa del Sol en nuestro post <a aria-label=\"10 planes (se abre en una nueva pesta\u00f1a)\" rel=\"noreferrer noopener\" href=\"https:\/\/www.cuboshomes.com\/blog\/otono-en-la-costa-del-sol\/\" target=\"_blank\">Propuestas para disfrutar del oto\u00f1o en la Costa del Sol<\/a>. Tambi\u00e9n te recomendamos que visites nuestro listado con los mejores <a href=\"https:\/\/www.cuboshomes.com\/blog\/parque-acuatico-malaga\/\">parques acu\u00e1ticos de M\u00e1laga<\/a> para que puedas disfrutar de d\u00edas espectaculares en ellos con tus hijos, una actividad que seguro que les encanta.<\/p>\n\n\n\n<h2 class=\"wp-block-heading\">Alojamientos ideales con ni\u00f1os en la Costa del Sol<\/h2>\n\n\n\n<p>Si est\u00e1s planeando visitar uno de estos lugares fant\u00e1sticos con tu familila, aqu\u00ed te damos una recomendaci\u00f3n para que puedas pasar unos d\u00edas con la m\u00e1xima comodidad, mejor que en tu prop\u00eca casa. En Cubos Holiday Homes somos especialistas en <a href=\"https:\/\/www.cuboshomes.com\/alquiler\/alquileres-andalucia-r2\/\">alquileres tur\u00edsticos en la Costa del Sol<\/a>, as\u00ed que te ofrecemos la opci\u00f3n de reservar para tu estancia un apartamento o villa en la que dispondr\u00e1s de todo lo necesario. Alguno de estos lugares est\u00e1n muy pr\u00f3ximos a nuestras recomendaciones para visitar con tus hijos, as\u00ed que te animamos a que consultes nuestra selecci\u00f3n en la secci\u00f3n de Alojamiento de esta p\u00e1gina.<br><\/p>\n","protected":false},"excerpt":{"rendered":"<p>Cada vez es m\u00e1s com\u00fan viajar con ni\u00f1os. Son cada vez m\u00e1s las familias que desean disfrutar de las vacaciones en compa\u00f1\u00eda de los m\u00e1s peque\u00f1os. M\u00e1laga y la Costa del Sol son un destino ideal para aquellas familias que viajan con ni\u00f1os, ya que su clima permite disfrutar de much\u00edsimas actividades al aire libre. [&hellip;]<\/p>\n","protected":false},"author":4,"featured_media":264,"comment_status":"open","ping_status":"open","sticky":false,"template":"","format":"standard","meta":{"footnotes":""},"categories":[4,1],"tags":[5,7,52],"class_list":["post-263","post","type-post","status-publish","format-standard","has-post-thumbnail","hentry","category-ocio","category-sin-categorizar","tag-costa-del-sol","tag-gastronomia","tag-ninos"],"yoast_head":"<!-- This site is optimized with the Yoast SEO plugin v25.3 - https:\/\/yoast.com\/wordpress\/plugins\/seo\/ -->\n<title>Vacaciones con ni\u00f1os en la Costa del Sol - Blog Cubo&#039;s Holiday Homes<\/title>\n<meta name=\"description\" content=\"Os desvelamos algunas propuestas para disfrutar al m\u00e1ximo de vuestras vacaciones con ni\u00f1os en la Costa del Sol.\" \/>\n<meta name=\"robots\" content=\"index, follow, max-snippet:-1, max-image-preview:large, max-video-preview:-1\" \/>\n<link rel=\"canonical\" href=\"https:\/\/www.cuboshomes.com\/blog\/vacaciones-con-ninos-en-la-costa-del-sol\/\" \/>\n<meta property=\"og:locale\" content=\"es_ES\" \/>\n<meta property=\"og:type\" content=\"article\" \/>\n<meta property=\"og:title\" content=\"Vacaciones con ni\u00f1os en la Costa del Sol - Blog Cubo&#039;s Holiday Homes\" \/>\n<meta property=\"og:description\" content=\"Os desvelamos algunas propuestas para disfrutar al m\u00e1ximo de vuestras vacaciones con ni\u00f1os en la Costa del Sol.\" \/>\n<meta property=\"og:url\" content=\"https:\/\/www.cuboshomes.com\/blog\/vacaciones-con-ninos-en-la-costa-del-sol\/\" \/>\n<meta property=\"og:site_name\" content=\"Blog Cubo&#039;s Holiday Homes\" \/>\n<meta property=\"article:published_time\" content=\"2019-11-19T10:27:59+00:00\" \/>\n<meta property=\"article:modified_time\" content=\"2022-02-23T19:03:59+00:00\" \/>\n<meta property=\"og:image\" content=\"https:\/\/www.cuboshomes.com\/blog\/wp-content\/uploads\/2019\/11\/vacaciones-con-ninos-malaga-imaginacion1.jpg\" \/>\n\t<meta property=\"og:image:width\" content=\"567\" \/>\n\t<meta property=\"og:image:height\" content=\"319\" \/>\n\t<meta property=\"og:image:type\" content=\"image\/jpeg\" \/>\n<meta name=\"author\" content=\"cuboshomes\" \/>\n<meta name=\"twitter:card\" content=\"summary_large_image\" \/>\n<meta name=\"twitter:label1\" content=\"Written by\" \/>\n\t<meta name=\"twitter:data1\" content=\"cuboshomes\" \/>\n\t<meta name=\"twitter:label2\" content=\"Est. reading time\" \/>\n\t<meta name=\"twitter:data2\" content=\"8 minutes\" \/>\n<script type=\"application\/ld+json\" class=\"yoast-schema-graph\">{\"@context\":\"https:\/\/schema.org\",\"@graph\":[{\"@type\":\"WebPage\",\"@id\":\"https:\/\/www.cuboshomes.com\/blog\/vacaciones-con-ninos-en-la-costa-del-sol\/\",\"url\":\"https:\/\/www.cuboshomes.com\/blog\/vacaciones-con-ninos-en-la-costa-del-sol\/\",\"name\":\"Vacaciones con ni\u00f1os en la Costa del Sol - Blog Cubo&#039;s Holiday Homes\",\"isPartOf\":{\"@id\":\"https:\/\/www.cuboshomes.com\/blog\/#website\"},\"primaryImageOfPage\":{\"@id\":\"https:\/\/www.cuboshomes.com\/blog\/vacaciones-con-ninos-en-la-costa-del-sol\/#primaryimage\"},\"image\":{\"@id\":\"https:\/\/www.cuboshomes.com\/blog\/vacaciones-con-ninos-en-la-costa-del-sol\/#primaryimage\"},\"thumbnailUrl\":\"https:\/\/www.cuboshomes.com\/blog\/wp-content\/uploads\/2019\/11\/vacaciones-con-ninos-malaga-imaginacion1.jpg\",\"datePublished\":\"2019-11-19T10:27:59+00:00\",\"dateModified\":\"2022-02-23T19:03:59+00:00\",\"author\":{\"@id\":\"https:\/\/www.cuboshomes.com\/blog\/#\/schema\/person\/07d7351e1490c5ee1bc865d8b7866913\"},\"description\":\"Os desvelamos algunas propuestas para disfrutar al m\u00e1ximo de vuestras vacaciones con ni\u00f1os en la Costa del Sol.\",\"breadcrumb\":{\"@id\":\"https:\/\/www.cuboshomes.com\/blog\/vacaciones-con-ninos-en-la-costa-del-sol\/#breadcrumb\"},\"inLanguage\":\"es\",\"potentialAction\":[{\"@type\":\"ReadAction\",\"target\":[\"https:\/\/www.cuboshomes.com\/blog\/vacaciones-con-ninos-en-la-costa-del-sol\/\"]}]},{\"@type\":\"ImageObject\",\"inLanguage\":\"es\",\"@id\":\"https:\/\/www.cuboshomes.com\/blog\/vacaciones-con-ninos-en-la-costa-del-sol\/#primaryimage\",\"url\":\"https:\/\/www.cuboshomes.com\/blog\/wp-content\/uploads\/2019\/11\/vacaciones-con-ninos-malaga-imaginacion1.jpg\",\"contentUrl\":\"https:\/\/www.cuboshomes.com\/blog\/wp-content\/uploads\/2019\/11\/vacaciones-con-ninos-malaga-imaginacion1.jpg\",\"width\":567,\"height\":319,\"caption\":\"vacaciones-con-ninos-costa-del-sol\"},{\"@type\":\"BreadcrumbList\",\"@id\":\"https:\/\/www.cuboshomes.com\/blog\/vacaciones-con-ninos-en-la-costa-del-sol\/#breadcrumb\",\"itemListElement\":[{\"@type\":\"ListItem\",\"position\":1,\"name\":\"Portada\",\"item\":\"https:\/\/www.cuboshomes.com\/blog\/\"},{\"@type\":\"ListItem\",\"position\":2,\"name\":\"Vacaciones con ni\u00f1os en la Costa del Sol\"}]},{\"@type\":\"WebSite\",\"@id\":\"https:\/\/www.cuboshomes.com\/blog\/#website\",\"url\":\"https:\/\/www.cuboshomes.com\/blog\/\",\"name\":\"Blog Cubo&#039;s Holiday Homes\",\"description\":\"\",\"potentialAction\":[{\"@type\":\"SearchAction\",\"target\":{\"@type\":\"EntryPoint\",\"urlTemplate\":\"https:\/\/www.cuboshomes.com\/blog\/?s={search_term_string}\"},\"query-input\":{\"@type\":\"PropertyValueSpecification\",\"valueRequired\":true,\"valueName\":\"search_term_string\"}}],\"inLanguage\":\"es\"},{\"@type\":\"Person\",\"@id\":\"https:\/\/www.cuboshomes.com\/blog\/#\/schema\/person\/07d7351e1490c5ee1bc865d8b7866913\",\"name\":\"cuboshomes\",\"image\":{\"@type\":\"ImageObject\",\"inLanguage\":\"es\",\"@id\":\"https:\/\/www.cuboshomes.com\/blog\/#\/schema\/person\/image\/\",\"url\":\"https:\/\/secure.gravatar.com\/avatar\/7a5399cfe1894289644dcbec0fce9dc7?s=96&d=mm&r=g\",\"contentUrl\":\"https:\/\/secure.gravatar.com\/avatar\/7a5399cfe1894289644dcbec0fce9dc7?s=96&d=mm&r=g\",\"caption\":\"cuboshomes\"}}]}<\/script>\n<!-- \/ Yoast SEO plugin. -->","yoast_head_json":{"title":"Vacaciones con ni\u00f1os en la Costa del Sol - Blog Cubo&#039;s Holiday Homes","description":"Os desvelamos algunas propuestas para disfrutar al m\u00e1ximo de vuestras vacaciones con ni\u00f1os en la Costa del Sol.","robots":{"index":"index","follow":"follow","max-snippet":"max-snippet:-1","max-image-preview":"max-image-preview:large","max-video-preview":"max-video-preview:-1"},"canonical":"https:\/\/www.cuboshomes.com\/blog\/vacaciones-con-ninos-en-la-costa-del-sol\/","og_locale":"es_ES","og_type":"article","og_title":"Vacaciones con ni\u00f1os en la Costa del Sol - Blog Cubo&#039;s Holiday Homes","og_description":"Os desvelamos algunas propuestas para disfrutar al m\u00e1ximo de vuestras vacaciones con ni\u00f1os en la Costa del Sol.","og_url":"https:\/\/www.cuboshomes.com\/blog\/vacaciones-con-ninos-en-la-costa-del-sol\/","og_site_name":"Blog Cubo&#039;s Holiday Homes","article_published_time":"2019-11-19T10:27:59+00:00","article_modified_time":"2022-02-23T19:03:59+00:00","og_image":[{"width":567,"height":319,"url":"https:\/\/www.cuboshomes.com\/blog\/wp-content\/uploads\/2019\/11\/vacaciones-con-ninos-malaga-imaginacion1.jpg","type":"image\/jpeg"}],"author":"cuboshomes","twitter_card":"summary_large_image","twitter_misc":{"Written by":"cuboshomes","Est. reading time":"8 minutes"},"schema":{"@context":"https:\/\/schema.org","@graph":[{"@type":"WebPage","@id":"https:\/\/www.cuboshomes.com\/blog\/vacaciones-con-ninos-en-la-costa-del-sol\/","url":"https:\/\/www.cuboshomes.com\/blog\/vacaciones-con-ninos-en-la-costa-del-sol\/","name":"Vacaciones con ni\u00f1os en la Costa del Sol - Blog Cubo&#039;s Holiday Homes","isPartOf":{"@id":"https:\/\/www.cuboshomes.com\/blog\/#website"},"primaryImageOfPage":{"@id":"https:\/\/www.cuboshomes.com\/blog\/vacaciones-con-ninos-en-la-costa-del-sol\/#primaryimage"},"image":{"@id":"https:\/\/www.cuboshomes.com\/blog\/vacaciones-con-ninos-en-la-costa-del-sol\/#primaryimage"},"thumbnailUrl":"https:\/\/www.cuboshomes.com\/blog\/wp-content\/uploads\/2019\/11\/vacaciones-con-ninos-malaga-imaginacion1.jpg","datePublished":"2019-11-19T10:27:59+00:00","dateModified":"2022-02-23T19:03:59+00:00","author":{"@id":"https:\/\/www.cuboshomes.com\/blog\/#\/schema\/person\/07d7351e1490c5ee1bc865d8b7866913"},"description":"Os desvelamos algunas propuestas para disfrutar al m\u00e1ximo de vuestras vacaciones con ni\u00f1os en la Costa del Sol.","breadcrumb":{"@id":"https:\/\/www.cuboshomes.com\/blog\/vacaciones-con-ninos-en-la-costa-del-sol\/#breadcrumb"},"inLanguage":"es","potentialAction":[{"@type":"ReadAction","target":["https:\/\/www.cuboshomes.com\/blog\/vacaciones-con-ninos-en-la-costa-del-sol\/"]}]},{"@type":"ImageObject","inLanguage":"es","@id":"https:\/\/www.cuboshomes.com\/blog\/vacaciones-con-ninos-en-la-costa-del-sol\/#primaryimage","url":"https:\/\/www.cuboshomes.com\/blog\/wp-content\/uploads\/2019\/11\/vacaciones-con-ninos-malaga-imaginacion1.jpg","contentUrl":"https:\/\/www.cuboshomes.com\/blog\/wp-content\/uploads\/2019\/11\/vacaciones-con-ninos-malaga-imaginacion1.jpg","width":567,"height":319,"caption":"vacaciones-con-ninos-costa-del-sol"},{"@type":"BreadcrumbList","@id":"https:\/\/www.cuboshomes.com\/blog\/vacaciones-con-ninos-en-la-costa-del-sol\/#breadcrumb","itemListElement":[{"@type":"ListItem","position":1,"name":"Portada","item":"https:\/\/www.cuboshomes.com\/blog\/"},{"@type":"ListItem","position":2,"name":"Vacaciones con ni\u00f1os en la Costa del Sol"}]},{"@type":"WebSite","@id":"https:\/\/www.cuboshomes.com\/blog\/#website","url":"https:\/\/www.cuboshomes.com\/blog\/","name":"Blog Cubo&#039;s Holiday Homes","description":"","potentialAction":[{"@type":"SearchAction","target":{"@type":"EntryPoint","urlTemplate":"https:\/\/www.cuboshomes.com\/blog\/?s={search_term_string}"},"query-input":{"@type":"PropertyValueSpecification","valueRequired":true,"valueName":"search_term_string"}}],"inLanguage":"es"},{"@type":"Person","@id":"https:\/\/www.cuboshomes.com\/blog\/#\/schema\/person\/07d7351e1490c5ee1bc865d8b7866913","name":"cuboshomes","image":{"@type":"ImageObject","inLanguage":"es","@id":"https:\/\/www.cuboshomes.com\/blog\/#\/schema\/person\/image\/","url":"https:\/\/secure.gravatar.com\/avatar\/7a5399cfe1894289644dcbec0fce9dc7?s=96&d=mm&r=g","contentUrl":"https:\/\/secure.gravatar.com\/avatar\/7a5399cfe1894289644dcbec0fce9dc7?s=96&d=mm&r=g","caption":"cuboshomes"}}]}},"_links":{"self":[{"href":"https:\/\/www.cuboshomes.com\/blog\/wp-json\/wp\/v2\/posts\/263","targetHints":{"allow":["GET"]}}],"collection":[{"href":"https:\/\/www.cuboshomes.com\/blog\/wp-json\/wp\/v2\/posts"}],"about":[{"href":"https:\/\/www.cuboshomes.com\/blog\/wp-json\/wp\/v2\/types\/post"}],"author":[{"embeddable":true,"href":"https:\/\/www.cuboshomes.com\/blog\/wp-json\/wp\/v2\/users\/4"}],"replies":[{"embeddable":true,"href":"https:\/\/www.cuboshomes.com\/blog\/wp-json\/wp\/v2\/comments?post=263"}],"version-history":[{"count":5,"href":"https:\/\/www.cuboshomes.com\/blog\/wp-json\/wp\/v2\/posts\/263\/revisions"}],"predecessor-version":[{"id":1202,"href":"https:\/\/www.cuboshomes.com\/blog\/wp-json\/wp\/v2\/posts\/263\/revisions\/1202"}],"wp:featuredmedia":[{"embeddable":true,"href":"https:\/\/www.cuboshomes.com\/blog\/wp-json\/wp\/v2\/media\/264"}],"wp:attachment":[{"href":"https:\/\/www.cuboshomes.com\/blog\/wp-json\/wp\/v2\/media?parent=263"}],"wp:term":[{"taxonomy":"category","embeddable":true,"href":"https:\/\/www.cuboshomes.com\/blog\/wp-json\/wp\/v2\/categories?post=263"},{"taxonomy":"post_tag","embeddable":true,"href":"https:\/\/www.cuboshomes.com\/blog\/wp-json\/wp\/v2\/tags?post=263"}],"curies":[{"name":"wp","href":"https:\/\/api.w.org\/{rel}","templated":true}]}}