{"id":232,"date":"2019-10-31T11:17:43","date_gmt":"2019-10-31T11:17:43","guid":{"rendered":"https:\/\/www.cuboshomes.com\/blog\/?p=232"},"modified":"2019-10-31T12:24:43","modified_gmt":"2019-10-31T12:24:43","slug":"otono-en-la-costa-del-sol","status":"publish","type":"post","link":"https:\/\/www.cuboshomes.com\/blog\/otono-en-la-costa-del-sol\/","title":{"rendered":"Propuestas para disfrutar del oto\u00f1o en la Costa del Sol"},"content":{"rendered":"\n<h4 class=\"wp-block-heading\"> Llega el oto\u00f1o y la provincia de M\u00e1laga sigue ofreciendo a los visitantes numerosos tesoros que descubrir. El oto\u00f1o es la \u00e9poca ideal para descubrir el interior de la provincia, diverso y rico y lleno de posibilidades que te mostrar\u00e1n los mejores rincones, la mejor gastronom\u00eda y el m\u00e1s interesante folclore. Os descubrimos estas propuestas para disfrutar del oto\u00f1o en la Costa del Sol <\/h4>\n\n\n\n<h2 class=\"wp-block-heading\">El Bosque de Cobre<\/h2>\n\n\n\n<p>Nuestra primera propuesta de oto\u00f1o en la Costa del Sol te llevar\u00e1 hasta la <strong>Serran\u00eda de Ronda<\/strong>, concretamente hasta el <strong>Valle del Genal<\/strong>. En esta zona podr\u00e1s deleitarte con una de las estampas oto\u00f1ales m\u00e1s impresionantes del interior de la provincia de M\u00e1laga. El Valle del Genal es una abrupta zona cubierta de casta\u00f1os cuyas hojas, cuando llega el oto\u00f1o, caen cubriendo los montes de marrones, amarillos, naranjas y ocres.<\/p>\n\n\n\n<figure class=\"wp-block-image\"><img fetchpriority=\"high\" decoding=\"async\" width=\"1181\" height=\"630\" src=\"https:\/\/www.cuboshomes.com\/blog\/wp-content\/uploads\/2019\/10\/propuestas-de-oto\u00f1o-bosque-de-cobre-1181x630.jpg\" alt=\"Senderismo en el Bosque de Cobre\" class=\"wp-image-233\"\/><figcaption>Senderismo entre Casta\u00f1os en el Bosque de Cobre. Imagen: To\u00f1i Gallego<\/figcaption><\/figure>\n\n\n\n<p>Los municipios que forman el Bosque de Cobre (<a href=\"http:\/\/www.malaga.es\/es\/turismo\/localizacion\/3325\/cnl-105\/alpandeire\">Alpandeire<\/a>, <a href=\"http:\/\/www.malaga.es\/es\/turismo\/localizacion\/3325\/cnl-108\/benadalid\">Benadalid<\/a>, <a href=\"http:\/\/www.malaga.es\/es\/turismo\/localizacion\/3325\/cnl-109\/benalauria\">Benalaur\u00eda<\/a>, <a href=\"http:\/\/www.malaga.es\/es\/turismo\/localizacion\/3325\/cnl-113\/cartajima\">Cartajima<\/a>, <a href=\"http:\/\/www.malaga.es\/es\/turismo\/localizacion\/3325\/cnl-115\/farajan\">Faraj\u00e1n<\/a>, <a href=\"http:\/\/www.malaga.es\/es\/turismo\/localizacion\/3325\/cnl-117\/genalguacil\">Genalguacil<\/a>, <a href=\"http:\/\/www.malaga.es\/es\/turismo\/localizacion\/3325\/cnl-118\/igualeja\">Igualeja<\/a>, <a href=\"http:\/\/www.malaga.es\/es\/turismo\/localizacion\/3325\/cnl-120\/jubrique\">Jubrique<\/a>, <a href=\"http:\/\/www.malaga.es\/es\/turismo\/localizacion\/3325\/cnl-121\/juzcar\">J\u00fazcar<\/a>, <a href=\"http:\/\/www.malaga.es\/es\/turismo\/localizacion\/3325\/cnl-123\/parauta\">Parauta<\/a>, <a href=\"http:\/\/www.malaga.es\/es\/turismo\/localizacion\/3325\/cnl-124\/pujerra\">Pujerra <\/a>y <a href=\"http:\/\/www.malaga.es\/es\/turismo\/localizacion\/3325\/cnl-135\/yunquera\">Yunquera<\/a>) cuentan con una enorme tradici\u00f3n en torno a la casta\u00f1a. Visitarlos en cualquier \u00e9poca del a\u00f1o y especialmente en oto\u00f1o es una oportunidad \u00fanica para descubrir hermosos paisajes, una sabrosa gastronom\u00eda y numerosas fiestas, algunas declaradas de Singularidad tur\u00edstica por su inter\u00e9s provincial.<\/p>\n\n\n\n<p>M\u00e1s informaci\u00f3n en  <a href=\"http:\/\/www.malaga.es\/es\/turismo\/5621\/el-bosque-de-cobre\">http:\/\/www.malaga.es\/es\/turismo\/5621\/el-bosque-de-cobre<\/a> <\/p>\n\n\n\n<h2 class=\"wp-block-heading\">Disfruta de los vinos de M\u00e1laga<\/h2>\n\n\n\n<p>M\u00e1laga posee una tradici\u00f3n vitivin\u00edcola centenaria que hoy d\u00eda est\u00e1 recuperando todo su esplendor gracias a la recuperaci\u00f3n de los vi\u00f1edos y a la creaci\u00f3n de grandes caldos por toda la provincia.&nbsp;<\/p>\n\n\n\n<figure class=\"wp-block-image\"><img decoding=\"async\" width=\"1181\" height=\"630\" src=\"https:\/\/www.cuboshomes.com\/blog\/wp-content\/uploads\/2019\/10\/enoturismo-malaga-1181x630.jpg\" alt=\"Vi\u00f1edos en Bodega Gonzalo Beltr\u00e1n\" class=\"wp-image-236\"\/><figcaption>Vi\u00f1edos en la Serran\u00eda de Ronda. Imagen: To\u00f1i Gallego<\/figcaption><\/figure>\n\n\n\n<p>Si quieres disfrutar de la historia de los vinos de M\u00e1laga y conocer la labor que las bodegas realizan, te recomendamos participar en cualquiera de las actividades que ofrece la <strong>Ruta de los Vinos de M\u00e1laga y Ronda<\/strong>, que incluye visitas a bodegas, catas o degustaciones. A diferencia de otras zonas de la pen\u00ednsula donde se produce vino, \u00e9sta posee una orograf\u00eda muy accidentada. Esto da lugar a paisajes con vi\u00f1edos en pendiente y en los que se conservan los m\u00e9todos de recolecci\u00f3n m\u00e1s tradicionales.<\/p>\n\n\n\n<p>Empresas como <a href=\"http:\/\/www.ciceronesrurales.com\">Cicerones Rurales<\/a>, <a href=\"http:\/\/www.milamoresronda.com\/\">Milamores<\/a> o <a href=\"https:\/\/www.facebook.com\/enoxperience.axarquia\">Enoexperiences Axarqu\u00eda<\/a> te acercar\u00e1n a las bodegas y vi\u00f1edos de la provincia de M\u00e1laga.<\/p>\n\n\n\n<h2 class=\"wp-block-heading\">Gran Senda de M\u00e1laga<\/h2>\n\n\n\n<p>La <a href=\"http:\/\/www.gransendademalaga.es\">Gran Senda de M\u00e1laga <\/a>es una ruta \u00fanica en Andaluc\u00eda que transcurre por toda la diversidad paisaj\u00edstica y medioambiental de la provincia de M\u00e1laga. Esta ruta, de <strong>745 kil\u00f3metros divididos en 35 etapas<\/strong>, permite a los senderistas disfrutar de la diversidad que ofrecen los municipios de M\u00e1laga: desde las playas y acantilados de la costa de la Axarqu\u00eda, hasta los paisajes serranos de Ronda, los valles llenos de huertas del Guadalhorce o las llanuras de la zona norte de M\u00e1laga. En oto\u00f1o, son numerosas las empresas que ofrecen <strong>rutas interpretadas por la Gran Senda. <\/strong><\/p>\n\n\n\n<h2 class=\"wp-block-heading\">Ecoreserva Oj\u00e9n<\/h2>\n\n\n\n<p>A s\u00f3lo 10 minutos de Marbella, pod\u00e9is visitar la <strong>Eco Reserva Oj\u00e9n,<\/strong> un antiguo coto de caza que hoy d\u00eda es gestionado por voluntarios medioambientales de Oj\u00e9n y que alberga un verdadero tesoro: un <strong>refugio natural de fauna<\/strong> con fines de conservaci\u00f3n y de educaci\u00f3n ambiental.\u00a0<\/p>\n\n\n\n<figure class=\"wp-block-image\"><img decoding=\"async\" width=\"1181\" height=\"630\" src=\"https:\/\/www.cuboshomes.com\/blog\/wp-content\/uploads\/2019\/10\/oto\u00f1o-en-malaga-ecoreserva-1181x630.jpg\" alt=\"Fauna en la Ecoreserva Oj\u00e9n\" class=\"wp-image-239\"\/><figcaption>Muflones, cabra mont\u00e9s y jabal\u00edes en la Ecoreserva Oj\u00e9n. Imagen: To\u00f1i Gallego<\/figcaption><\/figure>\n\n\n\n<p>Ecoreserva Oj\u00e9n es un lugar ideal para las <strong>familias con ni\u00f1os<\/strong>, donde se pueden\u00a0 observar ciervos, muflones y cabras mont\u00e9s, adem\u00e1s de pasear entre <strong>casta\u00f1os, alcornoques y monte mediterr\u00e1neo<\/strong>. Puedes reservar tu visita en <a href=\"https:\/\/ecoreservaojen.com\/visitanos\">https:\/\/ecoreservaojen.com\/visitanos<\/a>. Con tu visita contribuyes adem\u00e1s, a la conservaci\u00f3n de este enclave natural.\u00a0<\/p>\n\n\n\n<h2 class=\"wp-block-heading\">Conocer el pasado bandolero de M\u00e1laga<\/h2>\n\n\n\n<p>El pasado bandolero de M\u00e1laga siempre ha despertado inter\u00e9s entre los viajeros. Ya en el siglo XIX, los<strong> viajeros rom\u00e1nticos<\/strong> relataban las peripecias de estos personajes en sus cr\u00f3nicas. Jos\u00e9 Mar\u00eda el Tempranillo, Pasos Largos, Tragabuches, Zamarrilla, Luis Candelas\u2026 han sido protagonistas de coplas, historias y leyendas por toda la provincia de M\u00e1laga. Ello ha dejado un legado en lugares como Alameda, donde se inicia la <a href=\"http:\/\/www.rutadeltempranillo.es\/\">Ruta del Tempranillo<\/a>, que incluye municipios de M\u00e1laga, C\u00f3rdoba y Sevilla y donde se puede disfrutar de los paisajes, las leyendas y la gastronom\u00eda de la zona. Otros lugares imprescindibles para conocer el pasado bandolero de M\u00e1laga son el <a href=\"https:\/\/museobandolero.com\/\">Museo del Bandolero en Ronda<\/a> o la <a href=\"https:\/\/www.zamarrilla.es\/ermita\/\">Ermita de Zamarrilla<\/a>.<\/p>\n\n\n\n<h2 class=\"wp-block-heading\">Oleoturismo<\/h2>\n\n\n\n<p>El oto\u00f1o es \u00e9poca de <strong>verdeo<\/strong> en M\u00e1laga. Se conoce como <strong>verdeo<\/strong> la recogida de la aceituna para su posterior uso para aceite o como aceituna de mesa. Tanto la recogida de la aceituna, como su molturaci\u00f3n para su posterior uso como <strong>aceite de oliva virgen extra<\/strong>, hasta su partido y ali\u00f1ado como <strong>aceituna de mesa<\/strong>, son protagonistas en numerosas actividades que se desarrollan por toda la provincia.\u00a0<\/p>\n\n\n\n<figure class=\"wp-block-image\"><img loading=\"lazy\" decoding=\"async\" width=\"1499\" height=\"470\" src=\"https:\/\/www.cuboshomes.com\/blog\/wp-content\/uploads\/2019\/10\/propuestas-oto\u00f1o-malaga-molisur-1.jpg\" alt=\"Cata de Aceites en Molisur\" class=\"wp-image-245\" srcset=\"https:\/\/www.cuboshomes.com\/blog\/wp-content\/uploads\/2019\/10\/propuestas-oto\u00f1o-malaga-molisur-1.jpg 1499w, https:\/\/www.cuboshomes.com\/blog\/wp-content\/uploads\/2019\/10\/propuestas-oto\u00f1o-malaga-molisur-1-768x241.jpg 768w\" sizes=\"(max-width: 1499px) 100vw, 1499px\" \/><figcaption>Cata de Aceites en Molisur. Imagen: Molisur.<\/figcaption><\/figure>\n\n\n\n<p>En Alhaur\u00edn el Grande se puede visitar <a href=\"http:\/\/www.aceitesmolisur.es\/es\/content\/10-oleoturismo\"><strong>Molisu<\/strong>r<\/a>, un molino de aceite en el que se puede conocer todo el proceso de recogida, selecci\u00f3n, clasificaci\u00f3n y molturaci\u00f3n del aceite de oliva virgen extra, terminando con una cata de aceites internacionalmente premiados y con la posibilidad de adquirirlos para llev\u00e1rtelos a casa.<\/p>\n\n\n\n<p>Si lo que quieres conocer es el proceso de <strong>elaboraci\u00f3n de la aceituna de mesa,<\/strong> en <strong>Alozaina <\/strong>puedes disfrutar de la <a href=\"https:\/\/ciceronesrurales.com\/experiencias\/alorena-olive-tour\/\">Alore\u00f1a Olive Tour<\/a>, una actividad de un d\u00eda que incluye paseo por un olivar centenario, taller de elaboraci\u00f3n de aceituna y almuerzo.<\/p>\n\n\n\n<p>Si quieres conocer m\u00e1s propuestas para disfrutar de nuestro oto\u00f1o, visita nuestro post  <a href=\"https:\/\/www.cuboshomes.com\/blog\/mercados-de-malaga\/\">Mercados para saborear M\u00e1laga.<\/a><br><\/p>\n","protected":false},"excerpt":{"rendered":"<p>Llega el oto\u00f1o y la provincia de M\u00e1laga sigue ofreciendo a los visitantes numerosos tesoros que descubrir. El oto\u00f1o es la \u00e9poca ideal para descubrir el interior de la provincia, diverso y rico y lleno de posibilidades que te mostrar\u00e1n los mejores rincones, la mejor gastronom\u00eda y el m\u00e1s interesante folclore. Os descubrimos estas propuestas [&hellip;]<\/p>\n","protected":false},"author":4,"featured_media":233,"comment_status":"open","ping_status":"open","sticky":false,"template":"","format":"standard","meta":{"footnotes":""},"categories":[4],"tags":[5,7,48,32],"class_list":["post-232","post","type-post","status-publish","format-standard","has-post-thumbnail","hentry","category-ocio","tag-costa-del-sol","tag-gastronomia","tag-otono","tag-senderismo"],"yoast_head":"<!-- This site is optimized with the Yoast SEO plugin v25.3 - https:\/\/yoast.com\/wordpress\/plugins\/seo\/ -->\n<title>Propuestas para disfrutar del oto\u00f1o en la Costa del Sol - Blog Cubo&#039;s Holiday Homes<\/title>\n<meta name=\"description\" content=\"Disfruta de propuestas para disfrutar del oto\u00f1o en la Costa del Sol. Senderismo, gastronom\u00eda, vinos, bandoleros, aceite...\" \/>\n<meta name=\"robots\" content=\"index, follow, max-snippet:-1, max-image-preview:large, max-video-preview:-1\" \/>\n<link rel=\"canonical\" href=\"https:\/\/www.cuboshomes.com\/blog\/otono-en-la-costa-del-sol\/\" \/>\n<meta property=\"og:locale\" content=\"es_ES\" \/>\n<meta property=\"og:type\" content=\"article\" \/>\n<meta property=\"og:title\" content=\"Propuestas para disfrutar del oto\u00f1o en la Costa del Sol - Blog Cubo&#039;s Holiday Homes\" \/>\n<meta property=\"og:description\" content=\"Disfruta de propuestas para disfrutar del oto\u00f1o en la Costa del Sol. Senderismo, gastronom\u00eda, vinos, bandoleros, aceite...\" \/>\n<meta property=\"og:url\" content=\"https:\/\/www.cuboshomes.com\/blog\/otono-en-la-costa-del-sol\/\" \/>\n<meta property=\"og:site_name\" content=\"Blog Cubo&#039;s Holiday Homes\" \/>\n<meta property=\"article:published_time\" content=\"2019-10-31T11:17:43+00:00\" \/>\n<meta property=\"article:modified_time\" content=\"2019-10-31T12:24:43+00:00\" \/>\n<meta property=\"og:image\" content=\"https:\/\/www.cuboshomes.com\/blog\/wp-content\/uploads\/2019\/10\/propuestas-de-oto\u00f1o-bosque-de-cobre.jpg\" \/>\n\t<meta property=\"og:image:width\" content=\"1181\" \/>\n\t<meta property=\"og:image:height\" content=\"664\" \/>\n\t<meta property=\"og:image:type\" content=\"image\/jpeg\" \/>\n<meta name=\"author\" content=\"cuboshomes\" \/>\n<meta name=\"twitter:card\" content=\"summary_large_image\" \/>\n<meta name=\"twitter:label1\" content=\"Written by\" \/>\n\t<meta name=\"twitter:data1\" content=\"cuboshomes\" \/>\n\t<meta name=\"twitter:label2\" content=\"Est. reading time\" \/>\n\t<meta name=\"twitter:data2\" content=\"5 minutes\" \/>\n<script type=\"application\/ld+json\" class=\"yoast-schema-graph\">{\"@context\":\"https:\/\/schema.org\",\"@graph\":[{\"@type\":\"WebPage\",\"@id\":\"https:\/\/www.cuboshomes.com\/blog\/otono-en-la-costa-del-sol\/\",\"url\":\"https:\/\/www.cuboshomes.com\/blog\/otono-en-la-costa-del-sol\/\",\"name\":\"Propuestas para disfrutar del oto\u00f1o en la Costa del Sol - Blog Cubo&#039;s Holiday Homes\",\"isPartOf\":{\"@id\":\"https:\/\/www.cuboshomes.com\/blog\/#website\"},\"primaryImageOfPage\":{\"@id\":\"https:\/\/www.cuboshomes.com\/blog\/otono-en-la-costa-del-sol\/#primaryimage\"},\"image\":{\"@id\":\"https:\/\/www.cuboshomes.com\/blog\/otono-en-la-costa-del-sol\/#primaryimage\"},\"thumbnailUrl\":\"https:\/\/www.cuboshomes.com\/blog\/wp-content\/uploads\/2019\/10\/propuestas-de-oto\u00f1o-bosque-de-cobre.jpg\",\"datePublished\":\"2019-10-31T11:17:43+00:00\",\"dateModified\":\"2019-10-31T12:24:43+00:00\",\"author\":{\"@id\":\"https:\/\/www.cuboshomes.com\/blog\/#\/schema\/person\/07d7351e1490c5ee1bc865d8b7866913\"},\"description\":\"Disfruta de propuestas para disfrutar del oto\u00f1o en la Costa del Sol. Senderismo, gastronom\u00eda, vinos, bandoleros, aceite...\",\"breadcrumb\":{\"@id\":\"https:\/\/www.cuboshomes.com\/blog\/otono-en-la-costa-del-sol\/#breadcrumb\"},\"inLanguage\":\"es\",\"potentialAction\":[{\"@type\":\"ReadAction\",\"target\":[\"https:\/\/www.cuboshomes.com\/blog\/otono-en-la-costa-del-sol\/\"]}]},{\"@type\":\"ImageObject\",\"inLanguage\":\"es\",\"@id\":\"https:\/\/www.cuboshomes.com\/blog\/otono-en-la-costa-del-sol\/#primaryimage\",\"url\":\"https:\/\/www.cuboshomes.com\/blog\/wp-content\/uploads\/2019\/10\/propuestas-de-oto\u00f1o-bosque-de-cobre.jpg\",\"contentUrl\":\"https:\/\/www.cuboshomes.com\/blog\/wp-content\/uploads\/2019\/10\/propuestas-de-oto\u00f1o-bosque-de-cobre.jpg\",\"width\":1181,\"height\":664,\"caption\":\"oto\u00f1o en la costa del sol\"},{\"@type\":\"BreadcrumbList\",\"@id\":\"https:\/\/www.cuboshomes.com\/blog\/otono-en-la-costa-del-sol\/#breadcrumb\",\"itemListElement\":[{\"@type\":\"ListItem\",\"position\":1,\"name\":\"Portada\",\"item\":\"https:\/\/www.cuboshomes.com\/blog\/\"},{\"@type\":\"ListItem\",\"position\":2,\"name\":\"Propuestas para disfrutar del oto\u00f1o en la Costa del Sol\"}]},{\"@type\":\"WebSite\",\"@id\":\"https:\/\/www.cuboshomes.com\/blog\/#website\",\"url\":\"https:\/\/www.cuboshomes.com\/blog\/\",\"name\":\"Blog Cubo&#039;s Holiday Homes\",\"description\":\"\",\"potentialAction\":[{\"@type\":\"SearchAction\",\"target\":{\"@type\":\"EntryPoint\",\"urlTemplate\":\"https:\/\/www.cuboshomes.com\/blog\/?s={search_term_string}\"},\"query-input\":{\"@type\":\"PropertyValueSpecification\",\"valueRequired\":true,\"valueName\":\"search_term_string\"}}],\"inLanguage\":\"es\"},{\"@type\":\"Person\",\"@id\":\"https:\/\/www.cuboshomes.com\/blog\/#\/schema\/person\/07d7351e1490c5ee1bc865d8b7866913\",\"name\":\"cuboshomes\",\"image\":{\"@type\":\"ImageObject\",\"inLanguage\":\"es\",\"@id\":\"https:\/\/www.cuboshomes.com\/blog\/#\/schema\/person\/image\/\",\"url\":\"https:\/\/secure.gravatar.com\/avatar\/7a5399cfe1894289644dcbec0fce9dc7?s=96&d=mm&r=g\",\"contentUrl\":\"https:\/\/secure.gravatar.com\/avatar\/7a5399cfe1894289644dcbec0fce9dc7?s=96&d=mm&r=g\",\"caption\":\"cuboshomes\"}}]}<\/script>\n<!-- \/ Yoast SEO plugin. -->","yoast_head_json":{"title":"Propuestas para disfrutar del oto\u00f1o en la Costa del Sol - Blog Cubo&#039;s Holiday Homes","description":"Disfruta de propuestas para disfrutar del oto\u00f1o en la Costa del Sol. Senderismo, gastronom\u00eda, vinos, bandoleros, aceite...","robots":{"index":"index","follow":"follow","max-snippet":"max-snippet:-1","max-image-preview":"max-image-preview:large","max-video-preview":"max-video-preview:-1"},"canonical":"https:\/\/www.cuboshomes.com\/blog\/otono-en-la-costa-del-sol\/","og_locale":"es_ES","og_type":"article","og_title":"Propuestas para disfrutar del oto\u00f1o en la Costa del Sol - Blog Cubo&#039;s Holiday Homes","og_description":"Disfruta de propuestas para disfrutar del oto\u00f1o en la Costa del Sol. Senderismo, gastronom\u00eda, vinos, bandoleros, aceite...","og_url":"https:\/\/www.cuboshomes.com\/blog\/otono-en-la-costa-del-sol\/","og_site_name":"Blog Cubo&#039;s Holiday Homes","article_published_time":"2019-10-31T11:17:43+00:00","article_modified_time":"2019-10-31T12:24:43+00:00","og_image":[{"width":1181,"height":664,"url":"https:\/\/www.cuboshomes.com\/blog\/wp-content\/uploads\/2019\/10\/propuestas-de-oto\u00f1o-bosque-de-cobre.jpg","type":"image\/jpeg"}],"author":"cuboshomes","twitter_card":"summary_large_image","twitter_misc":{"Written by":"cuboshomes","Est. reading time":"5 minutes"},"schema":{"@context":"https:\/\/schema.org","@graph":[{"@type":"WebPage","@id":"https:\/\/www.cuboshomes.com\/blog\/otono-en-la-costa-del-sol\/","url":"https:\/\/www.cuboshomes.com\/blog\/otono-en-la-costa-del-sol\/","name":"Propuestas para disfrutar del oto\u00f1o en la Costa del Sol - Blog Cubo&#039;s Holiday Homes","isPartOf":{"@id":"https:\/\/www.cuboshomes.com\/blog\/#website"},"primaryImageOfPage":{"@id":"https:\/\/www.cuboshomes.com\/blog\/otono-en-la-costa-del-sol\/#primaryimage"},"image":{"@id":"https:\/\/www.cuboshomes.com\/blog\/otono-en-la-costa-del-sol\/#primaryimage"},"thumbnailUrl":"https:\/\/www.cuboshomes.com\/blog\/wp-content\/uploads\/2019\/10\/propuestas-de-oto\u00f1o-bosque-de-cobre.jpg","datePublished":"2019-10-31T11:17:43+00:00","dateModified":"2019-10-31T12:24:43+00:00","author":{"@id":"https:\/\/www.cuboshomes.com\/blog\/#\/schema\/person\/07d7351e1490c5ee1bc865d8b7866913"},"description":"Disfruta de propuestas para disfrutar del oto\u00f1o en la Costa del Sol. Senderismo, gastronom\u00eda, vinos, bandoleros, aceite...","breadcrumb":{"@id":"https:\/\/www.cuboshomes.com\/blog\/otono-en-la-costa-del-sol\/#breadcrumb"},"inLanguage":"es","potentialAction":[{"@type":"ReadAction","target":["https:\/\/www.cuboshomes.com\/blog\/otono-en-la-costa-del-sol\/"]}]},{"@type":"ImageObject","inLanguage":"es","@id":"https:\/\/www.cuboshomes.com\/blog\/otono-en-la-costa-del-sol\/#primaryimage","url":"https:\/\/www.cuboshomes.com\/blog\/wp-content\/uploads\/2019\/10\/propuestas-de-oto\u00f1o-bosque-de-cobre.jpg","contentUrl":"https:\/\/www.cuboshomes.com\/blog\/wp-content\/uploads\/2019\/10\/propuestas-de-oto\u00f1o-bosque-de-cobre.jpg","width":1181,"height":664,"caption":"oto\u00f1o en la costa del sol"},{"@type":"BreadcrumbList","@id":"https:\/\/www.cuboshomes.com\/blog\/otono-en-la-costa-del-sol\/#breadcrumb","itemListElement":[{"@type":"ListItem","position":1,"name":"Portada","item":"https:\/\/www.cuboshomes.com\/blog\/"},{"@type":"ListItem","position":2,"name":"Propuestas para disfrutar del oto\u00f1o en la Costa del Sol"}]},{"@type":"WebSite","@id":"https:\/\/www.cuboshomes.com\/blog\/#website","url":"https:\/\/www.cuboshomes.com\/blog\/","name":"Blog Cubo&#039;s Holiday Homes","description":"","potentialAction":[{"@type":"SearchAction","target":{"@type":"EntryPoint","urlTemplate":"https:\/\/www.cuboshomes.com\/blog\/?s={search_term_string}"},"query-input":{"@type":"PropertyValueSpecification","valueRequired":true,"valueName":"search_term_string"}}],"inLanguage":"es"},{"@type":"Person","@id":"https:\/\/www.cuboshomes.com\/blog\/#\/schema\/person\/07d7351e1490c5ee1bc865d8b7866913","name":"cuboshomes","image":{"@type":"ImageObject","inLanguage":"es","@id":"https:\/\/www.cuboshomes.com\/blog\/#\/schema\/person\/image\/","url":"https:\/\/secure.gravatar.com\/avatar\/7a5399cfe1894289644dcbec0fce9dc7?s=96&d=mm&r=g","contentUrl":"https:\/\/secure.gravatar.com\/avatar\/7a5399cfe1894289644dcbec0fce9dc7?s=96&d=mm&r=g","caption":"cuboshomes"}}]}},"_links":{"self":[{"href":"https:\/\/www.cuboshomes.com\/blog\/wp-json\/wp\/v2\/posts\/232","targetHints":{"allow":["GET"]}}],"collection":[{"href":"https:\/\/www.cuboshomes.com\/blog\/wp-json\/wp\/v2\/posts"}],"about":[{"href":"https:\/\/www.cuboshomes.com\/blog\/wp-json\/wp\/v2\/types\/post"}],"author":[{"embeddable":true,"href":"https:\/\/www.cuboshomes.com\/blog\/wp-json\/wp\/v2\/users\/4"}],"replies":[{"embeddable":true,"href":"https:\/\/www.cuboshomes.com\/blog\/wp-json\/wp\/v2\/comments?post=232"}],"version-history":[{"count":3,"href":"https:\/\/www.cuboshomes.com\/blog\/wp-json\/wp\/v2\/posts\/232\/revisions"}],"predecessor-version":[{"id":250,"href":"https:\/\/www.cuboshomes.com\/blog\/wp-json\/wp\/v2\/posts\/232\/revisions\/250"}],"wp:featuredmedia":[{"embeddable":true,"href":"https:\/\/www.cuboshomes.com\/blog\/wp-json\/wp\/v2\/media\/233"}],"wp:attachment":[{"href":"https:\/\/www.cuboshomes.com\/blog\/wp-json\/wp\/v2\/media?parent=232"}],"wp:term":[{"taxonomy":"category","embeddable":true,"href":"https:\/\/www.cuboshomes.com\/blog\/wp-json\/wp\/v2\/categories?post=232"},{"taxonomy":"post_tag","embeddable":true,"href":"https:\/\/www.cuboshomes.com\/blog\/wp-json\/wp\/v2\/tags?post=232"}],"curies":[{"name":"wp","href":"https:\/\/api.w.org\/{rel}","templated":true}]}}