{"id":2110,"date":"2024-02-20T11:28:19","date_gmt":"2024-02-20T11:28:19","guid":{"rendered":"https:\/\/www.cuboshomes.com\/blog\/?p=2110"},"modified":"2025-12-12T11:42:04","modified_gmt":"2025-12-12T11:42:04","slug":"descubriendo-la-cala-de-mijas","status":"publish","type":"post","link":"https:\/\/www.cuboshomes.com\/blog\/descubriendo-la-cala-de-mijas\/","title":{"rendered":"Descubriendo La Cala de Mijas: La Gu\u00eda del Viajero"},"content":{"rendered":"\t\t<div data-elementor-type=\"wp-post\" data-elementor-id=\"2110\" class=\"elementor elementor-2110\" data-elementor-post-type=\"post\">\n\t\t\t\t<div class=\"elementor-element elementor-element-7b48b6cb e-flex e-con-boxed e-con e-parent\" data-id=\"7b48b6cb\" data-element_type=\"container\" data-e-type=\"container\">\n\t\t\t\t\t<div class=\"e-con-inner\">\n\t\t\t\t<div class=\"elementor-element elementor-element-428d2cf elementor-widget elementor-widget-text-editor\" data-id=\"428d2cf\" data-element_type=\"widget\" data-e-type=\"widget\" data-widget_type=\"text-editor.default\">\n\t\t\t\t<div class=\"elementor-widget-container\">\n\t\t\t\t\t\t\t\t\t<p>Explora la belleza de la Cala de Mijas en la Costa del Sol, Espa\u00f1a. Con sus playas y vistas espectaculares, es ideal para relajarse y disfrutar del sol. Descubre sus rincones escondidos y saborea la deliciosa cocina mediterr\u00e1nea en un ambiente relajado.<\/p>\n<p><\/p>\t\t\t\t\t\t\t\t<\/div>\n\t\t\t\t<\/div>\n\t\t\t\t\t<\/div>\n\t\t\t\t<\/div>\n\t\t<div class=\"elementor-element elementor-element-3c18728 e-flex e-con-boxed e-con e-parent\" data-id=\"3c18728\" data-element_type=\"container\" data-e-type=\"container\">\n\t\t\t\t\t<div class=\"e-con-inner\">\n\t\t\t\t<div class=\"elementor-element elementor-element-000765d elementor-widget elementor-widget-heading\" data-id=\"000765d\" data-element_type=\"widget\" data-e-type=\"widget\" data-widget_type=\"heading.default\">\n\t\t\t\t<div class=\"elementor-widget-container\">\n\t\t\t\t\t<h2 class=\"elementor-heading-title elementor-size-default\">\u00bfQu\u00e9 visitar en La Cala de Mijas? \ud83c\udfd6\ufe0f :<\/h2>\t\t\t\t<\/div>\n\t\t\t\t<\/div>\n\t\t\t\t\t<\/div>\n\t\t\t\t<\/div>\n\t\t<div class=\"elementor-element elementor-element-9fd5d3c e-flex e-con-boxed e-con e-parent\" data-id=\"9fd5d3c\" data-element_type=\"container\" data-e-type=\"container\">\n\t\t\t\t\t<div class=\"e-con-inner\">\n\t\t\t\t<div class=\"elementor-element elementor-element-8950a73 elementor-widget elementor-widget-text-editor\" data-id=\"8950a73\" data-element_type=\"widget\" data-e-type=\"widget\" data-widget_type=\"text-editor.default\">\n\t\t\t\t<div class=\"elementor-widget-container\">\n\t\t\t\t\t\t\t\t\t<ul>\n<li><strong>Playa de la cala de Mijas:<\/strong> La Playa de la Cala de Mijas es destacada como una de las mejores de la Costa del Sol, gracias a la calidad de su agua y arena, as\u00ed como a los servicios excepcionales que proporciona.<\/li>\n<\/ul>\n<p><\/p>\n<ul>\n<li><strong>Donkey Dreamland Rescue Centre Mijas:<\/strong> Donkey Dreamland brinda refugio a burros sin dolor ni sufrimiento, rodeados de cuidadores amorosos y respetuosos en un entorno sereno y apacible.<\/li>\n<\/ul>\n<p><\/p>\n<ul>\n<li><strong>Torre de la bater\u00eda de la Cala de Mijas:<\/strong> La forma de pezu\u00f1a del edificio, con dos espolones en el dorso, tiene un per\u00edmetro de unos 35 metros y una altura superior a los 10 metros. Su interior tiene dos plantas: el s\u00f3tano, llamado &#8220;Santa B\u00e1rbara&#8221;, y la c\u00e1mara principal bien iluminada.<\/li>\n<\/ul>\n<p><\/p>\t\t\t\t\t\t\t\t<\/div>\n\t\t\t\t<\/div>\n\t\t\t\t<div class=\"elementor-element elementor-element-d32a779 elementor-widget elementor-widget-image\" data-id=\"d32a779\" data-element_type=\"widget\" data-e-type=\"widget\" data-widget_type=\"image.default\">\n\t\t\t\t<div class=\"elementor-widget-container\">\n\t\t\t\t\t\t\t\t\t\t\t\t\t\t\t<img fetchpriority=\"high\" decoding=\"async\" width=\"768\" height=\"512\" src=\"https:\/\/www.cuboshomes.com\/blog\/wp-content\/uploads\/2024\/02\/img-7366-scaled-1-768x512.jpg\" class=\"attachment-medium_large size-medium_large wp-image-4206\" alt=\"\" srcset=\"https:\/\/www.cuboshomes.com\/blog\/wp-content\/uploads\/2024\/02\/img-7366-scaled-1-768x512.jpg 768w, https:\/\/www.cuboshomes.com\/blog\/wp-content\/uploads\/2024\/02\/img-7366-scaled-1-300x200.jpg 300w, https:\/\/www.cuboshomes.com\/blog\/wp-content\/uploads\/2024\/02\/img-7366-scaled-1-1024x683.jpg 1024w, https:\/\/www.cuboshomes.com\/blog\/wp-content\/uploads\/2024\/02\/img-7366-scaled-1-1536x1024.jpg 1536w, https:\/\/www.cuboshomes.com\/blog\/wp-content\/uploads\/2024\/02\/img-7366-scaled-1-2048x1366.jpg 2048w\" sizes=\"(max-width: 768px) 100vw, 768px\" \/>\t\t\t\t\t\t\t\t\t\t\t\t\t\t\t<\/div>\n\t\t\t\t<\/div>\n\t\t\t\t\t<\/div>\n\t\t\t\t<\/div>\n\t\t<div class=\"elementor-element elementor-element-abf3d77 e-flex e-con-boxed e-con e-parent\" data-id=\"abf3d77\" data-element_type=\"container\" data-e-type=\"container\">\n\t\t\t\t\t<div class=\"e-con-inner\">\n\t\t\t\t<div class=\"elementor-element elementor-element-f6251ba elementor-widget elementor-widget-heading\" data-id=\"f6251ba\" data-element_type=\"widget\" data-e-type=\"widget\" data-widget_type=\"heading.default\">\n\t\t\t\t<div class=\"elementor-widget-container\">\n\t\t\t\t\t<h2 class=\"elementor-heading-title elementor-size-default\">\u00bfQu\u00e9 comer en la Cala de Mijas? Gastronom\u00eda \ud83c\udf79 :<\/h2>\t\t\t\t<\/div>\n\t\t\t\t<\/div>\n\t\t\t\t\t<\/div>\n\t\t\t\t<\/div>\n\t\t<div class=\"elementor-element elementor-element-7b1d124 e-flex e-con-boxed e-con e-parent\" data-id=\"7b1d124\" data-element_type=\"container\" data-e-type=\"container\">\n\t\t\t\t\t<div class=\"e-con-inner\">\n\t\t\t\t<div class=\"elementor-element elementor-element-b9d8be6 elementor-widget elementor-widget-text-editor\" data-id=\"b9d8be6\" data-element_type=\"widget\" data-e-type=\"widget\" data-widget_type=\"text-editor.default\">\n\t\t\t\t<div class=\"elementor-widget-container\">\n\t\t\t\t\t\t\t\t\t<ul>\n<li><strong>El gusto de la cala:<\/strong> comida t\u00edpica espa\u00f1ola &#8211; <a href=\"https:\/\/maps.app.goo.gl\/HfcqgLVosMyfpwmF7\" target=\"_blank\" rel=\"noreferrer noopener\">Haz clic para ver la direcci\u00f3n<\/a>\u00a0<\/li>\n\n<li><strong>Taberna la Carriola:<\/strong> comida t\u00edpica espa\u00f1ola &#8211; <a href=\"https:\/\/maps.app.goo.gl\/9c6iiostf4tQ8m857\" target=\"_blank\" rel=\"noreferrer noopener\">Haz clic para ver la direcci\u00f3n<\/a>\u00a0<\/li>\n\n<li><strong>Chiringuito Arroyo:<\/strong> Paellas y pescado\u00a0&#8211; <a href=\"https:\/\/maps.app.goo.gl\/E56ePEub8QfiPSEn8\" target=\"_blank\" rel=\"noreferrer noopener\">Haz clic para ver la direcci\u00f3n<\/a>\u00a0<\/li>\n\n<li><strong>El torre\u00f3n:<\/strong> Paellas y pescado &#8211; <a href=\"https:\/\/maps.app.goo.gl\/uHACKozFcLfomYv48\" target=\"_blank\" rel=\"noreferrer noopener\">Haz clic para ver la direcci\u00f3n<\/a>\u00a0<\/li>\n\n<li><strong>Chiringuito Los Moreno:<\/strong> Paellas y pescado &#8211; <a href=\"https:\/\/maps.app.goo.gl\/xCUHJvNhci4ybCmC7\" target=\"_blank\" rel=\"noreferrer noopener\">Haz clic para ver la direcci\u00f3n<\/a><\/li>\n\n<li><strong>Bar Los Grana\u00ednos:<\/strong> comida t\u00edpica espa\u00f1ola &#8211; <a href=\"https:\/\/maps.app.goo.gl\/rVXccWGgtKJW6nJPA\" target=\"_blank\" rel=\"noreferrer noopener\">Haz clic para ver la direcci\u00f3n<\/a>\u00a0<\/li>\n<\/ul>\t\t\t\t\t\t\t\t<\/div>\n\t\t\t\t<\/div>\n\t\t\t\t\t<\/div>\n\t\t\t\t<\/div>\n\t\t<div class=\"elementor-element elementor-element-4acf09f e-flex e-con-boxed e-con e-parent\" data-id=\"4acf09f\" data-element_type=\"container\" data-e-type=\"container\">\n\t\t\t\t\t<div class=\"e-con-inner\">\n\t\t\t\t<div class=\"elementor-element elementor-element-8eb1da0 elementor-arrows-position-inside elementor-pagination-position-outside elementor-widget elementor-widget-image-carousel\" data-id=\"8eb1da0\" data-element_type=\"widget\" data-e-type=\"widget\" data-settings=\"{&quot;navigation&quot;:&quot;both&quot;,&quot;autoplay&quot;:&quot;yes&quot;,&quot;pause_on_hover&quot;:&quot;yes&quot;,&quot;pause_on_interaction&quot;:&quot;yes&quot;,&quot;autoplay_speed&quot;:5000,&quot;infinite&quot;:&quot;yes&quot;,&quot;speed&quot;:500}\" data-widget_type=\"image-carousel.default\">\n\t\t\t\t<div class=\"elementor-widget-container\">\n\t\t\t\t\t\t\t<div class=\"elementor-image-carousel-wrapper swiper\" role=\"region\" aria-roledescription=\"carousel\" aria-label=\"Image Carousel\" dir=\"ltr\">\n\t\t\t<div class=\"elementor-image-carousel swiper-wrapper\" aria-live=\"off\">\n\t\t\t\t\t\t\t\t<div class=\"swiper-slide\" role=\"group\" aria-roledescription=\"slide\" aria-label=\"1 of 5\"><figure class=\"swiper-slide-inner\"><img decoding=\"async\" class=\"swiper-slide-image\" src=\"https:\/\/www.cuboshomes.com\/blog\/wp-content\/uploads\/2024\/02\/PLANTILLA-CARRUSEL-BLOG-38-768x470.png\" alt=\"PLANTILLA CARRUSEL BLOG (38)\" \/><\/figure><\/div><div class=\"swiper-slide\" role=\"group\" aria-roledescription=\"slide\" aria-label=\"2 of 5\"><figure class=\"swiper-slide-inner\"><img decoding=\"async\" class=\"swiper-slide-image\" src=\"https:\/\/www.cuboshomes.com\/blog\/wp-content\/uploads\/2024\/02\/PLANTILLA-CARRUSEL-BLOG-39-768x470.png\" alt=\"PLANTILLA CARRUSEL BLOG (39)\" \/><\/figure><\/div><div class=\"swiper-slide\" role=\"group\" aria-roledescription=\"slide\" aria-label=\"3 of 5\"><figure class=\"swiper-slide-inner\"><img decoding=\"async\" class=\"swiper-slide-image\" src=\"https:\/\/www.cuboshomes.com\/blog\/wp-content\/uploads\/2024\/02\/PLANTILLA-CARRUSEL-BLOG-40-768x470.png\" alt=\"PLANTILLA CARRUSEL BLOG (40)\" \/><\/figure><\/div><div class=\"swiper-slide\" role=\"group\" aria-roledescription=\"slide\" aria-label=\"4 of 5\"><figure class=\"swiper-slide-inner\"><img decoding=\"async\" class=\"swiper-slide-image\" src=\"https:\/\/www.cuboshomes.com\/blog\/wp-content\/uploads\/2024\/02\/PLANTILLA-CARRUSEL-BLOG-41-768x470.png\" alt=\"PLANTILLA CARRUSEL BLOG (41)\" \/><\/figure><\/div><div class=\"swiper-slide\" role=\"group\" aria-roledescription=\"slide\" aria-label=\"5 of 5\"><figure class=\"swiper-slide-inner\"><img decoding=\"async\" class=\"swiper-slide-image\" src=\"https:\/\/www.cuboshomes.com\/blog\/wp-content\/uploads\/2024\/02\/PLANTILLA-CARRUSEL-BLOG-42-768x470.png\" alt=\"PLANTILLA CARRUSEL BLOG (42)\" \/><\/figure><\/div>\t\t\t<\/div>\n\t\t\t\t\t\t\t\t\t\t\t\t<div class=\"elementor-swiper-button elementor-swiper-button-prev\" role=\"button\" tabindex=\"0\">\n\t\t\t\t\t\t<svg aria-hidden=\"true\" class=\"e-font-icon-svg e-eicon-chevron-left\" viewBox=\"0 0 1000 1000\" xmlns=\"http:\/\/www.w3.org\/2000\/svg\"><path d=\"M646 125C629 125 613 133 604 142L308 442C296 454 292 471 292 487 292 504 296 521 308 533L604 854C617 867 629 875 646 875 663 875 679 871 692 858 704 846 713 829 713 812 713 796 708 779 692 767L438 487 692 225C700 217 708 204 708 187 708 171 704 154 692 142 675 129 663 125 646 125Z\"><\/path><\/svg>\t\t\t\t\t<\/div>\n\t\t\t\t\t<div class=\"elementor-swiper-button elementor-swiper-button-next\" role=\"button\" tabindex=\"0\">\n\t\t\t\t\t\t<svg aria-hidden=\"true\" class=\"e-font-icon-svg e-eicon-chevron-right\" viewBox=\"0 0 1000 1000\" xmlns=\"http:\/\/www.w3.org\/2000\/svg\"><path d=\"M696 533C708 521 713 504 713 487 713 471 708 454 696 446L400 146C388 133 375 125 354 125 338 125 325 129 313 142 300 154 292 171 292 187 292 204 296 221 308 233L563 492 304 771C292 783 288 800 288 817 288 833 296 850 308 863 321 871 338 875 354 875 371 875 388 867 400 854L696 533Z\"><\/path><\/svg>\t\t\t\t\t<\/div>\n\t\t\t\t\n\t\t\t\t\t\t\t\t\t<div class=\"swiper-pagination\"><\/div>\n\t\t\t\t\t\t\t\t\t<\/div>\n\t\t\t\t\t\t<\/div>\n\t\t\t\t<\/div>\n\t\t\t\t<div class=\"elementor-element elementor-element-9e2dc21 elementor-widget elementor-widget-heading\" data-id=\"9e2dc21\" data-element_type=\"widget\" data-e-type=\"widget\" data-widget_type=\"heading.default\">\n\t\t\t\t<div class=\"elementor-widget-container\">\n\t\t\t\t\t<h2 class=\"elementor-heading-title elementor-size-default\">Lugares de inter\u00e9s cercanos a La Cala de Mijas \ud83c\udf0a :<\/h2>\t\t\t\t<\/div>\n\t\t\t\t<\/div>\n\t\t\t\t<div class=\"elementor-element elementor-element-10fe458 elementor-widget elementor-widget-text-editor\" data-id=\"10fe458\" data-element_type=\"widget\" data-e-type=\"widget\" data-widget_type=\"text-editor.default\">\n\t\t\t\t<div class=\"elementor-widget-container\">\n\t\t\t\t\t\t\t\t\t<ul>\n<li>Castillo Sohail (Fuengirola): +\/- 7km &#8211; <a href=\"https:\/\/maps.app.goo.gl\/pMREe3yyRKDWevSs8\" target=\"_blank\" rel=\"noreferrer noopener\">Haz clic para ver la direcci\u00f3n<\/a><\/li>\n\n<li>Bioparc Fuengirola (Fuengirola): +\/- 8km &#8211; <a href=\"https:\/\/maps.app.goo.gl\/pMREe3yyRKDWevSs8\" target=\"_blank\" rel=\"noreferrer noopener\">Haz clic para ver la direcci\u00f3n<\/a><\/li>\n\n<li>Mijas Pueblo: +\/- 17km &#8211; <a href=\"https:\/\/maps.app.goo.gl\/a8sEuBzCprezHxqZ9\" target=\"_blank\" rel=\"noreferrer noopener\">Haz clic para ver la direcci\u00f3n<\/a> \u00a0\u00a0<\/li>\n\n<li>Marbella: +\/- 20km &#8211; <a href=\"https:\/\/maps.app.goo.gl\/9742L9zYe3cpvFo87\" target=\"_blank\" rel=\"noreferrer noopener\">Haz clic para ver la direcci\u00f3n<\/a>\u00a0<\/li>\n\n<li>Telef\u00e9rico (Benalm\u00e1dena): +\/- 22km &#8211; <a href=\"https:\/\/maps.app.goo.gl\/t6eKdNb3i1CogkNd9\" target=\"_blank\" rel=\"noreferrer noopener\">Haz clic para ver la direcci\u00f3n<\/a>\u00a0<\/li>\n\n<li>Puerto Marina (Benalm\u00e1dena): +\/- 25km\u00a0&#8211; <a href=\"https:\/\/maps.app.goo.gl\/J8oWozEy6mXw1psf9\" target=\"_blank\" rel=\"noreferrer noopener\">Haz clic para ver la direcci\u00f3n<\/a>\u00a0<\/li>\n\n<li>Aqualand (Torremolinos): +\/- 28km &#8211; <a href=\"https:\/\/maps.app.goo.gl\/dX1DHq8BLZzoSTcA8\" target=\"_blank\" rel=\"noreferrer noopener\">Haz clic para ver la direcci\u00f3n<\/a>\u00a0<\/li>\n\n<li>Torremolinos: +\/- 28km &#8211; <a href=\"https:\/\/maps.app.goo.gl\/uEBaHoLaiJ6nc13e7\" target=\"_blank\" rel=\"noreferrer noopener\">Haz clic para ver la direcci\u00f3n<\/a>\u00a0<\/li>\n\n<li>Puerto Ban\u00fas (Marbella): +\/- 30km &#8211; <a href=\"https:\/\/maps.app.goo.gl\/Ltsdzc3TtqYdWgES9\" target=\"_blank\" rel=\"noreferrer noopener\">Haz clic para ver la direcci\u00f3n<\/a>\u00a0<\/li>\n\n<li>Calle Larios (Centro de M\u00e1laga): +\/- 40km &#8211; <a href=\"https:\/\/maps.app.goo.gl\/KAQoXaN3Rh5L6czh7\" target=\"_blank\" rel=\"noreferrer noopener\">Haz clic para ver la direcci\u00f3n<\/a>\u00a0<\/li>\n\n<li>La Alcazaba (Centro de M\u00e1laga): +\/- 40km &#8211; <a href=\"https:\/\/maps.app.goo.gl\/xdXpEjaH6CArZ8759\" target=\"_blank\" rel=\"noreferrer noopener\">Haz clic para ver la direcci\u00f3n<\/a>\u00a0<\/li>\n\n<li>Muelle 1 (Centro de M\u00e1laga): +\/- 42km &#8211; <a href=\"https:\/\/maps.app.goo.gl\/mf5AYGHiwHJeCAtBA\" target=\"_blank\" rel=\"noreferrer noopener\">Haz clic para ver la direcci\u00f3n<\/a><\/li>\n\n<li>Mirador de Gibralfaro (M\u00e1laga): +\/- 50km &#8211; <a href=\"https:\/\/maps.app.goo.gl\/L2mDTLNDQh4iatbr7\" target=\"_blank\" rel=\"noreferrer noopener\">Haz clic para ver la direcci\u00f3n<\/a><\/li>\n\n<li>Sierra de las Nieves: +\/- 60km &#8211; <a href=\"https:\/\/maps.app.goo.gl\/yM5wv17QypZEBNfW9\" target=\"_blank\" rel=\"noreferrer noopener\">Haz clic para ver la direcci\u00f3n<\/a>\u00a0<\/li>\n\n<li>Caminito del Rey: +\/- 68km &#8211; <a href=\"https:\/\/maps.app.goo.gl\/NyLX9xVU4qdkSG1d6\" target=\"_blank\" rel=\"noreferrer noopener\">Haz clic para ver la direcci\u00f3n<\/a>\u00a0<\/li>\n\n<li>El Tajo de Ronda (Ronda): +\/- 80km &#8211; <a href=\"https:\/\/maps.app.goo.gl\/nhS38TZ76fhkWPUx7\" target=\"_blank\" rel=\"noreferrer noopener\">Haz clic para ver la direcci\u00f3n<\/a>\u00a0<\/li>\n\n<li>Torcal de Antequera (Antequera): +\/- 82km &#8211; <a href=\"https:\/\/maps.app.goo.gl\/jgvUfuiErVF7ksnt7\" target=\"_blank\" rel=\"noreferrer noopener\">Haz clic para ver la direcci\u00f3n<\/a> \u00a0\u00a0<\/li>\n\n<li>El Balc\u00f3n de Europa (Nerja): +\/- 100km &#8211; <a href=\"https:\/\/maps.app.goo.gl\/rbyCk2E4Cwpi9xfFA\" target=\"_blank\" rel=\"noreferrer noopener\">Haz clic para ver la direcci\u00f3n<\/a>\u00a0<\/li>\n\n<li>Cueva de Nerja (Nerja): +\/- 100km &#8211; <a href=\"https:\/\/maps.app.goo.gl\/NxZNunG81tF1pQGs9\" target=\"_blank\" rel=\"noreferrer noopener\">Haz clic para ver la direcci\u00f3n<\/a>\u00a0<\/li>\n<\/ul>\t\t\t\t\t\t\t\t<\/div>\n\t\t\t\t<\/div>\n\t\t\t\t\t<\/div>\n\t\t\t\t<\/div>\n\t\t<div class=\"elementor-element elementor-element-9df9c78 e-flex e-con-boxed e-con e-parent\" data-id=\"9df9c78\" data-element_type=\"container\" data-e-type=\"container\">\n\t\t\t\t\t<div class=\"e-con-inner\">\n\t\t\t\t<div class=\"elementor-element elementor-element-b608167 elementor-widget elementor-widget-heading\" data-id=\"b608167\" data-element_type=\"widget\" data-e-type=\"widget\" data-widget_type=\"heading.default\">\n\t\t\t\t<div class=\"elementor-widget-container\">\n\t\t\t\t\t<h2 class=\"elementor-heading-title elementor-size-default\">Fechas Especiales en La Cala de Mijas 2026 \ud83d\udc1a :<\/h2>\t\t\t\t<\/div>\n\t\t\t\t<\/div>\n\t\t\t\t\t<\/div>\n\t\t\t\t<\/div>\n\t\t<div class=\"elementor-element elementor-element-dfaf79e e-flex e-con-boxed e-con e-parent\" data-id=\"dfaf79e\" data-element_type=\"container\" data-e-type=\"container\">\n\t\t\t\t\t<div class=\"e-con-inner\">\n\t\t\t\t<div class=\"elementor-element elementor-element-9e7505e elementor-widget elementor-widget-text-editor\" data-id=\"9e7505e\" data-element_type=\"widget\" data-e-type=\"widget\" data-widget_type=\"text-editor.default\">\n\t\t\t\t<div class=\"elementor-widget-container\">\n\t\t\t\t\t\t\t\t\t<ul><li><strong>Carnavales:<\/strong> 15 de febrero\u00a0<\/li><\/ul><ul><li><strong>Semana Santa:<\/strong> 29 marzo al 5 de abril<\/li><\/ul><ul><li><strong>Feria La Cala de Mijas:<\/strong> 24 julio al 28 de julio<\/li><\/ul><ul><li><strong>Feria Mijas Pueblo:<\/strong> 6 septiembre al 11 de septiembre<\/li><\/ul>\t\t\t\t\t\t\t\t<\/div>\n\t\t\t\t<\/div>\n\t\t\t\t\t<\/div>\n\t\t\t\t<\/div>\n\t\t<div class=\"elementor-element elementor-element-6420ac4 e-flex e-con-boxed e-con e-parent\" data-id=\"6420ac4\" data-element_type=\"container\" data-e-type=\"container\">\n\t\t\t\t\t<div class=\"e-con-inner\">\n\t\t\t\t<div class=\"elementor-element elementor-element-8adb0ae elementor-widget elementor-widget-heading\" data-id=\"8adb0ae\" data-element_type=\"widget\" data-e-type=\"widget\" data-widget_type=\"heading.default\">\n\t\t\t\t<div class=\"elementor-widget-container\">\n\t\t\t\t\t<h2 class=\"elementor-heading-title elementor-size-default\">\u00bfD\u00f3nde dormir en Mijas? \ud83c\udf05 :<\/h2>\t\t\t\t<\/div>\n\t\t\t\t<\/div>\n\t\t\t\t\t<\/div>\n\t\t\t\t<\/div>\n\t\t<div class=\"elementor-element elementor-element-7485633 e-flex e-con-boxed e-con e-parent\" data-id=\"7485633\" data-element_type=\"container\" data-e-type=\"container\">\n\t\t\t\t\t<div class=\"e-con-inner\">\n\t\t\t\t<div class=\"elementor-element elementor-element-1c582fc elementor-widget elementor-widget-text-editor\" data-id=\"1c582fc\" data-element_type=\"widget\" data-e-type=\"widget\" data-widget_type=\"text-editor.default\">\n\t\t\t\t<div class=\"elementor-widget-container\">\n\t\t\t\t\t\t\t\t\t<p>Si quieres pasar unos d\u00edas de vacaciones en Mijas, no dudes en reservar en uno de nuestros alojamientos Cubo\u2019s, seguro que encontrar\u00e1s lo que quieres y por supuesto, al mejor precio:<\/p>\n<p><\/p>\n<p><a href=\"https:\/\/www.cuboshomes.com\/alquiler\/alquileres-mijas-costa-d441\/\" target=\"_blank\" rel=\"noreferrer noopener\">\u00a1HAZ CLIC PARA VER NUESTROS ALOJAMIENTOS MIJAS COSTA!<\/a><\/p>\n<p><\/p>\n<p><a href=\"https:\/\/www.cuboshomes.com\/alquiler\/alquileres-mijas-pueblo-d408371\/vista-lista\/\" target=\"_blank\" rel=\"noreferrer noopener\">\u00a1HAZ CLIC PARA VER NUESTROS ALOJAMIENTOS MIJAS PUEBLO!<\/a><\/p>\t\t\t\t\t\t\t\t<\/div>\n\t\t\t\t<\/div>\n\t\t\t\t<div class=\"elementor-element elementor-element-356832d elementor-align-center elementor-widget elementor-widget-button\" data-id=\"356832d\" data-element_type=\"widget\" data-e-type=\"widget\" data-widget_type=\"button.default\">\n\t\t\t\t<div class=\"elementor-widget-container\">\n\t\t\t\t\t\t\t\t\t<div class=\"elementor-button-wrapper\">\n\t\t\t\t\t<a class=\"elementor-button elementor-button-link elementor-size-sm elementor-animation-pulse\" href=\"https:\/\/www.cuboshomes.com\/\">\n\t\t\t\t\t\t<span class=\"elementor-button-content-wrapper\">\n\t\t\t\t\t\t\t\t\t<span class=\"elementor-button-text\">\u00a1RESERVA AHORA!<\/span>\n\t\t\t\t\t<\/span>\n\t\t\t\t\t<\/a>\n\t\t\t\t<\/div>\n\t\t\t\t\t\t\t\t<\/div>\n\t\t\t\t<\/div>\n\t\t\t\t<div class=\"elementor-element elementor-element-404c3cf elementor-shape-rounded elementor-grid-0 e-grid-align-center elementor-widget elementor-widget-social-icons\" data-id=\"404c3cf\" data-element_type=\"widget\" data-e-type=\"widget\" data-widget_type=\"social-icons.default\">\n\t\t\t\t<div class=\"elementor-widget-container\">\n\t\t\t\t\t\t\t<div class=\"elementor-social-icons-wrapper elementor-grid\" role=\"list\">\n\t\t\t\t\t\t\t<span class=\"elementor-grid-item\" role=\"listitem\">\n\t\t\t\t\t<a class=\"elementor-icon elementor-social-icon elementor-social-icon-instagram elementor-repeater-item-7984172\" href=\"https:\/\/www.instagram.com\/cuboshomes\/?hl=es\" target=\"_blank\">\n\t\t\t\t\t\t<span class=\"elementor-screen-only\">Instagram<\/span>\n\t\t\t\t\t\t<svg aria-hidden=\"true\" class=\"e-font-icon-svg e-fab-instagram\" viewBox=\"0 0 448 512\" xmlns=\"http:\/\/www.w3.org\/2000\/svg\"><path d=\"M224.1 141c-63.6 0-114.9 51.3-114.9 114.9s51.3 114.9 114.9 114.9S339 319.5 339 255.9 287.7 141 224.1 141zm0 189.6c-41.1 0-74.7-33.5-74.7-74.7s33.5-74.7 74.7-74.7 74.7 33.5 74.7 74.7-33.6 74.7-74.7 74.7zm146.4-194.3c0 14.9-12 26.8-26.8 26.8-14.9 0-26.8-12-26.8-26.8s12-26.8 26.8-26.8 26.8 12 26.8 26.8zm76.1 27.2c-1.7-35.9-9.9-67.7-36.2-93.9-26.2-26.2-58-34.4-93.9-36.2-37-2.1-147.9-2.1-184.9 0-35.8 1.7-67.6 9.9-93.9 36.1s-34.4 58-36.2 93.9c-2.1 37-2.1 147.9 0 184.9 1.7 35.9 9.9 67.7 36.2 93.9s58 34.4 93.9 36.2c37 2.1 147.9 2.1 184.9 0 35.9-1.7 67.7-9.9 93.9-36.2 26.2-26.2 34.4-58 36.2-93.9 2.1-37 2.1-147.8 0-184.8zM398.8 388c-7.8 19.6-22.9 34.7-42.6 42.6-29.5 11.7-99.5 9-132.1 9s-102.7 2.6-132.1-9c-19.6-7.8-34.7-22.9-42.6-42.6-11.7-29.5-9-99.5-9-132.1s-2.6-102.7 9-132.1c7.8-19.6 22.9-34.7 42.6-42.6 29.5-11.7 99.5-9 132.1-9s102.7-2.6 132.1 9c19.6 7.8 34.7 22.9 42.6 42.6 11.7 29.5 9 99.5 9 132.1s2.7 102.7-9 132.1z\"><\/path><\/svg>\t\t\t\t\t<\/a>\n\t\t\t\t<\/span>\n\t\t\t\t\t\t\t<span class=\"elementor-grid-item\" role=\"listitem\">\n\t\t\t\t\t<a class=\"elementor-icon elementor-social-icon elementor-social-icon-facebook elementor-repeater-item-3a59611\" href=\"https:\/\/www.facebook.com\/cuboshomes\/\" target=\"_blank\">\n\t\t\t\t\t\t<span class=\"elementor-screen-only\">Facebook<\/span>\n\t\t\t\t\t\t<svg aria-hidden=\"true\" class=\"e-font-icon-svg e-fab-facebook\" viewBox=\"0 0 512 512\" xmlns=\"http:\/\/www.w3.org\/2000\/svg\"><path d=\"M504 256C504 119 393 8 256 8S8 119 8 256c0 123.78 90.69 226.38 209.25 245V327.69h-63V256h63v-54.64c0-62.15 37-96.48 93.67-96.48 27.14 0 55.52 4.84 55.52 4.84v61h-31.28c-30.8 0-40.41 19.12-40.41 38.73V256h68.78l-11 71.69h-57.78V501C413.31 482.38 504 379.78 504 256z\"><\/path><\/svg>\t\t\t\t\t<\/a>\n\t\t\t\t<\/span>\n\t\t\t\t\t\t\t<span class=\"elementor-grid-item\" role=\"listitem\">\n\t\t\t\t\t<a class=\"elementor-icon elementor-social-icon elementor-social-icon-tiktok elementor-repeater-item-b3ffd54\" href=\"https:\/\/www.tiktok.com\/@cuboshomes?_t=ZN-8uqFRPNfyFy&#038;_r=1\" target=\"_blank\">\n\t\t\t\t\t\t<span class=\"elementor-screen-only\">Tiktok<\/span>\n\t\t\t\t\t\t<svg aria-hidden=\"true\" class=\"e-font-icon-svg e-fab-tiktok\" viewBox=\"0 0 448 512\" xmlns=\"http:\/\/www.w3.org\/2000\/svg\"><path d=\"M448,209.91a210.06,210.06,0,0,1-122.77-39.25V349.38A162.55,162.55,0,1,1,185,188.31V278.2a74.62,74.62,0,1,0,52.23,71.18V0l88,0a121.18,121.18,0,0,0,1.86,22.17h0A122.18,122.18,0,0,0,381,102.39a121.43,121.43,0,0,0,67,20.14Z\"><\/path><\/svg>\t\t\t\t\t<\/a>\n\t\t\t\t<\/span>\n\t\t\t\t\t\t\t<span class=\"elementor-grid-item\" role=\"listitem\">\n\t\t\t\t\t<a class=\"elementor-icon elementor-social-icon elementor-social-icon-youtube elementor-repeater-item-e4bdce2\" href=\"https:\/\/www.youtube.com\/@cubosholidayhomes\" target=\"_blank\">\n\t\t\t\t\t\t<span class=\"elementor-screen-only\">Youtube<\/span>\n\t\t\t\t\t\t<svg aria-hidden=\"true\" class=\"e-font-icon-svg e-fab-youtube\" viewBox=\"0 0 576 512\" xmlns=\"http:\/\/www.w3.org\/2000\/svg\"><path d=\"M549.655 124.083c-6.281-23.65-24.787-42.276-48.284-48.597C458.781 64 288 64 288 64S117.22 64 74.629 75.486c-23.497 6.322-42.003 24.947-48.284 48.597-11.412 42.867-11.412 132.305-11.412 132.305s0 89.438 11.412 132.305c6.281 23.65 24.787 41.5 48.284 47.821C117.22 448 288 448 288 448s170.78 0 213.371-11.486c23.497-6.321 42.003-24.171 48.284-47.821 11.412-42.867 11.412-132.305 11.412-132.305s0-89.438-11.412-132.305zm-317.51 213.508V175.185l142.739 81.205-142.739 81.201z\"><\/path><\/svg>\t\t\t\t\t<\/a>\n\t\t\t\t<\/span>\n\t\t\t\t\t<\/div>\n\t\t\t\t\t\t<\/div>\n\t\t\t\t<\/div>\n\t\t\t\t\t<\/div>\n\t\t\t\t<\/div>\n\t\t\t\t<\/div>\n\t\t","protected":false},"excerpt":{"rendered":"<p>Explora la belleza de la Cala de Mijas en la Costa del Sol, Espa\u00f1a. Con sus playas y vistas espectaculares, es ideal para relajarse y disfrutar del sol. Descubre sus rincones escondidos y saborea la deliciosa cocina mediterr\u00e1nea en un ambiente relajado. \u00bfQu\u00e9 visitar en La Cala de Mijas? \ud83c\udfd6\ufe0f : Playa de la cala [&hellip;]<\/p>\n","protected":false},"author":4,"featured_media":2111,"comment_status":"open","ping_status":"open","sticky":false,"template":"","format":"standard","meta":{"footnotes":""},"categories":[426,290,38,436,74],"tags":[],"class_list":["post-2110","post","type-post","status-publish","format-standard","has-post-thumbnail","hentry","category-alojamientos","category-cultura","category-gastronomy","category-la-guia-del-viajero","category-lifestyle"],"yoast_head":"<!-- This site is optimized with the Yoast SEO plugin v25.3 - https:\/\/yoast.com\/wordpress\/plugins\/seo\/ -->\n<title>Descubriendo La Cala de Mijas: La Gu\u00eda del Viajero - Blog Cubo&#039;s Holiday Homes<\/title>\n<meta name=\"description\" content=\"Descubre La Cala de Mijas: playas, gastronom\u00eda, paseos junto al mar y planes para disfrutar al m\u00e1ximo este encantador rinc\u00f3n de la Costa del Sol durante todo el a\u00f1o.\" \/>\n<meta name=\"robots\" content=\"index, follow, max-snippet:-1, max-image-preview:large, max-video-preview:-1\" \/>\n<link rel=\"canonical\" href=\"https:\/\/www.cuboshomes.com\/blog\/descubriendo-la-cala-de-mijas\/\" \/>\n<meta property=\"og:locale\" content=\"es_ES\" \/>\n<meta property=\"og:type\" content=\"article\" \/>\n<meta property=\"og:title\" content=\"Descubriendo La Cala de Mijas: La Gu\u00eda del Viajero - Blog Cubo&#039;s Holiday Homes\" \/>\n<meta property=\"og:description\" content=\"Descubre La Cala de Mijas: playas, gastronom\u00eda, paseos junto al mar y planes para disfrutar al m\u00e1ximo este encantador rinc\u00f3n de la Costa del Sol durante todo el a\u00f1o.\" \/>\n<meta property=\"og:url\" content=\"https:\/\/www.cuboshomes.com\/blog\/descubriendo-la-cala-de-mijas\/\" \/>\n<meta property=\"og:site_name\" content=\"Blog Cubo&#039;s Holiday Homes\" \/>\n<meta property=\"article:published_time\" content=\"2024-02-20T11:28:19+00:00\" \/>\n<meta property=\"article:modified_time\" content=\"2025-12-12T11:42:04+00:00\" \/>\n<meta property=\"og:image\" content=\"https:\/\/www.cuboshomes.com\/blog\/wp-content\/uploads\/2024\/02\/Mijas-White-village-in-Spain.jpeg\" \/>\n\t<meta property=\"og:image:width\" content=\"1024\" \/>\n\t<meta property=\"og:image:height\" content=\"766\" \/>\n\t<meta property=\"og:image:type\" content=\"image\/jpeg\" \/>\n<meta name=\"author\" content=\"cuboshomes\" \/>\n<meta name=\"twitter:card\" content=\"summary_large_image\" \/>\n<meta name=\"twitter:label1\" content=\"Written by\" \/>\n\t<meta name=\"twitter:data1\" content=\"cuboshomes\" \/>\n\t<meta name=\"twitter:label2\" content=\"Est. reading time\" \/>\n\t<meta name=\"twitter:data2\" content=\"6 minutes\" \/>\n<script type=\"application\/ld+json\" class=\"yoast-schema-graph\">{\"@context\":\"https:\/\/schema.org\",\"@graph\":[{\"@type\":\"WebPage\",\"@id\":\"https:\/\/www.cuboshomes.com\/blog\/descubriendo-la-cala-de-mijas\/\",\"url\":\"https:\/\/www.cuboshomes.com\/blog\/descubriendo-la-cala-de-mijas\/\",\"name\":\"Descubriendo La Cala de Mijas: La Gu\u00eda del Viajero - Blog Cubo&#039;s Holiday Homes\",\"isPartOf\":{\"@id\":\"https:\/\/www.cuboshomes.com\/blog\/#website\"},\"primaryImageOfPage\":{\"@id\":\"https:\/\/www.cuboshomes.com\/blog\/descubriendo-la-cala-de-mijas\/#primaryimage\"},\"image\":{\"@id\":\"https:\/\/www.cuboshomes.com\/blog\/descubriendo-la-cala-de-mijas\/#primaryimage\"},\"thumbnailUrl\":\"https:\/\/www.cuboshomes.com\/blog\/wp-content\/uploads\/2024\/02\/Mijas-White-village-in-Spain.jpeg\",\"datePublished\":\"2024-02-20T11:28:19+00:00\",\"dateModified\":\"2025-12-12T11:42:04+00:00\",\"author\":{\"@id\":\"https:\/\/www.cuboshomes.com\/blog\/#\/schema\/person\/07d7351e1490c5ee1bc865d8b7866913\"},\"description\":\"Descubre La Cala de Mijas: playas, gastronom\u00eda, paseos junto al mar y planes para disfrutar al m\u00e1ximo este encantador rinc\u00f3n de la Costa del Sol durante todo el a\u00f1o.\",\"breadcrumb\":{\"@id\":\"https:\/\/www.cuboshomes.com\/blog\/descubriendo-la-cala-de-mijas\/#breadcrumb\"},\"inLanguage\":\"es\",\"potentialAction\":[{\"@type\":\"ReadAction\",\"target\":[\"https:\/\/www.cuboshomes.com\/blog\/descubriendo-la-cala-de-mijas\/\"]}]},{\"@type\":\"ImageObject\",\"inLanguage\":\"es\",\"@id\":\"https:\/\/www.cuboshomes.com\/blog\/descubriendo-la-cala-de-mijas\/#primaryimage\",\"url\":\"https:\/\/www.cuboshomes.com\/blog\/wp-content\/uploads\/2024\/02\/Mijas-White-village-in-Spain.jpeg\",\"contentUrl\":\"https:\/\/www.cuboshomes.com\/blog\/wp-content\/uploads\/2024\/02\/Mijas-White-village-in-Spain.jpeg\",\"width\":1024,\"height\":766},{\"@type\":\"BreadcrumbList\",\"@id\":\"https:\/\/www.cuboshomes.com\/blog\/descubriendo-la-cala-de-mijas\/#breadcrumb\",\"itemListElement\":[{\"@type\":\"ListItem\",\"position\":1,\"name\":\"Portada\",\"item\":\"https:\/\/www.cuboshomes.com\/blog\/\"},{\"@type\":\"ListItem\",\"position\":2,\"name\":\"Descubriendo La Cala de Mijas: La Gu\u00eda del Viajero\"}]},{\"@type\":\"WebSite\",\"@id\":\"https:\/\/www.cuboshomes.com\/blog\/#website\",\"url\":\"https:\/\/www.cuboshomes.com\/blog\/\",\"name\":\"Blog Cubo&#039;s Holiday Homes\",\"description\":\"\",\"potentialAction\":[{\"@type\":\"SearchAction\",\"target\":{\"@type\":\"EntryPoint\",\"urlTemplate\":\"https:\/\/www.cuboshomes.com\/blog\/?s={search_term_string}\"},\"query-input\":{\"@type\":\"PropertyValueSpecification\",\"valueRequired\":true,\"valueName\":\"search_term_string\"}}],\"inLanguage\":\"es\"},{\"@type\":\"Person\",\"@id\":\"https:\/\/www.cuboshomes.com\/blog\/#\/schema\/person\/07d7351e1490c5ee1bc865d8b7866913\",\"name\":\"cuboshomes\",\"image\":{\"@type\":\"ImageObject\",\"inLanguage\":\"es\",\"@id\":\"https:\/\/www.cuboshomes.com\/blog\/#\/schema\/person\/image\/\",\"url\":\"https:\/\/secure.gravatar.com\/avatar\/7a5399cfe1894289644dcbec0fce9dc7?s=96&d=mm&r=g\",\"contentUrl\":\"https:\/\/secure.gravatar.com\/avatar\/7a5399cfe1894289644dcbec0fce9dc7?s=96&d=mm&r=g\",\"caption\":\"cuboshomes\"}}]}<\/script>\n<!-- \/ Yoast SEO plugin. -->","yoast_head_json":{"title":"Descubriendo La Cala de Mijas: La Gu\u00eda del Viajero - Blog Cubo&#039;s Holiday Homes","description":"Descubre La Cala de Mijas: playas, gastronom\u00eda, paseos junto al mar y planes para disfrutar al m\u00e1ximo este encantador rinc\u00f3n de la Costa del Sol durante todo el a\u00f1o.","robots":{"index":"index","follow":"follow","max-snippet":"max-snippet:-1","max-image-preview":"max-image-preview:large","max-video-preview":"max-video-preview:-1"},"canonical":"https:\/\/www.cuboshomes.com\/blog\/descubriendo-la-cala-de-mijas\/","og_locale":"es_ES","og_type":"article","og_title":"Descubriendo La Cala de Mijas: La Gu\u00eda del Viajero - Blog Cubo&#039;s Holiday Homes","og_description":"Descubre La Cala de Mijas: playas, gastronom\u00eda, paseos junto al mar y planes para disfrutar al m\u00e1ximo este encantador rinc\u00f3n de la Costa del Sol durante todo el a\u00f1o.","og_url":"https:\/\/www.cuboshomes.com\/blog\/descubriendo-la-cala-de-mijas\/","og_site_name":"Blog Cubo&#039;s Holiday Homes","article_published_time":"2024-02-20T11:28:19+00:00","article_modified_time":"2025-12-12T11:42:04+00:00","og_image":[{"width":1024,"height":766,"url":"https:\/\/www.cuboshomes.com\/blog\/wp-content\/uploads\/2024\/02\/Mijas-White-village-in-Spain.jpeg","type":"image\/jpeg"}],"author":"cuboshomes","twitter_card":"summary_large_image","twitter_misc":{"Written by":"cuboshomes","Est. reading time":"6 minutes"},"schema":{"@context":"https:\/\/schema.org","@graph":[{"@type":"WebPage","@id":"https:\/\/www.cuboshomes.com\/blog\/descubriendo-la-cala-de-mijas\/","url":"https:\/\/www.cuboshomes.com\/blog\/descubriendo-la-cala-de-mijas\/","name":"Descubriendo La Cala de Mijas: La Gu\u00eda del Viajero - Blog Cubo&#039;s Holiday Homes","isPartOf":{"@id":"https:\/\/www.cuboshomes.com\/blog\/#website"},"primaryImageOfPage":{"@id":"https:\/\/www.cuboshomes.com\/blog\/descubriendo-la-cala-de-mijas\/#primaryimage"},"image":{"@id":"https:\/\/www.cuboshomes.com\/blog\/descubriendo-la-cala-de-mijas\/#primaryimage"},"thumbnailUrl":"https:\/\/www.cuboshomes.com\/blog\/wp-content\/uploads\/2024\/02\/Mijas-White-village-in-Spain.jpeg","datePublished":"2024-02-20T11:28:19+00:00","dateModified":"2025-12-12T11:42:04+00:00","author":{"@id":"https:\/\/www.cuboshomes.com\/blog\/#\/schema\/person\/07d7351e1490c5ee1bc865d8b7866913"},"description":"Descubre La Cala de Mijas: playas, gastronom\u00eda, paseos junto al mar y planes para disfrutar al m\u00e1ximo este encantador rinc\u00f3n de la Costa del Sol durante todo el a\u00f1o.","breadcrumb":{"@id":"https:\/\/www.cuboshomes.com\/blog\/descubriendo-la-cala-de-mijas\/#breadcrumb"},"inLanguage":"es","potentialAction":[{"@type":"ReadAction","target":["https:\/\/www.cuboshomes.com\/blog\/descubriendo-la-cala-de-mijas\/"]}]},{"@type":"ImageObject","inLanguage":"es","@id":"https:\/\/www.cuboshomes.com\/blog\/descubriendo-la-cala-de-mijas\/#primaryimage","url":"https:\/\/www.cuboshomes.com\/blog\/wp-content\/uploads\/2024\/02\/Mijas-White-village-in-Spain.jpeg","contentUrl":"https:\/\/www.cuboshomes.com\/blog\/wp-content\/uploads\/2024\/02\/Mijas-White-village-in-Spain.jpeg","width":1024,"height":766},{"@type":"BreadcrumbList","@id":"https:\/\/www.cuboshomes.com\/blog\/descubriendo-la-cala-de-mijas\/#breadcrumb","itemListElement":[{"@type":"ListItem","position":1,"name":"Portada","item":"https:\/\/www.cuboshomes.com\/blog\/"},{"@type":"ListItem","position":2,"name":"Descubriendo La Cala de Mijas: La Gu\u00eda del Viajero"}]},{"@type":"WebSite","@id":"https:\/\/www.cuboshomes.com\/blog\/#website","url":"https:\/\/www.cuboshomes.com\/blog\/","name":"Blog Cubo&#039;s Holiday Homes","description":"","potentialAction":[{"@type":"SearchAction","target":{"@type":"EntryPoint","urlTemplate":"https:\/\/www.cuboshomes.com\/blog\/?s={search_term_string}"},"query-input":{"@type":"PropertyValueSpecification","valueRequired":true,"valueName":"search_term_string"}}],"inLanguage":"es"},{"@type":"Person","@id":"https:\/\/www.cuboshomes.com\/blog\/#\/schema\/person\/07d7351e1490c5ee1bc865d8b7866913","name":"cuboshomes","image":{"@type":"ImageObject","inLanguage":"es","@id":"https:\/\/www.cuboshomes.com\/blog\/#\/schema\/person\/image\/","url":"https:\/\/secure.gravatar.com\/avatar\/7a5399cfe1894289644dcbec0fce9dc7?s=96&d=mm&r=g","contentUrl":"https:\/\/secure.gravatar.com\/avatar\/7a5399cfe1894289644dcbec0fce9dc7?s=96&d=mm&r=g","caption":"cuboshomes"}}]}},"_links":{"self":[{"href":"https:\/\/www.cuboshomes.com\/blog\/wp-json\/wp\/v2\/posts\/2110","targetHints":{"allow":["GET"]}}],"collection":[{"href":"https:\/\/www.cuboshomes.com\/blog\/wp-json\/wp\/v2\/posts"}],"about":[{"href":"https:\/\/www.cuboshomes.com\/blog\/wp-json\/wp\/v2\/types\/post"}],"author":[{"embeddable":true,"href":"https:\/\/www.cuboshomes.com\/blog\/wp-json\/wp\/v2\/users\/4"}],"replies":[{"embeddable":true,"href":"https:\/\/www.cuboshomes.com\/blog\/wp-json\/wp\/v2\/comments?post=2110"}],"version-history":[{"count":14,"href":"https:\/\/www.cuboshomes.com\/blog\/wp-json\/wp\/v2\/posts\/2110\/revisions"}],"predecessor-version":[{"id":4250,"href":"https:\/\/www.cuboshomes.com\/blog\/wp-json\/wp\/v2\/posts\/2110\/revisions\/4250"}],"wp:featuredmedia":[{"embeddable":true,"href":"https:\/\/www.cuboshomes.com\/blog\/wp-json\/wp\/v2\/media\/2111"}],"wp:attachment":[{"href":"https:\/\/www.cuboshomes.com\/blog\/wp-json\/wp\/v2\/media?parent=2110"}],"wp:term":[{"taxonomy":"category","embeddable":true,"href":"https:\/\/www.cuboshomes.com\/blog\/wp-json\/wp\/v2\/categories?post=2110"},{"taxonomy":"post_tag","embeddable":true,"href":"https:\/\/www.cuboshomes.com\/blog\/wp-json\/wp\/v2\/tags?post=2110"}],"curies":[{"name":"wp","href":"https:\/\/api.w.org\/{rel}","templated":true}]}}