{"id":1573,"date":"2022-09-22T13:00:09","date_gmt":"2022-09-22T13:00:09","guid":{"rendered":"https:\/\/www.cuboshomes.com\/blog\/?p=1573"},"modified":"2023-03-28T17:02:00","modified_gmt":"2023-03-28T17:02:00","slug":"historia-de-la-iconica-calle-larios-de-malaga","status":"publish","type":"post","link":"https:\/\/www.cuboshomes.com\/blog\/historia-de-la-iconica-calle-larios-de-malaga\/","title":{"rendered":"Historia de la ic\u00f3nica Calle Larios de M\u00e1laga"},"content":{"rendered":"\n<p>La calle Larios cumple 130 a\u00f1os desde su inauguraci\u00f3n, consider\u00e1ndose un eje de la vida de M\u00e1laga desde su apertura.<\/p>\n\n\n\n<p>La calle de Larios fue dise\u00f1ada por Joaqu\u00edn de Rucoba y el proyectista de sus edificaciones fue Eduardo Strachan Viana-C\u00e1rdenas. Dise\u00f1\u00f3 los inmuebles con esquinas redondeadas, altura que mide igual que el ancho de la calle y materiales novedosos para la \u00e9poca, como estructuras met\u00e1licas y alturas superiores a la tercera planta de los edificios, un dise\u00f1o nuevo en urbanismo. Se ha convertido en uno de los <a href=\"https:\/\/www.cuboshomes.com\/blog\/la-biznaga-origen-de-uno-de-los-grandes-iconos-de-malaga\/\">iconos<\/a> actuales de la ciudad de M\u00e1laga.<\/p>\n\n\n\n<h2 class=\"wp-block-heading\"><a><\/a>C\u00f3mo se financi\u00f3 su construcci\u00f3n<\/h2>\n\n\n\n<p>Hace 130 a\u00f1os la calle de M\u00e1rquez de Larios constitu\u00eda un s\u00edmbolo de modernidad en la ciudad de M\u00e1laga. Su inauguraci\u00f3n fue un logro que cambi\u00f3 la din\u00e1mica de la ciudad. Se construy\u00f3 con financiamiento privado, como negocio de M\u00e1rquez de Larios, quien invirti\u00f3 en la obra que se convert\u00eda en novedad arquitect\u00f3nica y urban\u00edstica del siglo XIX, en el mundo.<\/p>\n\n\n\n<p>Dos millones de pesetas se invirtieron en la construcci\u00f3n de la calle de Larios, un monto incre\u00edble para la \u00e9poca, que cont\u00f3 con la financiaci\u00f3n del M\u00e1rquez de Larios. El Ayuntamiento le otorg\u00f3 un 90% de los bonos de recaudaci\u00f3n y la propiedad de la mayor\u00eda de las edificaciones de la calle, excepto la propiedad n\u00famero 1, destinada a un negocio muy rentable.<\/p>\n\n\n\n<h2 class=\"wp-block-heading\"><a><\/a>En cu\u00e1nto tiempo se construy\u00f3<\/h2>\n\n\n\n<p>La calle de Larios se construy\u00f3 en un lapso de cuatro a\u00f1os, tres meses y doce d\u00edas, una gran v\u00eda moderna y amplia que conect\u00f3 al centro con Alameda y Parque. Se emprendi\u00f3 la construcci\u00f3n de la calle de Larios un 15 de mayo de 1887. Para dotar a la ciudad de M\u00e1laga de saneamiento y dise\u00f1o urbano moderno, inaugur\u00e1ndose el 27 de agosto de 1891.<\/p>\n\n\n\n<p>Se planific\u00f3 inicialmente, con un trazado transversal de este a oeste, uniendo las calles Nueva y la Catedral, aprovechando espacios abiertos para la construcci\u00f3n de inmuebles. Luego se decidi\u00f3 por la conexi\u00f3n con el litoral, a petici\u00f3n del M\u00e1rquez de Larios. Para que pasara por el Palacio de Larios, hoy la Equitativa.<\/p>\n\n\n\n<p>Su construcci\u00f3n sustituy\u00f3 callejuelas del antiguo dise\u00f1o musulm\u00e1n, como Siete Revueltas, el callej\u00f3n del perro y el callej\u00f3n del gato; entre otras. Se moderniz\u00f3 el centro, siguiendo la ruta de las calles Nueva y Alcazabilla, en sentido norte-sur, comunicando al puerto y despejando el centro de la ciudad.<\/p>\n\n\n\n<p>Su inauguraci\u00f3n fue un acontecimiento, la calle se recorri\u00f3 con cabalgata de lujosos carruajes. Flores y peladillas fueron lanzadas a la multitud, lo que se malinterpret\u00f3 y gener\u00f3 altercados. Hace 130 a\u00f1os, la calle de Larios se convirti\u00f3 en centro de comercio nacional y urbanismo burgu\u00e9s.<\/p>\n\n\n\n<h2 class=\"wp-block-heading\">Descubre la calle Larios de M\u00e1laga con nuestros apartamentos tur\u00edsticos<\/h2>\n\n\n\n<p>La mejor experiencia para recorrer la calle Larios y otros encantos de M\u00e1laga como la playa de la Malagueta o la Alcazaba es alojarte durante varios d\u00edas en uno de nuestros <a href=\"https:\/\/www.cuboshomes.com\/alquiler\/alquileres-malaga-d980\/\">apartamentos tur\u00edsticos en M\u00e1laga<\/a>, es una elecci\u00f3n ideal para recorrer sin prisa sus calles m\u00e1s populares, disfrutando de las mejores vistas de la ciudad y viviendo durante este tiempo como un malague\u00f1o m\u00e1s. El centro hist\u00f3rico es totalmente peatonal, as\u00ed que recomendamos disfrutar de los mejores recorridos paseando por sus calles, por ello lo m\u00e1s c\u00f3modo ser\u00e1 elegir un alojamiento que se encuentre muy cerca de esta zona m\u00e1s tur\u00edstica. <\/p>\n","protected":false},"excerpt":{"rendered":"<p>La calle Larios cumple 130 a\u00f1os desde su inauguraci\u00f3n, consider\u00e1ndose un eje de la vida de M\u00e1laga desde su apertura. La calle de Larios fue dise\u00f1ada por Joaqu\u00edn de Rucoba y el proyectista de sus edificaciones fue Eduardo Strachan Viana-C\u00e1rdenas. Dise\u00f1\u00f3 los inmuebles con esquinas redondeadas, altura que mide igual que el ancho de la [&hellip;]<\/p>\n","protected":false},"author":4,"featured_media":1574,"comment_status":"open","ping_status":"open","sticky":false,"template":"","format":"standard","meta":{"footnotes":""},"categories":[290,289,39],"tags":[328,5,164,330,84,329,54,6],"class_list":["post-1573","post","type-post","status-publish","format-standard","has-post-thumbnail","hentry","category-cultura","category-historia","category-lugares","tag-calle-larios","tag-costa-del-sol","tag-cultura","tag-familia-larios","tag-historia","tag-larios","tag-malaga","tag-ocio"],"yoast_head":"<!-- This site is optimized with the Yoast SEO plugin v25.3 - https:\/\/yoast.com\/wordpress\/plugins\/seo\/ -->\n<title>Historia de la ic\u00f3nica Calle Larios de M\u00e1laga - Blog Cubo&#039;s Holiday Homes<\/title>\n<meta name=\"description\" content=\"La calle Larios cumple 130 a\u00f1os desde su inauguraci\u00f3n, consider\u00e1ndose un eje de la vida de M\u00e1laga desde su apertura.\" \/>\n<meta name=\"robots\" content=\"index, follow, max-snippet:-1, max-image-preview:large, max-video-preview:-1\" \/>\n<link rel=\"canonical\" href=\"https:\/\/www.cuboshomes.com\/blog\/historia-de-la-iconica-calle-larios-de-malaga\/\" \/>\n<meta property=\"og:locale\" content=\"es_ES\" \/>\n<meta property=\"og:type\" content=\"article\" \/>\n<meta property=\"og:title\" content=\"Historia de la ic\u00f3nica Calle Larios de M\u00e1laga - Blog Cubo&#039;s Holiday Homes\" \/>\n<meta property=\"og:description\" content=\"La calle Larios cumple 130 a\u00f1os desde su inauguraci\u00f3n, consider\u00e1ndose un eje de la vida de M\u00e1laga desde su apertura.\" \/>\n<meta property=\"og:url\" content=\"https:\/\/www.cuboshomes.com\/blog\/historia-de-la-iconica-calle-larios-de-malaga\/\" \/>\n<meta property=\"og:site_name\" content=\"Blog Cubo&#039;s Holiday Homes\" \/>\n<meta property=\"article:published_time\" content=\"2022-09-22T13:00:09+00:00\" \/>\n<meta property=\"article:modified_time\" content=\"2023-03-28T17:02:00+00:00\" \/>\n<meta property=\"og:image\" content=\"https:\/\/www.cuboshomes.com\/blog\/wp-content\/uploads\/2022\/08\/historia-de-la-iconica-calle-larios-de-malaga.jpg\" \/>\n\t<meta property=\"og:image:width\" content=\"1000\" \/>\n\t<meta property=\"og:image:height\" content=\"625\" \/>\n\t<meta property=\"og:image:type\" content=\"image\/jpeg\" \/>\n<meta name=\"author\" content=\"cuboshomes\" \/>\n<meta name=\"twitter:card\" content=\"summary_large_image\" \/>\n<meta name=\"twitter:label1\" content=\"Written by\" \/>\n\t<meta name=\"twitter:data1\" content=\"cuboshomes\" \/>\n\t<meta name=\"twitter:label2\" content=\"Est. reading time\" \/>\n\t<meta name=\"twitter:data2\" content=\"3 minutes\" \/>\n<script type=\"application\/ld+json\" class=\"yoast-schema-graph\">{\"@context\":\"https:\/\/schema.org\",\"@graph\":[{\"@type\":\"WebPage\",\"@id\":\"https:\/\/www.cuboshomes.com\/blog\/historia-de-la-iconica-calle-larios-de-malaga\/\",\"url\":\"https:\/\/www.cuboshomes.com\/blog\/historia-de-la-iconica-calle-larios-de-malaga\/\",\"name\":\"Historia de la ic\u00f3nica Calle Larios de M\u00e1laga - Blog Cubo&#039;s Holiday Homes\",\"isPartOf\":{\"@id\":\"https:\/\/www.cuboshomes.com\/blog\/#website\"},\"primaryImageOfPage\":{\"@id\":\"https:\/\/www.cuboshomes.com\/blog\/historia-de-la-iconica-calle-larios-de-malaga\/#primaryimage\"},\"image\":{\"@id\":\"https:\/\/www.cuboshomes.com\/blog\/historia-de-la-iconica-calle-larios-de-malaga\/#primaryimage\"},\"thumbnailUrl\":\"https:\/\/www.cuboshomes.com\/blog\/wp-content\/uploads\/2022\/08\/historia-de-la-iconica-calle-larios-de-malaga.jpg\",\"datePublished\":\"2022-09-22T13:00:09+00:00\",\"dateModified\":\"2023-03-28T17:02:00+00:00\",\"author\":{\"@id\":\"https:\/\/www.cuboshomes.com\/blog\/#\/schema\/person\/07d7351e1490c5ee1bc865d8b7866913\"},\"description\":\"La calle Larios cumple 130 a\u00f1os desde su inauguraci\u00f3n, consider\u00e1ndose un eje de la vida de M\u00e1laga desde su apertura.\",\"breadcrumb\":{\"@id\":\"https:\/\/www.cuboshomes.com\/blog\/historia-de-la-iconica-calle-larios-de-malaga\/#breadcrumb\"},\"inLanguage\":\"es\",\"potentialAction\":[{\"@type\":\"ReadAction\",\"target\":[\"https:\/\/www.cuboshomes.com\/blog\/historia-de-la-iconica-calle-larios-de-malaga\/\"]}]},{\"@type\":\"ImageObject\",\"inLanguage\":\"es\",\"@id\":\"https:\/\/www.cuboshomes.com\/blog\/historia-de-la-iconica-calle-larios-de-malaga\/#primaryimage\",\"url\":\"https:\/\/www.cuboshomes.com\/blog\/wp-content\/uploads\/2022\/08\/historia-de-la-iconica-calle-larios-de-malaga.jpg\",\"contentUrl\":\"https:\/\/www.cuboshomes.com\/blog\/wp-content\/uploads\/2022\/08\/historia-de-la-iconica-calle-larios-de-malaga.jpg\",\"width\":1000,\"height\":625,\"caption\":\"Calle Larios M\u00e1laga Historia\"},{\"@type\":\"BreadcrumbList\",\"@id\":\"https:\/\/www.cuboshomes.com\/blog\/historia-de-la-iconica-calle-larios-de-malaga\/#breadcrumb\",\"itemListElement\":[{\"@type\":\"ListItem\",\"position\":1,\"name\":\"Portada\",\"item\":\"https:\/\/www.cuboshomes.com\/blog\/\"},{\"@type\":\"ListItem\",\"position\":2,\"name\":\"Historia de la ic\u00f3nica Calle Larios de M\u00e1laga\"}]},{\"@type\":\"WebSite\",\"@id\":\"https:\/\/www.cuboshomes.com\/blog\/#website\",\"url\":\"https:\/\/www.cuboshomes.com\/blog\/\",\"name\":\"Blog Cubo&#039;s Holiday Homes\",\"description\":\"\",\"potentialAction\":[{\"@type\":\"SearchAction\",\"target\":{\"@type\":\"EntryPoint\",\"urlTemplate\":\"https:\/\/www.cuboshomes.com\/blog\/?s={search_term_string}\"},\"query-input\":{\"@type\":\"PropertyValueSpecification\",\"valueRequired\":true,\"valueName\":\"search_term_string\"}}],\"inLanguage\":\"es\"},{\"@type\":\"Person\",\"@id\":\"https:\/\/www.cuboshomes.com\/blog\/#\/schema\/person\/07d7351e1490c5ee1bc865d8b7866913\",\"name\":\"cuboshomes\",\"image\":{\"@type\":\"ImageObject\",\"inLanguage\":\"es\",\"@id\":\"https:\/\/www.cuboshomes.com\/blog\/#\/schema\/person\/image\/\",\"url\":\"https:\/\/secure.gravatar.com\/avatar\/7a5399cfe1894289644dcbec0fce9dc7?s=96&d=mm&r=g\",\"contentUrl\":\"https:\/\/secure.gravatar.com\/avatar\/7a5399cfe1894289644dcbec0fce9dc7?s=96&d=mm&r=g\",\"caption\":\"cuboshomes\"}}]}<\/script>\n<!-- \/ Yoast SEO plugin. -->","yoast_head_json":{"title":"Historia de la ic\u00f3nica Calle Larios de M\u00e1laga - Blog Cubo&#039;s Holiday Homes","description":"La calle Larios cumple 130 a\u00f1os desde su inauguraci\u00f3n, consider\u00e1ndose un eje de la vida de M\u00e1laga desde su apertura.","robots":{"index":"index","follow":"follow","max-snippet":"max-snippet:-1","max-image-preview":"max-image-preview:large","max-video-preview":"max-video-preview:-1"},"canonical":"https:\/\/www.cuboshomes.com\/blog\/historia-de-la-iconica-calle-larios-de-malaga\/","og_locale":"es_ES","og_type":"article","og_title":"Historia de la ic\u00f3nica Calle Larios de M\u00e1laga - Blog Cubo&#039;s Holiday Homes","og_description":"La calle Larios cumple 130 a\u00f1os desde su inauguraci\u00f3n, consider\u00e1ndose un eje de la vida de M\u00e1laga desde su apertura.","og_url":"https:\/\/www.cuboshomes.com\/blog\/historia-de-la-iconica-calle-larios-de-malaga\/","og_site_name":"Blog Cubo&#039;s Holiday Homes","article_published_time":"2022-09-22T13:00:09+00:00","article_modified_time":"2023-03-28T17:02:00+00:00","og_image":[{"width":1000,"height":625,"url":"https:\/\/www.cuboshomes.com\/blog\/wp-content\/uploads\/2022\/08\/historia-de-la-iconica-calle-larios-de-malaga.jpg","type":"image\/jpeg"}],"author":"cuboshomes","twitter_card":"summary_large_image","twitter_misc":{"Written by":"cuboshomes","Est. reading time":"3 minutes"},"schema":{"@context":"https:\/\/schema.org","@graph":[{"@type":"WebPage","@id":"https:\/\/www.cuboshomes.com\/blog\/historia-de-la-iconica-calle-larios-de-malaga\/","url":"https:\/\/www.cuboshomes.com\/blog\/historia-de-la-iconica-calle-larios-de-malaga\/","name":"Historia de la ic\u00f3nica Calle Larios de M\u00e1laga - Blog Cubo&#039;s Holiday Homes","isPartOf":{"@id":"https:\/\/www.cuboshomes.com\/blog\/#website"},"primaryImageOfPage":{"@id":"https:\/\/www.cuboshomes.com\/blog\/historia-de-la-iconica-calle-larios-de-malaga\/#primaryimage"},"image":{"@id":"https:\/\/www.cuboshomes.com\/blog\/historia-de-la-iconica-calle-larios-de-malaga\/#primaryimage"},"thumbnailUrl":"https:\/\/www.cuboshomes.com\/blog\/wp-content\/uploads\/2022\/08\/historia-de-la-iconica-calle-larios-de-malaga.jpg","datePublished":"2022-09-22T13:00:09+00:00","dateModified":"2023-03-28T17:02:00+00:00","author":{"@id":"https:\/\/www.cuboshomes.com\/blog\/#\/schema\/person\/07d7351e1490c5ee1bc865d8b7866913"},"description":"La calle Larios cumple 130 a\u00f1os desde su inauguraci\u00f3n, consider\u00e1ndose un eje de la vida de M\u00e1laga desde su apertura.","breadcrumb":{"@id":"https:\/\/www.cuboshomes.com\/blog\/historia-de-la-iconica-calle-larios-de-malaga\/#breadcrumb"},"inLanguage":"es","potentialAction":[{"@type":"ReadAction","target":["https:\/\/www.cuboshomes.com\/blog\/historia-de-la-iconica-calle-larios-de-malaga\/"]}]},{"@type":"ImageObject","inLanguage":"es","@id":"https:\/\/www.cuboshomes.com\/blog\/historia-de-la-iconica-calle-larios-de-malaga\/#primaryimage","url":"https:\/\/www.cuboshomes.com\/blog\/wp-content\/uploads\/2022\/08\/historia-de-la-iconica-calle-larios-de-malaga.jpg","contentUrl":"https:\/\/www.cuboshomes.com\/blog\/wp-content\/uploads\/2022\/08\/historia-de-la-iconica-calle-larios-de-malaga.jpg","width":1000,"height":625,"caption":"Calle Larios M\u00e1laga Historia"},{"@type":"BreadcrumbList","@id":"https:\/\/www.cuboshomes.com\/blog\/historia-de-la-iconica-calle-larios-de-malaga\/#breadcrumb","itemListElement":[{"@type":"ListItem","position":1,"name":"Portada","item":"https:\/\/www.cuboshomes.com\/blog\/"},{"@type":"ListItem","position":2,"name":"Historia de la ic\u00f3nica Calle Larios de M\u00e1laga"}]},{"@type":"WebSite","@id":"https:\/\/www.cuboshomes.com\/blog\/#website","url":"https:\/\/www.cuboshomes.com\/blog\/","name":"Blog Cubo&#039;s Holiday Homes","description":"","potentialAction":[{"@type":"SearchAction","target":{"@type":"EntryPoint","urlTemplate":"https:\/\/www.cuboshomes.com\/blog\/?s={search_term_string}"},"query-input":{"@type":"PropertyValueSpecification","valueRequired":true,"valueName":"search_term_string"}}],"inLanguage":"es"},{"@type":"Person","@id":"https:\/\/www.cuboshomes.com\/blog\/#\/schema\/person\/07d7351e1490c5ee1bc865d8b7866913","name":"cuboshomes","image":{"@type":"ImageObject","inLanguage":"es","@id":"https:\/\/www.cuboshomes.com\/blog\/#\/schema\/person\/image\/","url":"https:\/\/secure.gravatar.com\/avatar\/7a5399cfe1894289644dcbec0fce9dc7?s=96&d=mm&r=g","contentUrl":"https:\/\/secure.gravatar.com\/avatar\/7a5399cfe1894289644dcbec0fce9dc7?s=96&d=mm&r=g","caption":"cuboshomes"}}]}},"_links":{"self":[{"href":"https:\/\/www.cuboshomes.com\/blog\/wp-json\/wp\/v2\/posts\/1573","targetHints":{"allow":["GET"]}}],"collection":[{"href":"https:\/\/www.cuboshomes.com\/blog\/wp-json\/wp\/v2\/posts"}],"about":[{"href":"https:\/\/www.cuboshomes.com\/blog\/wp-json\/wp\/v2\/types\/post"}],"author":[{"embeddable":true,"href":"https:\/\/www.cuboshomes.com\/blog\/wp-json\/wp\/v2\/users\/4"}],"replies":[{"embeddable":true,"href":"https:\/\/www.cuboshomes.com\/blog\/wp-json\/wp\/v2\/comments?post=1573"}],"version-history":[{"count":4,"href":"https:\/\/www.cuboshomes.com\/blog\/wp-json\/wp\/v2\/posts\/1573\/revisions"}],"predecessor-version":[{"id":1830,"href":"https:\/\/www.cuboshomes.com\/blog\/wp-json\/wp\/v2\/posts\/1573\/revisions\/1830"}],"wp:featuredmedia":[{"embeddable":true,"href":"https:\/\/www.cuboshomes.com\/blog\/wp-json\/wp\/v2\/media\/1574"}],"wp:attachment":[{"href":"https:\/\/www.cuboshomes.com\/blog\/wp-json\/wp\/v2\/media?parent=1573"}],"wp:term":[{"taxonomy":"category","embeddable":true,"href":"https:\/\/www.cuboshomes.com\/blog\/wp-json\/wp\/v2\/categories?post=1573"},{"taxonomy":"post_tag","embeddable":true,"href":"https:\/\/www.cuboshomes.com\/blog\/wp-json\/wp\/v2\/tags?post=1573"}],"curies":[{"name":"wp","href":"https:\/\/api.w.org\/{rel}","templated":true}]}}