{"id":1483,"date":"2022-09-08T13:03:00","date_gmt":"2022-09-08T13:03:00","guid":{"rendered":"https:\/\/www.cuboshomes.com\/blog\/?p=1483"},"modified":"2023-03-28T16:15:22","modified_gmt":"2023-03-28T16:15:22","slug":"benalmadena-historia-de-un-pueblo-con-15-000-anos","status":"publish","type":"post","link":"https:\/\/www.cuboshomes.com\/blog\/benalmadena-historia-de-un-pueblo-con-15-000-anos\/","title":{"rendered":"Benalm\u00e1dena, historia de un pueblo con 15.000 a\u00f1os"},"content":{"rendered":"\n<p>Benalm\u00e1dena es una de las localidades m\u00e1s conocidas de la provincia de M\u00e1laga, siendo un <a href=\"https:\/\/www.cuboshomes.com\/blog\/benalmadena-en-familia\/\">gran destino si viajas en familia<\/a>. Eso s\u00ed, ha tenido mucho tiempo para generar su fama, este pueblo tiene una extens\u00edsima historia de m\u00e1s de 15.000 a\u00f1os de antig\u00fcedad.<\/p>\n\n\n\n<p>Ubicada en el coraz\u00f3n de la Costa del Sol, tiene rasgos hist\u00f3ricos de las culturas y civilizaciones que por siglos influenciaron en <a href=\"https:\/\/www.diariosur.es\/culturas\/malaga-mapa-prehistoria-20180930234445-nt.html\">la realidad de M\u00e1laga<\/a>. Es un pueblo donde se han hallado vestigios de finales del Paleol\u00edtico Superior y del Neol\u00edtico, como pinturas rupestres, vasijas, huesos y otros utensilios en las cuevas La Zorrera, Los Botijos y cueva del Toro.<\/p>\n\n\n\n<p>Se cree que la cueva del Toro en las faldas del monte Calamorro, pudo ser usada como santuario y es un lugar que documenta la historia del municipio, con detalles, como su m\u00e1s representativo una pintura rupestre roja, donde se simboliza a un vacuno sin cabeza, la cual seg\u00fan estudios especializados data de hace unos 15.000 a\u00f1os.<\/p>\n\n\n\n<p>Otro dato hist\u00f3rico que fortalece el tiempo de ocupaci\u00f3n humana en la zona, son las huellas de antes de Cristo Benalm\u00e1dena ya recib\u00eda a la cultura fenicia mediante el comercio de minerales como hierro y plata y factor\u00edas pesqueras, cuyos vestigios que datan de entre los siglos IV y VI a.C., se han hallado en la zona del Arroyo de la Miel cerca del parque de La Paloma.<\/p>\n\n\n\n<p>La poblaci\u00f3n humana data en la regi\u00f3n desde hace 20.000 a\u00f1os, el estudio de restos de la cultura fenicia y romana se pueden observar en el museo de Benalm\u00e1dena. Tambi\u00e9n, se sabe que con la ca\u00edda del imperio romano, llegaron los pueblos germ\u00e1nicos y musulmanes que impulsaron su desarrollo.<\/p>\n\n\n\n<p>La Edad Media fren\u00f3 su avance y es el momento hist\u00f3rico donde el pueblo se llama Benalmaina. Cuando se denomin\u00f3 Benalm\u00e1dena defendi\u00f3 la costa de ataques piratas, seg\u00fan restos de las torres El Muelle, Quebrada y Bermeja y existe restos de una mezquita en Arroyo de la Miel, denominado as\u00ed por la f\u00e1brica de miel que tornaba sus aguas dulces por el a\u00f1o de 1784.<\/p>\n\n\n\n<h2 class=\"wp-block-heading\"><a><\/a>Historia del nombre Benalm\u00e1dena<\/h2>\n\n\n\n<p>Existen varias teor\u00edas del origen del nombre de la localidad, Benalm\u00e1dena significa: \u201cPoblaci\u00f3n entre manantiales\u201d, apoy\u00e1ndose en el vocablo \u2013Bena-A La Ena- Otra teor\u00eda afirma que el origen de este nombre se encuentra en la hacienda de la familia musulmana al- Medina, que pudo ser propietaria de sus terrenos, seg\u00fan datos hist\u00f3ricos.<\/p>\n\n\n\n<p>Al mismo tiempo, se ha referido que Benalm\u00e1dena puede significar \u201cHijos de Madana\u201d, apoy\u00e1ndose en un posible origen que suma el estirpe \u00e1rabe Los Madana con el prefijo Ben, que significa hijo o descendente. Otro dato es la evoluci\u00f3n de su nombre en Benalmaina, Benalmyna o Benalmadina.<\/p>\n\n\n\n<p>La actividad minera parece ser el origen del nombre del pueblo, en \u00e1rabe \u201clbn al-ma\u00b4din\u201d con su significado \u201clos hijos de las minas\u201d y los yacimientos de hierro y ocre respalda la hip\u00f3tesis de la mayor\u00eda de los historiadores, que se refuerza con la palabra \u00e1rabe \u201cBina al-ma\u00b4din\u201d o \u201cedificio de la mina\u201d<\/p>\n\n\n\n<h2 class=\"wp-block-heading\"><a><\/a>Referencias hist\u00f3ricas<\/h2>\n\n\n\n<p>Las referencias hist\u00f3ricas documentadas de la historia de Benalm\u00e1dena, datan del siglo XV, en tiempos de la reconquista de la Corona de Castilla contra el reino nazar\u00ed de Granada, con luchas entre cristianos y moros.<\/p>\n\n\n\n<p><a><\/a>Como se ha mencionado el origen de Benalm\u00e1dena es muy anterior e incluso, varios historiadores han sostenido que contaba con poblaci\u00f3n hace cerca de 18.000 a\u00f1os, es decir en el Paleol\u00edtico Superior.<\/p>\n\n\n\n<p>Las \u00faltimas investigaciones en la zona cercana del Bajondillo en Torremolinos afirman que su cronolog\u00eda data del Paleol\u00edtico Medio, con una historia de 15.000 a\u00f1os. El turismo en el Sur de Espa\u00f1a logra su r\u00e1pido crecimiento desde la mitad del siglo XX.<\/p>\n\n\n\n<h2 class=\"wp-block-heading\">Descubre Benalm\u00e1dena desde nuestros alojamientos tur\u00edsticos<\/h2>\n\n\n\n<p>\u00bfTe has quedado con ganas de conocer en persona esta localidad tras esta informaci\u00f3n? Te animamos a descubrir este maravilloso destino de la Costa del Sol desde uno de los <a href=\"https:\/\/www.cuboshomes.com\/alquiler\/alquileres-benalmadena-d207\/\">alquileres tur\u00edsticos de Benalm\u00e1dena<\/a> que podr\u00e1s reservar con nosotros. Disponemos de apartamentos y villas que podr\u00e1s reservar para tu estancia en zonas incre\u00edbles, muy cerca de las playas donde disfrutar de las aguas cristalinas de nuestras costas, adem\u00e1s de unos paisajes dignos de visitar. <\/p>\n\n\n\n<h3 class=\"wp-block-heading\">Actividades ideales para tu visita a Benalm\u00e1dena<\/h3>\n\n\n\n<p>Si adem\u00e1s de la historia y cultura quieres conocer m\u00e1s de este destino, te animamos a revisar todas las experiencias que te proponemos y que podr\u00e1s reservar para complementar tu viaje a Benalm\u00e1dena.<\/p>\n\n\n\n<p align=\"center\"><a href=\"https:\/\/www.civitatis.com\/es\/malaga-provincia\/?allowedDestinationIds=337&#038;ag_aid=39792&#038;ag_cmp=Widget_Malaga_Provincia_EN&#038;ag_cmpint=EN_BUTT_NOGREY_DEST_COS_NOLAT_SDW_RND_NOCOL_MON_NEU&#038;ag_is_widget=true&#038;_gl=1*hp1d7i*_up*MQ..*_ga*MTQ1NDYzOTkwNy4xNjc3MDAxMzYy*_ga_216706797*MTY3NzAwMTM2MC4xLjAuMTY3NzAwMTM2MC4wLjAuMA..\" rel=\"nofollow noopener\" target=\"_blank\" style=\"background: linear-gradient(to right,#00a0bb ,#00a0bb);\n background-color: #00a0bb;\n color: #fff;\n font-family: Trebuchet MS;\n font-size: 18px;\n font-weight: 800;\n font-style: normal;\n text-decoration: none;\n padding: 14px 15px;\n border: 0px solid #000;\n border-radius: 10px;\n display: inline-block;\n\">\nExperiencias si visitas Benalm\u00e1dena\n<\/a><\/p>\n","protected":false},"excerpt":{"rendered":"<p>Benalm\u00e1dena es una de las localidades m\u00e1s conocidas de la provincia de M\u00e1laga, siendo un gran destino si viajas en familia. Eso s\u00ed, ha tenido mucho tiempo para generar su fama, este pueblo tiene una extens\u00edsima historia de m\u00e1s de 15.000 a\u00f1os de antig\u00fcedad. Ubicada en el coraz\u00f3n de la Costa del Sol, tiene rasgos [&hellip;]<\/p>\n","protected":false},"author":4,"featured_media":1486,"comment_status":"open","ping_status":"open","sticky":false,"template":"","format":"standard","meta":{"footnotes":""},"categories":[39],"tags":[277,276,5,84,86,279,278],"class_list":["post-1483","post","type-post","status-publish","format-standard","has-post-thumbnail","hentry","category-lugares","tag-arroyo-de-la-miel","tag-benalmadena","tag-costa-del-sol","tag-historia","tag-malaga-2","tag-neolitico","tag-pintura-rupestre"],"yoast_head":"<!-- This site is optimized with the Yoast SEO plugin v25.3 - https:\/\/yoast.com\/wordpress\/plugins\/seo\/ -->\n<title>Benalm\u00e1dena, historia de un pueblo con 15.000 a\u00f1os - Blog Cubo&#039;s Holiday Homes<\/title>\n<meta name=\"description\" content=\"Benalm\u00e1dena es una localidad muy conocida de M\u00e1laga. Le ha sobrado tiempo para ganarse la fama: cuenta con m\u00e1s de 15.000 a\u00f1os de antig\u00fcedad.\" \/>\n<meta name=\"robots\" content=\"index, follow, max-snippet:-1, max-image-preview:large, max-video-preview:-1\" \/>\n<link rel=\"canonical\" href=\"https:\/\/www.cuboshomes.com\/blog\/benalmadena-historia-de-un-pueblo-con-15-000-anos\/\" \/>\n<meta property=\"og:locale\" content=\"es_ES\" \/>\n<meta property=\"og:type\" content=\"article\" \/>\n<meta property=\"og:title\" content=\"Benalm\u00e1dena, historia de un pueblo con 15.000 a\u00f1os - Blog Cubo&#039;s Holiday Homes\" \/>\n<meta property=\"og:description\" content=\"Benalm\u00e1dena es una localidad muy conocida de M\u00e1laga. Le ha sobrado tiempo para ganarse la fama: cuenta con m\u00e1s de 15.000 a\u00f1os de antig\u00fcedad.\" \/>\n<meta property=\"og:url\" content=\"https:\/\/www.cuboshomes.com\/blog\/benalmadena-historia-de-un-pueblo-con-15-000-anos\/\" \/>\n<meta property=\"og:site_name\" content=\"Blog Cubo&#039;s Holiday Homes\" \/>\n<meta property=\"article:published_time\" content=\"2022-09-08T13:03:00+00:00\" \/>\n<meta property=\"article:modified_time\" content=\"2023-03-28T16:15:22+00:00\" \/>\n<meta property=\"og:image\" content=\"https:\/\/www.cuboshomes.com\/blog\/wp-content\/uploads\/2022\/09\/benalmadena-historia-de-un-pueblo-con-15000-anos.jpg\" \/>\n\t<meta property=\"og:image:width\" content=\"2000\" \/>\n\t<meta property=\"og:image:height\" content=\"1333\" \/>\n\t<meta property=\"og:image:type\" content=\"image\/jpeg\" \/>\n<meta name=\"author\" content=\"cuboshomes\" \/>\n<meta name=\"twitter:card\" content=\"summary_large_image\" \/>\n<meta name=\"twitter:label1\" content=\"Written by\" \/>\n\t<meta name=\"twitter:data1\" content=\"cuboshomes\" \/>\n\t<meta name=\"twitter:label2\" content=\"Est. reading time\" \/>\n\t<meta name=\"twitter:data2\" content=\"4 minutes\" \/>\n<script type=\"application\/ld+json\" class=\"yoast-schema-graph\">{\"@context\":\"https:\/\/schema.org\",\"@graph\":[{\"@type\":\"WebPage\",\"@id\":\"https:\/\/www.cuboshomes.com\/blog\/benalmadena-historia-de-un-pueblo-con-15-000-anos\/\",\"url\":\"https:\/\/www.cuboshomes.com\/blog\/benalmadena-historia-de-un-pueblo-con-15-000-anos\/\",\"name\":\"Benalm\u00e1dena, historia de un pueblo con 15.000 a\u00f1os - Blog Cubo&#039;s Holiday Homes\",\"isPartOf\":{\"@id\":\"https:\/\/www.cuboshomes.com\/blog\/#website\"},\"primaryImageOfPage\":{\"@id\":\"https:\/\/www.cuboshomes.com\/blog\/benalmadena-historia-de-un-pueblo-con-15-000-anos\/#primaryimage\"},\"image\":{\"@id\":\"https:\/\/www.cuboshomes.com\/blog\/benalmadena-historia-de-un-pueblo-con-15-000-anos\/#primaryimage\"},\"thumbnailUrl\":\"https:\/\/www.cuboshomes.com\/blog\/wp-content\/uploads\/2022\/09\/benalmadena-historia-de-un-pueblo-con-15000-anos.jpg\",\"datePublished\":\"2022-09-08T13:03:00+00:00\",\"dateModified\":\"2023-03-28T16:15:22+00:00\",\"author\":{\"@id\":\"https:\/\/www.cuboshomes.com\/blog\/#\/schema\/person\/07d7351e1490c5ee1bc865d8b7866913\"},\"description\":\"Benalm\u00e1dena es una localidad muy conocida de M\u00e1laga. Le ha sobrado tiempo para ganarse la fama: cuenta con m\u00e1s de 15.000 a\u00f1os de antig\u00fcedad.\",\"breadcrumb\":{\"@id\":\"https:\/\/www.cuboshomes.com\/blog\/benalmadena-historia-de-un-pueblo-con-15-000-anos\/#breadcrumb\"},\"inLanguage\":\"es\",\"potentialAction\":[{\"@type\":\"ReadAction\",\"target\":[\"https:\/\/www.cuboshomes.com\/blog\/benalmadena-historia-de-un-pueblo-con-15-000-anos\/\"]}]},{\"@type\":\"ImageObject\",\"inLanguage\":\"es\",\"@id\":\"https:\/\/www.cuboshomes.com\/blog\/benalmadena-historia-de-un-pueblo-con-15-000-anos\/#primaryimage\",\"url\":\"https:\/\/www.cuboshomes.com\/blog\/wp-content\/uploads\/2022\/09\/benalmadena-historia-de-un-pueblo-con-15000-anos.jpg\",\"contentUrl\":\"https:\/\/www.cuboshomes.com\/blog\/wp-content\/uploads\/2022\/09\/benalmadena-historia-de-un-pueblo-con-15000-anos.jpg\",\"width\":2000,\"height\":1333,\"caption\":\"Benalm\u00e1dena historia\"},{\"@type\":\"BreadcrumbList\",\"@id\":\"https:\/\/www.cuboshomes.com\/blog\/benalmadena-historia-de-un-pueblo-con-15-000-anos\/#breadcrumb\",\"itemListElement\":[{\"@type\":\"ListItem\",\"position\":1,\"name\":\"Portada\",\"item\":\"https:\/\/www.cuboshomes.com\/blog\/\"},{\"@type\":\"ListItem\",\"position\":2,\"name\":\"Benalm\u00e1dena, historia de un pueblo con 15.000 a\u00f1os\"}]},{\"@type\":\"WebSite\",\"@id\":\"https:\/\/www.cuboshomes.com\/blog\/#website\",\"url\":\"https:\/\/www.cuboshomes.com\/blog\/\",\"name\":\"Blog Cubo&#039;s Holiday Homes\",\"description\":\"\",\"potentialAction\":[{\"@type\":\"SearchAction\",\"target\":{\"@type\":\"EntryPoint\",\"urlTemplate\":\"https:\/\/www.cuboshomes.com\/blog\/?s={search_term_string}\"},\"query-input\":{\"@type\":\"PropertyValueSpecification\",\"valueRequired\":true,\"valueName\":\"search_term_string\"}}],\"inLanguage\":\"es\"},{\"@type\":\"Person\",\"@id\":\"https:\/\/www.cuboshomes.com\/blog\/#\/schema\/person\/07d7351e1490c5ee1bc865d8b7866913\",\"name\":\"cuboshomes\",\"image\":{\"@type\":\"ImageObject\",\"inLanguage\":\"es\",\"@id\":\"https:\/\/www.cuboshomes.com\/blog\/#\/schema\/person\/image\/\",\"url\":\"https:\/\/secure.gravatar.com\/avatar\/7a5399cfe1894289644dcbec0fce9dc7?s=96&d=mm&r=g\",\"contentUrl\":\"https:\/\/secure.gravatar.com\/avatar\/7a5399cfe1894289644dcbec0fce9dc7?s=96&d=mm&r=g\",\"caption\":\"cuboshomes\"}}]}<\/script>\n<!-- \/ Yoast SEO plugin. -->","yoast_head_json":{"title":"Benalm\u00e1dena, historia de un pueblo con 15.000 a\u00f1os - Blog Cubo&#039;s Holiday Homes","description":"Benalm\u00e1dena es una localidad muy conocida de M\u00e1laga. Le ha sobrado tiempo para ganarse la fama: cuenta con m\u00e1s de 15.000 a\u00f1os de antig\u00fcedad.","robots":{"index":"index","follow":"follow","max-snippet":"max-snippet:-1","max-image-preview":"max-image-preview:large","max-video-preview":"max-video-preview:-1"},"canonical":"https:\/\/www.cuboshomes.com\/blog\/benalmadena-historia-de-un-pueblo-con-15-000-anos\/","og_locale":"es_ES","og_type":"article","og_title":"Benalm\u00e1dena, historia de un pueblo con 15.000 a\u00f1os - Blog Cubo&#039;s Holiday Homes","og_description":"Benalm\u00e1dena es una localidad muy conocida de M\u00e1laga. Le ha sobrado tiempo para ganarse la fama: cuenta con m\u00e1s de 15.000 a\u00f1os de antig\u00fcedad.","og_url":"https:\/\/www.cuboshomes.com\/blog\/benalmadena-historia-de-un-pueblo-con-15-000-anos\/","og_site_name":"Blog Cubo&#039;s Holiday Homes","article_published_time":"2022-09-08T13:03:00+00:00","article_modified_time":"2023-03-28T16:15:22+00:00","og_image":[{"width":2000,"height":1333,"url":"https:\/\/www.cuboshomes.com\/blog\/wp-content\/uploads\/2022\/09\/benalmadena-historia-de-un-pueblo-con-15000-anos.jpg","type":"image\/jpeg"}],"author":"cuboshomes","twitter_card":"summary_large_image","twitter_misc":{"Written by":"cuboshomes","Est. reading time":"4 minutes"},"schema":{"@context":"https:\/\/schema.org","@graph":[{"@type":"WebPage","@id":"https:\/\/www.cuboshomes.com\/blog\/benalmadena-historia-de-un-pueblo-con-15-000-anos\/","url":"https:\/\/www.cuboshomes.com\/blog\/benalmadena-historia-de-un-pueblo-con-15-000-anos\/","name":"Benalm\u00e1dena, historia de un pueblo con 15.000 a\u00f1os - Blog Cubo&#039;s Holiday Homes","isPartOf":{"@id":"https:\/\/www.cuboshomes.com\/blog\/#website"},"primaryImageOfPage":{"@id":"https:\/\/www.cuboshomes.com\/blog\/benalmadena-historia-de-un-pueblo-con-15-000-anos\/#primaryimage"},"image":{"@id":"https:\/\/www.cuboshomes.com\/blog\/benalmadena-historia-de-un-pueblo-con-15-000-anos\/#primaryimage"},"thumbnailUrl":"https:\/\/www.cuboshomes.com\/blog\/wp-content\/uploads\/2022\/09\/benalmadena-historia-de-un-pueblo-con-15000-anos.jpg","datePublished":"2022-09-08T13:03:00+00:00","dateModified":"2023-03-28T16:15:22+00:00","author":{"@id":"https:\/\/www.cuboshomes.com\/blog\/#\/schema\/person\/07d7351e1490c5ee1bc865d8b7866913"},"description":"Benalm\u00e1dena es una localidad muy conocida de M\u00e1laga. Le ha sobrado tiempo para ganarse la fama: cuenta con m\u00e1s de 15.000 a\u00f1os de antig\u00fcedad.","breadcrumb":{"@id":"https:\/\/www.cuboshomes.com\/blog\/benalmadena-historia-de-un-pueblo-con-15-000-anos\/#breadcrumb"},"inLanguage":"es","potentialAction":[{"@type":"ReadAction","target":["https:\/\/www.cuboshomes.com\/blog\/benalmadena-historia-de-un-pueblo-con-15-000-anos\/"]}]},{"@type":"ImageObject","inLanguage":"es","@id":"https:\/\/www.cuboshomes.com\/blog\/benalmadena-historia-de-un-pueblo-con-15-000-anos\/#primaryimage","url":"https:\/\/www.cuboshomes.com\/blog\/wp-content\/uploads\/2022\/09\/benalmadena-historia-de-un-pueblo-con-15000-anos.jpg","contentUrl":"https:\/\/www.cuboshomes.com\/blog\/wp-content\/uploads\/2022\/09\/benalmadena-historia-de-un-pueblo-con-15000-anos.jpg","width":2000,"height":1333,"caption":"Benalm\u00e1dena historia"},{"@type":"BreadcrumbList","@id":"https:\/\/www.cuboshomes.com\/blog\/benalmadena-historia-de-un-pueblo-con-15-000-anos\/#breadcrumb","itemListElement":[{"@type":"ListItem","position":1,"name":"Portada","item":"https:\/\/www.cuboshomes.com\/blog\/"},{"@type":"ListItem","position":2,"name":"Benalm\u00e1dena, historia de un pueblo con 15.000 a\u00f1os"}]},{"@type":"WebSite","@id":"https:\/\/www.cuboshomes.com\/blog\/#website","url":"https:\/\/www.cuboshomes.com\/blog\/","name":"Blog Cubo&#039;s Holiday Homes","description":"","potentialAction":[{"@type":"SearchAction","target":{"@type":"EntryPoint","urlTemplate":"https:\/\/www.cuboshomes.com\/blog\/?s={search_term_string}"},"query-input":{"@type":"PropertyValueSpecification","valueRequired":true,"valueName":"search_term_string"}}],"inLanguage":"es"},{"@type":"Person","@id":"https:\/\/www.cuboshomes.com\/blog\/#\/schema\/person\/07d7351e1490c5ee1bc865d8b7866913","name":"cuboshomes","image":{"@type":"ImageObject","inLanguage":"es","@id":"https:\/\/www.cuboshomes.com\/blog\/#\/schema\/person\/image\/","url":"https:\/\/secure.gravatar.com\/avatar\/7a5399cfe1894289644dcbec0fce9dc7?s=96&d=mm&r=g","contentUrl":"https:\/\/secure.gravatar.com\/avatar\/7a5399cfe1894289644dcbec0fce9dc7?s=96&d=mm&r=g","caption":"cuboshomes"}}]}},"_links":{"self":[{"href":"https:\/\/www.cuboshomes.com\/blog\/wp-json\/wp\/v2\/posts\/1483","targetHints":{"allow":["GET"]}}],"collection":[{"href":"https:\/\/www.cuboshomes.com\/blog\/wp-json\/wp\/v2\/posts"}],"about":[{"href":"https:\/\/www.cuboshomes.com\/blog\/wp-json\/wp\/v2\/types\/post"}],"author":[{"embeddable":true,"href":"https:\/\/www.cuboshomes.com\/blog\/wp-json\/wp\/v2\/users\/4"}],"replies":[{"embeddable":true,"href":"https:\/\/www.cuboshomes.com\/blog\/wp-json\/wp\/v2\/comments?post=1483"}],"version-history":[{"count":3,"href":"https:\/\/www.cuboshomes.com\/blog\/wp-json\/wp\/v2\/posts\/1483\/revisions"}],"predecessor-version":[{"id":1826,"href":"https:\/\/www.cuboshomes.com\/blog\/wp-json\/wp\/v2\/posts\/1483\/revisions\/1826"}],"wp:featuredmedia":[{"embeddable":true,"href":"https:\/\/www.cuboshomes.com\/blog\/wp-json\/wp\/v2\/media\/1486"}],"wp:attachment":[{"href":"https:\/\/www.cuboshomes.com\/blog\/wp-json\/wp\/v2\/media?parent=1483"}],"wp:term":[{"taxonomy":"category","embeddable":true,"href":"https:\/\/www.cuboshomes.com\/blog\/wp-json\/wp\/v2\/categories?post=1483"},{"taxonomy":"post_tag","embeddable":true,"href":"https:\/\/www.cuboshomes.com\/blog\/wp-json\/wp\/v2\/tags?post=1483"}],"curies":[{"name":"wp","href":"https:\/\/api.w.org\/{rel}","templated":true}]}}