{"id":1019,"date":"2021-06-17T08:22:05","date_gmt":"2021-06-17T08:22:05","guid":{"rendered":"https:\/\/www.cuboshomes.com\/blog\/?p=1019"},"modified":"2021-06-17T08:26:08","modified_gmt":"2021-06-17T08:26:08","slug":"terraza-verano","status":"publish","type":"post","link":"https:\/\/www.cuboshomes.com\/blog\/terraza-verano\/","title":{"rendered":"Un verano de terraza en terraza"},"content":{"rendered":"\n<p><strong><em>Alhaur\u00edn el Grande prepara para este verano un programa de actividades que permitir\u00e1 disfrutar de la cultura, la m\u00fasica y el espect\u00e1culo en las terrazas de los establecimientos de hosteler\u00eda y en espacios como el Teatro Antonio Gala, el CEIP Emilia Olivares o la Biblioteca Municipal. Os contamos las claves para pasar este verano de terraza en terraza en Alhaur\u00edn el Grande. <\/em><\/strong><\/p>\n\n\n\n<p>Desde el s\u00e1bado 19 de junio, y hasta finales de agosto, <a href=\"https:\/\/www.cuboshomes.com\/alquiler\/alquileres-alhaurin-el-grande-d67394\/vista-lista\/\" target=\"_blank\" rel=\"noreferrer noopener\">Alhaur\u00edn el Grande<\/a> celebra el ciclo &#8220;<strong>Alhaur\u00edn de Terraza en Terraza&#8221;<\/strong>, con propuestas de ocio y cultura en espacios al aire libre llenos de encanto como son las terrazas de bares y restaurantes. El 19 de junio arranca con el espect\u00e1culo <strong>&#8220;So&#8221; del festival Cirkorama<\/strong>. Para acudir s\u00f3lo hay que recoger las invitaciones en la <a href=\"https:\/\/g.page\/edificiocultural-municipal?share\" target=\"_blank\" rel=\"noreferrer noopener\">Biblioteca Municipal.<\/a><\/p>\n\n\n\n<figure class=\"wp-block-image size-large is-style-default\"><img decoding=\"async\" src=\"https:\/\/www.rtvalhaurinelgrande.com\/web\/wp-content\/uploads\/2021\/06\/xampatito-pato.jpg\" alt=\"\"\/><figcaption>Espect\u00e1culo S\u00f3 del ciclo Cirkorama. Imagen: Diputaci\u00f3n de M\u00e1laga.<\/figcaption><\/figure>\n\n\n\n<p>A los largo de los casi tres meses de actividades, se podr\u00e1 disfrutar de <strong>cuentos, magia, flamenco y m\u00fasica cl\u00e1sica<\/strong>, entre otras actividades en espacios como el camino de M\u00e1laga, el casco hist\u00f3rico, la plaza de Espa\u00f1a en Pantale\u00f3n, el Recinto Ferial y el patio del CEIP Emilia Olivares.<\/p>\n\n\n\n<h2 class=\"wp-block-heading\">Tributo a Triana el 10 de julio<\/h2>\n\n\n\n<p>Entre los conciertos, destacar el que se celebrar\u00e1 el 10 de julio en el patio del <a href=\"https:\/\/goo.gl\/maps\/JUgvkk4GppvmNbKk8\" target=\"_blank\" rel=\"noreferrer noopener\">CEIP Emilia Olivares<\/a>. Un tributo al m\u00edtico grupo <strong>Triana<\/strong> que recorrer\u00e1 su discograf\u00eda en una noche en la que se espera un lleno absoluto. <strong>Triana<\/strong>\u00a0es una de las bandas espa\u00f1olas de rock andaluz m\u00e1s reconocidas gracias a su estilo basado en el rock y las influencias flamencas.  \u200bEl CEIP Emilia Olivares tambi\u00e9n ser\u00e1 sede de la Noche Flamenca el 31 de julio.<\/p>\n\n\n\n<h2 class=\"wp-block-heading\">Alhaur\u00edn Park para los m\u00e1s peque\u00f1os<\/h2>\n\n\n\n<p>Las atracciones de feria volver\u00e1n al <strong><a href=\"https:\/\/goo.gl\/maps\/LNUXmtjiZALL1Hfj7\" target=\"_blank\" rel=\"noreferrer noopener\">Recinto Ferial Antonio<\/a><\/strong> Solano del 22 al 30 de julio. Con el nombre de &#8220;Alhaur\u00edn Park&#8221; y siguiendo protocolos de seguridad frente al coronavirus, los m\u00e1s peque\u00f1os podr\u00e1n disfrutar de ocho d\u00edas de atracciones de feria. <\/p>\n\n\n\n<p>Destinado tambi\u00e9n a los m\u00e1s peque\u00f1os, el ciclo de terrazas de verano traer\u00e1 actuaciones de <strong>circo el 17 de julio, magia el 24 de julio y el 21 de agosto<\/strong>. El S\u00e1bado 26 de junio, Terrazas de cuento traer\u00e1 a la Plaza de Espa\u00f1a a la cuentacuentos Mar\u00eda Gazares. Y Cirki\u00f1o llevar\u00e1 su espect\u00e1culo callejero de circo a diferentes terrazas de la zona de ocio de Alhaur\u00edn el Grande.<\/p>\n\n\n\n<p>El ciclo Alhaur\u00edn de terraza en terraza finalizar\u00e1 el 28 de agosto con un <strong>concierto fin de verano.<\/strong><\/p>\n\n\n\n<p>Adem\u00e1s de las actividades organizadas desde el Ayuntamiento, los establecimientos de hosteler\u00eda que disponen de terraza ofrecer\u00e1n conciertos y actividades programadas. De este modo, cada martes, <strong>La Bodeguita<\/strong>, ofrece conciertos ac\u00fasticos en su terraza adem\u00e1s de noches tem\u00e1ticas. Y los viernes se puede disfrutar de m\u00fasica en vivo en la terraza de <strong>Zeppelin, Tia Rosa y La Caba\u00f1a<\/strong>.<\/p>\n\n\n\n<figure class=\"wp-block-image size-large is-style-default\"><img decoding=\"async\" src=\"https:\/\/www.rtvalhaurinelgrande.com\/web\/wp-content\/uploads\/2021\/06\/concierto-bares-camino-de-m%C3%A1laga-alhaur%C3%ADn-el-grande-scaled.jpg\" alt=\"\"\/><figcaption>Este verano las terrazas de Alhaur\u00edn el Grande se llenar\u00e1n de m\u00fasica en vivo. Imagen: RTVAlhaur\u00edn<\/figcaption><\/figure>\n\n\n\n<p><\/p>\n","protected":false},"excerpt":{"rendered":"<p>Alhaur\u00edn el Grande prepara para este verano un programa de actividades que permitir\u00e1 disfrutar de la cultura, la m\u00fasica y el espect\u00e1culo en las terrazas de los establecimientos de hosteler\u00eda y en espacios como el Teatro Antonio Gala, el CEIP Emilia Olivares o la Biblioteca Municipal. Os contamos las claves para pasar este verano de [&hellip;]<\/p>\n","protected":false},"author":4,"featured_media":727,"comment_status":"open","ping_status":"open","sticky":false,"template":"","format":"standard","meta":{"footnotes":""},"categories":[4,1],"tags":[],"class_list":["post-1019","post","type-post","status-publish","format-standard","has-post-thumbnail","hentry","category-ocio","category-sin-categorizar"],"yoast_head":"<!-- This site is optimized with the Yoast SEO plugin v25.3 - https:\/\/yoast.com\/wordpress\/plugins\/seo\/ -->\n<title>Un verano de terraza en terraza - Blog Cubo&#039;s Holiday Homes<\/title>\n<meta name=\"description\" content=\"Terrazas de verano en Alhaur\u00edn el Grande, con un programa de conciertos y actividades para disfrutar del ocio en el municipio.\" \/>\n<meta name=\"robots\" content=\"index, follow, max-snippet:-1, max-image-preview:large, max-video-preview:-1\" \/>\n<link rel=\"canonical\" href=\"https:\/\/www.cuboshomes.com\/blog\/terraza-verano\/\" \/>\n<meta property=\"og:locale\" content=\"es_ES\" \/>\n<meta property=\"og:type\" content=\"article\" \/>\n<meta property=\"og:title\" content=\"Un verano de terraza en terraza - Blog Cubo&#039;s Holiday Homes\" \/>\n<meta property=\"og:description\" content=\"Terrazas de verano en Alhaur\u00edn el Grande, con un programa de conciertos y actividades para disfrutar del ocio en el municipio.\" \/>\n<meta property=\"og:url\" content=\"https:\/\/www.cuboshomes.com\/blog\/terraza-verano\/\" \/>\n<meta property=\"og:site_name\" content=\"Blog Cubo&#039;s Holiday Homes\" \/>\n<meta property=\"article:published_time\" content=\"2021-06-17T08:22:05+00:00\" \/>\n<meta property=\"article:modified_time\" content=\"2021-06-17T08:26:08+00:00\" \/>\n<meta property=\"og:image\" content=\"https:\/\/www.cuboshomes.com\/blog\/wp-content\/uploads\/2020\/11\/toque-de-queda-alhaurin-el-grande.jpg\" \/>\n\t<meta property=\"og:image:width\" content=\"1200\" \/>\n\t<meta property=\"og:image:height\" content=\"829\" \/>\n\t<meta property=\"og:image:type\" content=\"image\/jpeg\" \/>\n<meta name=\"author\" content=\"cuboshomes\" \/>\n<meta name=\"twitter:card\" content=\"summary_large_image\" \/>\n<meta name=\"twitter:label1\" content=\"Written by\" \/>\n\t<meta name=\"twitter:data1\" content=\"cuboshomes\" \/>\n\t<meta name=\"twitter:label2\" content=\"Est. reading time\" \/>\n\t<meta name=\"twitter:data2\" content=\"3 minutes\" \/>\n<script type=\"application\/ld+json\" class=\"yoast-schema-graph\">{\"@context\":\"https:\/\/schema.org\",\"@graph\":[{\"@type\":\"WebPage\",\"@id\":\"https:\/\/www.cuboshomes.com\/blog\/terraza-verano\/\",\"url\":\"https:\/\/www.cuboshomes.com\/blog\/terraza-verano\/\",\"name\":\"Un verano de terraza en terraza - Blog Cubo&#039;s Holiday Homes\",\"isPartOf\":{\"@id\":\"https:\/\/www.cuboshomes.com\/blog\/#website\"},\"primaryImageOfPage\":{\"@id\":\"https:\/\/www.cuboshomes.com\/blog\/terraza-verano\/#primaryimage\"},\"image\":{\"@id\":\"https:\/\/www.cuboshomes.com\/blog\/terraza-verano\/#primaryimage\"},\"thumbnailUrl\":\"https:\/\/www.cuboshomes.com\/blog\/wp-content\/uploads\/2020\/11\/toque-de-queda-alhaurin-el-grande.jpg\",\"datePublished\":\"2021-06-17T08:22:05+00:00\",\"dateModified\":\"2021-06-17T08:26:08+00:00\",\"author\":{\"@id\":\"https:\/\/www.cuboshomes.com\/blog\/#\/schema\/person\/07d7351e1490c5ee1bc865d8b7866913\"},\"description\":\"Terrazas de verano en Alhaur\u00edn el Grande, con un programa de conciertos y actividades para disfrutar del ocio en el municipio.\",\"breadcrumb\":{\"@id\":\"https:\/\/www.cuboshomes.com\/blog\/terraza-verano\/#breadcrumb\"},\"inLanguage\":\"es\",\"potentialAction\":[{\"@type\":\"ReadAction\",\"target\":[\"https:\/\/www.cuboshomes.com\/blog\/terraza-verano\/\"]}]},{\"@type\":\"ImageObject\",\"inLanguage\":\"es\",\"@id\":\"https:\/\/www.cuboshomes.com\/blog\/terraza-verano\/#primaryimage\",\"url\":\"https:\/\/www.cuboshomes.com\/blog\/wp-content\/uploads\/2020\/11\/toque-de-queda-alhaurin-el-grande.jpg\",\"contentUrl\":\"https:\/\/www.cuboshomes.com\/blog\/wp-content\/uploads\/2020\/11\/toque-de-queda-alhaurin-el-grande.jpg\",\"width\":1200,\"height\":829,\"caption\":\"Plaza Baja, en Alhaur\u00edn el Grande. Imagen: Ayto. Alhaur\u00edn el Grande\"},{\"@type\":\"BreadcrumbList\",\"@id\":\"https:\/\/www.cuboshomes.com\/blog\/terraza-verano\/#breadcrumb\",\"itemListElement\":[{\"@type\":\"ListItem\",\"position\":1,\"name\":\"Portada\",\"item\":\"https:\/\/www.cuboshomes.com\/blog\/\"},{\"@type\":\"ListItem\",\"position\":2,\"name\":\"Un verano de terraza en terraza\"}]},{\"@type\":\"WebSite\",\"@id\":\"https:\/\/www.cuboshomes.com\/blog\/#website\",\"url\":\"https:\/\/www.cuboshomes.com\/blog\/\",\"name\":\"Blog Cubo&#039;s Holiday Homes\",\"description\":\"\",\"potentialAction\":[{\"@type\":\"SearchAction\",\"target\":{\"@type\":\"EntryPoint\",\"urlTemplate\":\"https:\/\/www.cuboshomes.com\/blog\/?s={search_term_string}\"},\"query-input\":{\"@type\":\"PropertyValueSpecification\",\"valueRequired\":true,\"valueName\":\"search_term_string\"}}],\"inLanguage\":\"es\"},{\"@type\":\"Person\",\"@id\":\"https:\/\/www.cuboshomes.com\/blog\/#\/schema\/person\/07d7351e1490c5ee1bc865d8b7866913\",\"name\":\"cuboshomes\",\"image\":{\"@type\":\"ImageObject\",\"inLanguage\":\"es\",\"@id\":\"https:\/\/www.cuboshomes.com\/blog\/#\/schema\/person\/image\/\",\"url\":\"https:\/\/secure.gravatar.com\/avatar\/7a5399cfe1894289644dcbec0fce9dc7?s=96&d=mm&r=g\",\"contentUrl\":\"https:\/\/secure.gravatar.com\/avatar\/7a5399cfe1894289644dcbec0fce9dc7?s=96&d=mm&r=g\",\"caption\":\"cuboshomes\"}}]}<\/script>\n<!-- \/ Yoast SEO plugin. -->","yoast_head_json":{"title":"Un verano de terraza en terraza - Blog Cubo&#039;s Holiday Homes","description":"Terrazas de verano en Alhaur\u00edn el Grande, con un programa de conciertos y actividades para disfrutar del ocio en el municipio.","robots":{"index":"index","follow":"follow","max-snippet":"max-snippet:-1","max-image-preview":"max-image-preview:large","max-video-preview":"max-video-preview:-1"},"canonical":"https:\/\/www.cuboshomes.com\/blog\/terraza-verano\/","og_locale":"es_ES","og_type":"article","og_title":"Un verano de terraza en terraza - Blog Cubo&#039;s Holiday Homes","og_description":"Terrazas de verano en Alhaur\u00edn el Grande, con un programa de conciertos y actividades para disfrutar del ocio en el municipio.","og_url":"https:\/\/www.cuboshomes.com\/blog\/terraza-verano\/","og_site_name":"Blog Cubo&#039;s Holiday Homes","article_published_time":"2021-06-17T08:22:05+00:00","article_modified_time":"2021-06-17T08:26:08+00:00","og_image":[{"width":1200,"height":829,"url":"https:\/\/www.cuboshomes.com\/blog\/wp-content\/uploads\/2020\/11\/toque-de-queda-alhaurin-el-grande.jpg","type":"image\/jpeg"}],"author":"cuboshomes","twitter_card":"summary_large_image","twitter_misc":{"Written by":"cuboshomes","Est. reading time":"3 minutes"},"schema":{"@context":"https:\/\/schema.org","@graph":[{"@type":"WebPage","@id":"https:\/\/www.cuboshomes.com\/blog\/terraza-verano\/","url":"https:\/\/www.cuboshomes.com\/blog\/terraza-verano\/","name":"Un verano de terraza en terraza - Blog Cubo&#039;s Holiday Homes","isPartOf":{"@id":"https:\/\/www.cuboshomes.com\/blog\/#website"},"primaryImageOfPage":{"@id":"https:\/\/www.cuboshomes.com\/blog\/terraza-verano\/#primaryimage"},"image":{"@id":"https:\/\/www.cuboshomes.com\/blog\/terraza-verano\/#primaryimage"},"thumbnailUrl":"https:\/\/www.cuboshomes.com\/blog\/wp-content\/uploads\/2020\/11\/toque-de-queda-alhaurin-el-grande.jpg","datePublished":"2021-06-17T08:22:05+00:00","dateModified":"2021-06-17T08:26:08+00:00","author":{"@id":"https:\/\/www.cuboshomes.com\/blog\/#\/schema\/person\/07d7351e1490c5ee1bc865d8b7866913"},"description":"Terrazas de verano en Alhaur\u00edn el Grande, con un programa de conciertos y actividades para disfrutar del ocio en el municipio.","breadcrumb":{"@id":"https:\/\/www.cuboshomes.com\/blog\/terraza-verano\/#breadcrumb"},"inLanguage":"es","potentialAction":[{"@type":"ReadAction","target":["https:\/\/www.cuboshomes.com\/blog\/terraza-verano\/"]}]},{"@type":"ImageObject","inLanguage":"es","@id":"https:\/\/www.cuboshomes.com\/blog\/terraza-verano\/#primaryimage","url":"https:\/\/www.cuboshomes.com\/blog\/wp-content\/uploads\/2020\/11\/toque-de-queda-alhaurin-el-grande.jpg","contentUrl":"https:\/\/www.cuboshomes.com\/blog\/wp-content\/uploads\/2020\/11\/toque-de-queda-alhaurin-el-grande.jpg","width":1200,"height":829,"caption":"Plaza Baja, en Alhaur\u00edn el Grande. Imagen: Ayto. Alhaur\u00edn el Grande"},{"@type":"BreadcrumbList","@id":"https:\/\/www.cuboshomes.com\/blog\/terraza-verano\/#breadcrumb","itemListElement":[{"@type":"ListItem","position":1,"name":"Portada","item":"https:\/\/www.cuboshomes.com\/blog\/"},{"@type":"ListItem","position":2,"name":"Un verano de terraza en terraza"}]},{"@type":"WebSite","@id":"https:\/\/www.cuboshomes.com\/blog\/#website","url":"https:\/\/www.cuboshomes.com\/blog\/","name":"Blog Cubo&#039;s Holiday Homes","description":"","potentialAction":[{"@type":"SearchAction","target":{"@type":"EntryPoint","urlTemplate":"https:\/\/www.cuboshomes.com\/blog\/?s={search_term_string}"},"query-input":{"@type":"PropertyValueSpecification","valueRequired":true,"valueName":"search_term_string"}}],"inLanguage":"es"},{"@type":"Person","@id":"https:\/\/www.cuboshomes.com\/blog\/#\/schema\/person\/07d7351e1490c5ee1bc865d8b7866913","name":"cuboshomes","image":{"@type":"ImageObject","inLanguage":"es","@id":"https:\/\/www.cuboshomes.com\/blog\/#\/schema\/person\/image\/","url":"https:\/\/secure.gravatar.com\/avatar\/7a5399cfe1894289644dcbec0fce9dc7?s=96&d=mm&r=g","contentUrl":"https:\/\/secure.gravatar.com\/avatar\/7a5399cfe1894289644dcbec0fce9dc7?s=96&d=mm&r=g","caption":"cuboshomes"}}]}},"_links":{"self":[{"href":"https:\/\/www.cuboshomes.com\/blog\/wp-json\/wp\/v2\/posts\/1019","targetHints":{"allow":["GET"]}}],"collection":[{"href":"https:\/\/www.cuboshomes.com\/blog\/wp-json\/wp\/v2\/posts"}],"about":[{"href":"https:\/\/www.cuboshomes.com\/blog\/wp-json\/wp\/v2\/types\/post"}],"author":[{"embeddable":true,"href":"https:\/\/www.cuboshomes.com\/blog\/wp-json\/wp\/v2\/users\/4"}],"replies":[{"embeddable":true,"href":"https:\/\/www.cuboshomes.com\/blog\/wp-json\/wp\/v2\/comments?post=1019"}],"version-history":[{"count":4,"href":"https:\/\/www.cuboshomes.com\/blog\/wp-json\/wp\/v2\/posts\/1019\/revisions"}],"predecessor-version":[{"id":1024,"href":"https:\/\/www.cuboshomes.com\/blog\/wp-json\/wp\/v2\/posts\/1019\/revisions\/1024"}],"wp:featuredmedia":[{"embeddable":true,"href":"https:\/\/www.cuboshomes.com\/blog\/wp-json\/wp\/v2\/media\/727"}],"wp:attachment":[{"href":"https:\/\/www.cuboshomes.com\/blog\/wp-json\/wp\/v2\/media?parent=1019"}],"wp:term":[{"taxonomy":"category","embeddable":true,"href":"https:\/\/www.cuboshomes.com\/blog\/wp-json\/wp\/v2\/categories?post=1019"},{"taxonomy":"post_tag","embeddable":true,"href":"https:\/\/www.cuboshomes.com\/blog\/wp-json\/wp\/v2\/tags?post=1019"}],"curies":[{"name":"wp","href":"https:\/\/api.w.org\/{rel}","templated":true}]}}