{"id":4891,"date":"2026-03-03T09:23:03","date_gmt":"2026-03-03T09:23:03","guid":{"rendered":"https:\/\/www.cuboshomes.com\/blog\/?p=4891"},"modified":"2026-03-03T10:11:15","modified_gmt":"2026-03-03T10:11:15","slug":"interdiction-cameras-logement-touristique","status":"publish","type":"post","link":"https:\/\/www.cuboshomes.com\/blog\/fr\/interdiction-cameras-logement-touristique\/","title":{"rendered":"Interdiction d\u2019installer des cam\u00e9ras de vid\u00e9osurveillance \u00e0 l\u2019int\u00e9rieur des logements touristiques"},"content":{"rendered":"\t\t<div data-elementor-type=\"wp-post\" data-elementor-id=\"4891\" class=\"elementor elementor-4891 elementor-4885\" data-elementor-post-type=\"post\">\n\t\t\t\t<div class=\"elementor-element elementor-element-8ef0ce7 e-flex e-con-boxed e-con e-parent\" data-id=\"8ef0ce7\" data-element_type=\"container\" data-e-type=\"container\">\n\t\t\t\t\t<div class=\"e-con-inner\">\n\t\t\t\t<div class=\"elementor-element elementor-element-1d84ce9 elementor-widget elementor-widget-text-editor\" data-id=\"1d84ce9\" data-element_type=\"widget\" data-e-type=\"widget\" data-widget_type=\"text-editor.default\">\n\t\t\t\t<div class=\"elementor-widget-container\">\n\t\t\t\t\t\t\t\t\t<p><span style=\"font-weight: 400;\">Afin de garantir le respect de la r\u00e9glementation en vigueur en mati\u00e8re de <strong>protection des donn\u00e9es \u00e0 caract\u00e8re personnel<\/strong> et de prot\u00e9ger les droits fondamentaux des h\u00f4tes, il est port\u00e9 \u00e0 votre connaissance que <strong>l\u2019installation de cam\u00e9ras de vid\u00e9osurveillance \u00e0 l\u2019int\u00e9rieur des logements touristiques est strictement interdite.<\/strong> L\u2019interdiction des cam\u00e9ras \u00e0 l\u2019int\u00e9rieur des logements touristiques constitue une obligation l\u00e9gale d\u00e9coulant du RGPD et de la LOPDGDD que tout propri\u00e9taire doit conna\u00eetre afin d\u2019\u00e9viter des sanctions graves.<\/span><\/p>\t\t\t\t\t\t\t\t<\/div>\n\t\t\t\t<\/div>\n\t\t\t\t<div class=\"elementor-element elementor-element-0ed4550 elementor-widget elementor-widget-heading\" data-id=\"0ed4550\" data-element_type=\"widget\" data-e-type=\"widget\" data-widget_type=\"heading.default\">\n\t\t\t\t<div class=\"elementor-widget-container\">\n\t\t\t\t\t<h2 class=\"elementor-heading-title elementor-size-default\">1. Fondement juridique de l\u2019interdiction<\/h2>\t\t\t\t<\/div>\n\t\t\t\t<\/div>\n\t\t\t\t<div class=\"elementor-element elementor-element-ca43fa7 elementor-widget elementor-widget-text-editor\" data-id=\"ca43fa7\" data-element_type=\"widget\" data-e-type=\"widget\" data-widget_type=\"text-editor.default\">\n\t\t\t\t<div class=\"elementor-widget-container\">\n\t\t\t\t\t\t\t\t\t<p><span style=\"font-weight: 400;\">L\u2019installation de cam\u00e9ras \u00e0 l\u2019int\u00e9rieur du bien constitue une <strong>surveillance permanente et injustifi\u00e9e de personnes identifi\u00e9es ou identifiables<\/strong>, ce qui viole plusieurs dispositions l\u00e9gales :<\/span><\/p><p><b>a) R\u00e8glement (UE) 2016\/679 (RGPD)<\/b><\/p><ul><li><span style=\"font-weight: 400;\"><strong>Article 5.1.c (Minimisation des donn\u00e9es)<\/strong> : le traitement doit \u00eatre \u00ab ad\u00e9quat, pertinent et limit\u00e9 \u00e0 ce qui est n\u00e9cessaire \u00bb. L\u2019enregistrement continu de l\u2019int\u00e9rieur d\u2019un logement d\u00e9passe clairement cette limitation.<\/span><\/li><li><span style=\"font-weight: 400;\"><strong>Article 6.1 (Lic\u00e9it\u00e9 du traitement)<\/strong> : il n\u2019existe aucune base juridique valable permettant de l\u00e9gitimer la vid\u00e9osurveillance dans des espaces priv\u00e9s o\u00f9 les h\u00f4tes jouissent de leur vie personnelle, intime et domestique.<\/span><\/li><li><span style=\"font-weight: 400;\"><strong>Article 7 (Consentement)<\/strong>: le consentement des h\u00f4tes ne peut \u00eatre consid\u00e9r\u00e9 comme libre ni valable, d\u00e8s lors qu\u2019il intervient dans un contexte de d\u00e9s\u00e9quilibre entre le propri\u00e9taire et le locataire.<\/span><\/li><li><span style=\"font-weight: 400;\"><strong>Article 9 (Cat\u00e9gories particuli\u00e8res de donn\u00e9es)<\/strong>: l\u2019enregistrement vid\u00e9o pourrait capter des donn\u00e9es particuli\u00e8rement sensibles (sant\u00e9, croyances, orientation sexuelle\u2026) dans des espaces o\u00f9 les personnes ont une attente maximale de confidentialit\u00e9.<br \/><br \/><\/span><b>b) Loi Organique 3\/2018 (LOPDGDD)<\/b><\/li><li><span style=\"font-weight: 400;\"><strong>Article 22 (Traitements \u00e0 des fins de vid\u00e9osurveillance)<\/strong>: exige que la vid\u00e9osurveillance soit limit\u00e9e aux espaces strictement n\u00e9cessaires \u00e0 la finalit\u00e9 poursuivie. L\u2019int\u00e9rieur des logements n\u2019est pas consid\u00e9r\u00e9 comme un espace l\u00e9gitime pour ce type de traitement.<\/span><span style=\"font-weight: 400;\"><br \/><\/span><\/li><li><span style=\"font-weight: 400;\">L\u2019Agence Espagnole de Protection des Donn\u00e9es (AEPD) a r\u00e9it\u00e9r\u00e9, par le biais de <strong>d\u00e9cisions de sanction<\/strong> (par exemple, PS\/00477\/2022 et PS\/00003\/2023), qu\u2019il <strong>n\u2019est pas possible d\u2019installer des cam\u00e9ras \u00e0 l\u2019int\u00e9rieur de logements destin\u00e9s \u00e0 la location<\/strong>, m\u00eame lorsqu\u2019elles sont \u00e9teintes.<\/span><\/li><\/ul><p><b>c) Droits fondamentaux<\/b><\/p><ul><li><span style=\"font-weight: 400;\"><strong>Article 18.1 et 18.4 de la Constitution Espagnole<\/strong>: protection de la vie priv\u00e9e personnelle et familiale et protection des donn\u00e9es.<\/span><\/li><li><span style=\"font-weight: 400;\">L\u2019attente de confidentialit\u00e9 \u00e0 l\u2019int\u00e9rieur d\u2019un logement est absolue.<\/span><\/li><\/ul>\t\t\t\t\t\t\t\t<\/div>\n\t\t\t\t<\/div>\n\t\t\t\t<div class=\"elementor-element elementor-element-887aa99 elementor-widget elementor-widget-heading\" data-id=\"887aa99\" data-element_type=\"widget\" data-e-type=\"widget\" data-widget_type=\"heading.default\">\n\t\t\t\t<div class=\"elementor-widget-container\">\n\t\t\t\t\t<h2 class=\"elementor-heading-title elementor-size-default\">2. Champ d\u2019application de l\u2019interdiction<\/h2>\t\t\t\t<\/div>\n\t\t\t\t<\/div>\n\t\t\t\t<div class=\"elementor-element elementor-element-64af2ca elementor-widget elementor-widget-text-editor\" data-id=\"64af2ca\" data-element_type=\"widget\" data-e-type=\"widget\" data-widget_type=\"text-editor.default\">\n\t\t\t\t<div class=\"elementor-widget-container\">\n\t\t\t\t\t\t\t\t\t<p><span style=\"font-weight: 400;\">L\u2019installation de cam\u00e9ras est interdite, m\u00eame si elles sont \u00ab d\u00e9connect\u00e9es \u00bb, dans :<\/span><\/p><ul><li><span style=\"font-weight: 400;\">Salons<\/span><\/li><li><span style=\"font-weight: 400;\">Chambres<\/span><\/li><li><span style=\"font-weight: 400;\">Cuisines<\/span><\/li><li><span style=\"font-weight: 400;\">Salles de bain<\/span><\/li><li><span style=\"font-weight: 400;\">Toute autre pi\u00e8ce int\u00e9rieure du bien<br \/><\/span><\/li><\/ul><p><span style=\"font-weight: 400;\">La simple <strong>pr\u00e9sence physique<\/strong> de dispositifs d\u2019enregistrement constitue d\u00e9j\u00e0 une violation des droits des h\u00f4tes, comme l\u2019a d\u00e9clar\u00e9 l\u2019Agence Espagnole de Protection des Donn\u00e9es.<\/span><\/p>\t\t\t\t\t\t\t\t<\/div>\n\t\t\t\t<\/div>\n\t\t\t\t<div class=\"elementor-element elementor-element-8582633 elementor-widget elementor-widget-heading\" data-id=\"8582633\" data-element_type=\"widget\" data-e-type=\"widget\" data-widget_type=\"heading.default\">\n\t\t\t\t<div class=\"elementor-widget-container\">\n\t\t\t\t\t<h2 class=\"elementor-heading-title elementor-size-default\">3. Cons\u00e9quences du non-respect\n<\/h2>\t\t\t\t<\/div>\n\t\t\t\t<\/div>\n\t\t\t\t\t<\/div>\n\t\t\t\t<\/div>\n\t\t<div class=\"elementor-element elementor-element-8ceeb4d e-flex e-con-boxed e-con e-parent\" data-id=\"8ceeb4d\" data-element_type=\"container\" data-e-type=\"container\">\n\t\t\t\t\t<div class=\"e-con-inner\">\n\t\t\t\t<div class=\"elementor-element elementor-element-080325d elementor-widget elementor-widget-text-editor\" data-id=\"080325d\" data-element_type=\"widget\" data-e-type=\"widget\" data-widget_type=\"text-editor.default\">\n\t\t\t\t<div class=\"elementor-widget-container\">\n\t\t\t\t\t\t\t\t\t<p><span style=\"font-weight: 400;\">Le non-respect de cette r\u00e9glementation peut entra\u00eener :<\/span><\/p><ul><li><span style=\"font-weight: 400;\">Des sanctions administratives pouvant aller jusqu\u2019\u00e0 <strong>20 millions d\u2019euros ou 4 % du chiffre d\u2019affaires annuel<\/strong> (art. 83 RGPD).<\/span><\/li><li><span style=\"font-weight: 400;\">Des sanctions sp\u00e9cifiques pr\u00e9vues par la LOPDGDD pouvant atteindre <strong>300.000 \u20ac<\/strong> pour des infractions graves.<\/span><\/li><li><span style=\"font-weight: 400;\">Des atteintes \u00e0 la r\u00e9putation, des actions civiles et le retrait des licences touristiques.<\/span><\/li><\/ul>\t\t\t\t\t\t\t\t<\/div>\n\t\t\t\t<\/div>\n\t\t\t\t<div class=\"elementor-element elementor-element-6b0e4f1 elementor-widget elementor-widget-heading\" data-id=\"6b0e4f1\" data-element_type=\"widget\" data-e-type=\"widget\" data-widget_type=\"heading.default\">\n\t\t\t\t<div class=\"elementor-widget-container\">\n\t\t\t\t\t<h2 class=\"elementor-heading-title elementor-size-default\">4. Informations et consultations<\/h2>\t\t\t\t<\/div>\n\t\t\t\t<\/div>\n\t\t\t\t<div class=\"elementor-element elementor-element-998ce60 elementor-widget elementor-widget-text-editor\" data-id=\"998ce60\" data-element_type=\"widget\" data-e-type=\"widget\" data-widget_type=\"text-editor.default\">\n\t\t\t\t<div class=\"elementor-widget-container\">\n\t\t\t\t\t\t\t\t\t<p><span style=\"font-weight: 400;\">En cas de doute concernant l\u2019application de cette r\u00e9glementation ou l\u2019installation de tout syst\u00e8me de s\u00e9curit\u00e9 dans votre logement touristique, <strong>il est recommand\u00e9 de consulter au pr\u00e9alable un professionnel sp\u00e9cialis\u00e9 en protection des donn\u00e9es ou l\u2019Agence Espagnole de Protection des Donn\u00e9es (AEPD)<\/strong>. Il est essentiel de s\u2019assurer que toute mesure adopt\u00e9e respecte pleinement la l\u00e9gislation en vigueur et les droits fondamentaux des h\u00f4tes.<\/span><\/p><p><span style=\"font-weight: 400;\">Pour toute clarification compl\u00e9mentaire,<strong> vous pouvez contacter notre \u00e9quipe<\/strong>, qui vous orientera sur les options l\u00e9gales disponibles en mati\u00e8re de s\u00e9curit\u00e9 et de conformit\u00e9 r\u00e9glementaire.<\/span><\/p>\t\t\t\t\t\t\t\t<\/div>\n\t\t\t\t<\/div>\n\t\t\t\t<div class=\"elementor-element elementor-element-503b6ea elementor-align-center elementor-widget elementor-widget-button\" data-id=\"503b6ea\" data-element_type=\"widget\" data-e-type=\"widget\" data-widget_type=\"button.default\">\n\t\t\t\t<div class=\"elementor-widget-container\">\n\t\t\t\t\t\t\t\t\t<div class=\"elementor-button-wrapper\">\n\t\t\t\t\t<a class=\"elementor-button elementor-button-link elementor-size-sm elementor-animation-pulse\" href=\"https:\/\/www.cuboshomes.com\/fr\/proprietaire\/\">\n\t\t\t\t\t\t<span class=\"elementor-button-content-wrapper\">\n\t\t\t\t\t\t\t\t\t<span class=\"elementor-button-text\">CONTACTEZ-NOUZ<\/span>\n\t\t\t\t\t<\/span>\n\t\t\t\t\t<\/a>\n\t\t\t\t<\/div>\n\t\t\t\t\t\t\t\t<\/div>\n\t\t\t\t<\/div>\n\t\t\t\t<div class=\"elementor-element elementor-element-9bfcc64 elementor-shape-rounded elementor-grid-0 e-grid-align-center elementor-widget elementor-widget-social-icons\" data-id=\"9bfcc64\" data-element_type=\"widget\" data-e-type=\"widget\" data-widget_type=\"social-icons.default\">\n\t\t\t\t<div class=\"elementor-widget-container\">\n\t\t\t\t\t\t\t<div class=\"elementor-social-icons-wrapper elementor-grid\" role=\"list\">\n\t\t\t\t\t\t\t<span class=\"elementor-grid-item\" role=\"listitem\">\n\t\t\t\t\t<a class=\"elementor-icon elementor-social-icon elementor-social-icon-instagram elementor-repeater-item-7984172\" href=\"https:\/\/www.instagram.com\/cuboshomes\/?hl=es\" target=\"_blank\">\n\t\t\t\t\t\t<span class=\"elementor-screen-only\">Instagram<\/span>\n\t\t\t\t\t\t<svg aria-hidden=\"true\" class=\"e-font-icon-svg e-fab-instagram\" viewBox=\"0 0 448 512\" xmlns=\"http:\/\/www.w3.org\/2000\/svg\"><path d=\"M224.1 141c-63.6 0-114.9 51.3-114.9 114.9s51.3 114.9 114.9 114.9S339 319.5 339 255.9 287.7 141 224.1 141zm0 189.6c-41.1 0-74.7-33.5-74.7-74.7s33.5-74.7 74.7-74.7 74.7 33.5 74.7 74.7-33.6 74.7-74.7 74.7zm146.4-194.3c0 14.9-12 26.8-26.8 26.8-14.9 0-26.8-12-26.8-26.8s12-26.8 26.8-26.8 26.8 12 26.8 26.8zm76.1 27.2c-1.7-35.9-9.9-67.7-36.2-93.9-26.2-26.2-58-34.4-93.9-36.2-37-2.1-147.9-2.1-184.9 0-35.8 1.7-67.6 9.9-93.9 36.1s-34.4 58-36.2 93.9c-2.1 37-2.1 147.9 0 184.9 1.7 35.9 9.9 67.7 36.2 93.9s58 34.4 93.9 36.2c37 2.1 147.9 2.1 184.9 0 35.9-1.7 67.7-9.9 93.9-36.2 26.2-26.2 34.4-58 36.2-93.9 2.1-37 2.1-147.8 0-184.8zM398.8 388c-7.8 19.6-22.9 34.7-42.6 42.6-29.5 11.7-99.5 9-132.1 9s-102.7 2.6-132.1-9c-19.6-7.8-34.7-22.9-42.6-42.6-11.7-29.5-9-99.5-9-132.1s-2.6-102.7 9-132.1c7.8-19.6 22.9-34.7 42.6-42.6 29.5-11.7 99.5-9 132.1-9s102.7-2.6 132.1 9c19.6 7.8 34.7 22.9 42.6 42.6 11.7 29.5 9 99.5 9 132.1s2.7 102.7-9 132.1z\"><\/path><\/svg>\t\t\t\t\t<\/a>\n\t\t\t\t<\/span>\n\t\t\t\t\t\t\t<span class=\"elementor-grid-item\" role=\"listitem\">\n\t\t\t\t\t<a class=\"elementor-icon elementor-social-icon elementor-social-icon-facebook elementor-repeater-item-3a59611\" href=\"https:\/\/www.facebook.com\/cuboshomes\/\" target=\"_blank\">\n\t\t\t\t\t\t<span class=\"elementor-screen-only\">Facebook<\/span>\n\t\t\t\t\t\t<svg aria-hidden=\"true\" class=\"e-font-icon-svg e-fab-facebook\" viewBox=\"0 0 512 512\" xmlns=\"http:\/\/www.w3.org\/2000\/svg\"><path d=\"M504 256C504 119 393 8 256 8S8 119 8 256c0 123.78 90.69 226.38 209.25 245V327.69h-63V256h63v-54.64c0-62.15 37-96.48 93.67-96.48 27.14 0 55.52 4.84 55.52 4.84v61h-31.28c-30.8 0-40.41 19.12-40.41 38.73V256h68.78l-11 71.69h-57.78V501C413.31 482.38 504 379.78 504 256z\"><\/path><\/svg>\t\t\t\t\t<\/a>\n\t\t\t\t<\/span>\n\t\t\t\t\t\t\t<span class=\"elementor-grid-item\" role=\"listitem\">\n\t\t\t\t\t<a class=\"elementor-icon elementor-social-icon elementor-social-icon-tiktok elementor-repeater-item-b3ffd54\" href=\"https:\/\/www.tiktok.com\/@cuboshomes?_t=ZN-8uqFRPNfyFy&#038;_r=1\" target=\"_blank\">\n\t\t\t\t\t\t<span class=\"elementor-screen-only\">Tiktok<\/span>\n\t\t\t\t\t\t<svg aria-hidden=\"true\" class=\"e-font-icon-svg e-fab-tiktok\" viewBox=\"0 0 448 512\" xmlns=\"http:\/\/www.w3.org\/2000\/svg\"><path d=\"M448,209.91a210.06,210.06,0,0,1-122.77-39.25V349.38A162.55,162.55,0,1,1,185,188.31V278.2a74.62,74.62,0,1,0,52.23,71.18V0l88,0a121.18,121.18,0,0,0,1.86,22.17h0A122.18,122.18,0,0,0,381,102.39a121.43,121.43,0,0,0,67,20.14Z\"><\/path><\/svg>\t\t\t\t\t<\/a>\n\t\t\t\t<\/span>\n\t\t\t\t\t\t\t<span class=\"elementor-grid-item\" role=\"listitem\">\n\t\t\t\t\t<a class=\"elementor-icon elementor-social-icon elementor-social-icon-youtube elementor-repeater-item-e4bdce2\" href=\"https:\/\/www.youtube.com\/@cubosholidayhomes\" target=\"_blank\">\n\t\t\t\t\t\t<span class=\"elementor-screen-only\">Youtube<\/span>\n\t\t\t\t\t\t<svg aria-hidden=\"true\" class=\"e-font-icon-svg e-fab-youtube\" viewBox=\"0 0 576 512\" xmlns=\"http:\/\/www.w3.org\/2000\/svg\"><path d=\"M549.655 124.083c-6.281-23.65-24.787-42.276-48.284-48.597C458.781 64 288 64 288 64S117.22 64 74.629 75.486c-23.497 6.322-42.003 24.947-48.284 48.597-11.412 42.867-11.412 132.305-11.412 132.305s0 89.438 11.412 132.305c6.281 23.65 24.787 41.5 48.284 47.821C117.22 448 288 448 288 448s170.78 0 213.371-11.486c23.497-6.321 42.003-24.171 48.284-47.821 11.412-42.867 11.412-132.305 11.412-132.305s0-89.438-11.412-132.305zm-317.51 213.508V175.185l142.739 81.205-142.739 81.201z\"><\/path><\/svg>\t\t\t\t\t<\/a>\n\t\t\t\t<\/span>\n\t\t\t\t\t<\/div>\n\t\t\t\t\t\t<\/div>\n\t\t\t\t<\/div>\n\t\t\t\t\t<\/div>\n\t\t\t\t<\/div>\n\t\t\t\t<\/div>\n\t\t","protected":false},"excerpt":{"rendered":"<p>Afin de garantir le respect de la r\u00e9glementation en vigueur en mati\u00e8re de protection des donn\u00e9es \u00e0 caract\u00e8re personnel et de prot\u00e9ger les droits fondamentaux des h\u00f4tes, il est port\u00e9 \u00e0 votre connaissance que l\u2019installation de cam\u00e9ras de vid\u00e9osurveillance \u00e0 l\u2019int\u00e9rieur des logements touristiques est strictement interdite. L\u2019interdiction des cam\u00e9ras \u00e0 l\u2019int\u00e9rieur des logements touristiques [&hellip;]<\/p>\n","protected":false},"author":4,"featured_media":4922,"comment_status":"open","ping_status":"open","sticky":false,"template":"","format":"standard","meta":{"footnotes":""},"categories":[428,497],"tags":[549,550,551],"class_list":["post-4891","post","type-post","status-publish","format-standard","has-post-thumbnail","hentry","category-proprietaires-fr","category-reglements-et-lois","tag-propietarios","tag-proteccion-de-datos","tag-reglamentos"],"yoast_head":"<!-- This site is optimized with the Yoast SEO plugin v25.3 - https:\/\/yoast.com\/wordpress\/plugins\/seo\/ -->\n<title>Interdiction des cam\u00e9ras dans les logements touristiques : cadre l\u00e9gal et sanctions<\/title>\n<meta name=\"description\" content=\"L\u2019installation de cam\u00e9ras \u00e0 l\u2019int\u00e9rieur d\u2019un logement touristique est interdite par le RGPD et la loi espagnole. D\u00e9couvrez le cadre l\u00e9gal.\" \/>\n<meta name=\"robots\" content=\"index, follow, max-snippet:-1, max-image-preview:large, max-video-preview:-1\" \/>\n<link rel=\"canonical\" href=\"https:\/\/www.cuboshomes.com\/blog\/fr\/interdiction-cameras-logement-touristique\/\" \/>\n<meta property=\"og:locale\" content=\"fr_FR\" \/>\n<meta property=\"og:type\" content=\"article\" \/>\n<meta property=\"og:title\" content=\"Interdiction des cam\u00e9ras dans les logements touristiques : cadre l\u00e9gal et sanctions\" \/>\n<meta property=\"og:description\" content=\"L\u2019installation de cam\u00e9ras \u00e0 l\u2019int\u00e9rieur d\u2019un logement touristique est interdite par le RGPD et la loi espagnole. D\u00e9couvrez le cadre l\u00e9gal.\" \/>\n<meta property=\"og:url\" content=\"https:\/\/www.cuboshomes.com\/blog\/fr\/interdiction-cameras-logement-touristique\/\" \/>\n<meta property=\"og:site_name\" content=\"Blog Cubo&#039;s Holiday Homes\" \/>\n<meta property=\"article:published_time\" content=\"2026-03-03T09:23:03+00:00\" \/>\n<meta property=\"article:modified_time\" content=\"2026-03-03T10:11:15+00:00\" \/>\n<meta property=\"og:image\" content=\"https:\/\/www.cuboshomes.com\/blog\/wp-content\/uploads\/2026\/03\/portada-camaras.png\" \/>\n\t<meta property=\"og:image:width\" content=\"1920\" \/>\n\t<meta property=\"og:image:height\" content=\"650\" \/>\n\t<meta property=\"og:image:type\" content=\"image\/png\" \/>\n<meta name=\"author\" content=\"cuboshomes\" \/>\n<meta name=\"twitter:card\" content=\"summary_large_image\" \/>\n<meta name=\"twitter:label1\" content=\"Written by\" \/>\n\t<meta name=\"twitter:data1\" content=\"cuboshomes\" \/>\n\t<meta name=\"twitter:label2\" content=\"Est. reading time\" \/>\n\t<meta name=\"twitter:data2\" content=\"3 minutes\" \/>\n<script type=\"application\/ld+json\" class=\"yoast-schema-graph\">{\"@context\":\"https:\/\/schema.org\",\"@graph\":[{\"@type\":\"WebPage\",\"@id\":\"https:\/\/www.cuboshomes.com\/blog\/fr\/interdiction-cameras-logement-touristique\/\",\"url\":\"https:\/\/www.cuboshomes.com\/blog\/fr\/interdiction-cameras-logement-touristique\/\",\"name\":\"Interdiction des cam\u00e9ras dans les logements touristiques : cadre l\u00e9gal et sanctions\",\"isPartOf\":{\"@id\":\"https:\/\/www.cuboshomes.com\/blog\/fr\/#website\"},\"primaryImageOfPage\":{\"@id\":\"https:\/\/www.cuboshomes.com\/blog\/fr\/interdiction-cameras-logement-touristique\/#primaryimage\"},\"image\":{\"@id\":\"https:\/\/www.cuboshomes.com\/blog\/fr\/interdiction-cameras-logement-touristique\/#primaryimage\"},\"thumbnailUrl\":\"https:\/\/www.cuboshomes.com\/blog\/wp-content\/uploads\/2026\/03\/portada-camaras.png\",\"datePublished\":\"2026-03-03T09:23:03+00:00\",\"dateModified\":\"2026-03-03T10:11:15+00:00\",\"author\":{\"@id\":\"https:\/\/www.cuboshomes.com\/blog\/fr\/#\/schema\/person\/07d7351e1490c5ee1bc865d8b7866913\"},\"description\":\"L\u2019installation de cam\u00e9ras \u00e0 l\u2019int\u00e9rieur d\u2019un logement touristique est interdite par le RGPD et la loi espagnole. D\u00e9couvrez le cadre l\u00e9gal.\",\"breadcrumb\":{\"@id\":\"https:\/\/www.cuboshomes.com\/blog\/fr\/interdiction-cameras-logement-touristique\/#breadcrumb\"},\"inLanguage\":\"fr\",\"potentialAction\":[{\"@type\":\"ReadAction\",\"target\":[\"https:\/\/www.cuboshomes.com\/blog\/fr\/interdiction-cameras-logement-touristique\/\"]}]},{\"@type\":\"ImageObject\",\"inLanguage\":\"fr\",\"@id\":\"https:\/\/www.cuboshomes.com\/blog\/fr\/interdiction-cameras-logement-touristique\/#primaryimage\",\"url\":\"https:\/\/www.cuboshomes.com\/blog\/wp-content\/uploads\/2026\/03\/portada-camaras.png\",\"contentUrl\":\"https:\/\/www.cuboshomes.com\/blog\/wp-content\/uploads\/2026\/03\/portada-camaras.png\",\"width\":1920,\"height\":650},{\"@type\":\"BreadcrumbList\",\"@id\":\"https:\/\/www.cuboshomes.com\/blog\/fr\/interdiction-cameras-logement-touristique\/#breadcrumb\",\"itemListElement\":[{\"@type\":\"ListItem\",\"position\":1,\"name\":\"Portada\",\"item\":\"https:\/\/www.cuboshomes.com\/blog\/fr\/cubos-home-blog-vacances-sur-la-costa-del-sol\/\"},{\"@type\":\"ListItem\",\"position\":2,\"name\":\"Interdiction d\u2019installer des cam\u00e9ras de vid\u00e9osurveillance \u00e0 l\u2019int\u00e9rieur des logements touristiques\"}]},{\"@type\":\"WebSite\",\"@id\":\"https:\/\/www.cuboshomes.com\/blog\/fr\/#website\",\"url\":\"https:\/\/www.cuboshomes.com\/blog\/fr\/\",\"name\":\"Blog Cubo&#039;s Holiday Homes\",\"description\":\"\",\"potentialAction\":[{\"@type\":\"SearchAction\",\"target\":{\"@type\":\"EntryPoint\",\"urlTemplate\":\"https:\/\/www.cuboshomes.com\/blog\/fr\/?s={search_term_string}\"},\"query-input\":{\"@type\":\"PropertyValueSpecification\",\"valueRequired\":true,\"valueName\":\"search_term_string\"}}],\"inLanguage\":\"fr\"},{\"@type\":\"Person\",\"@id\":\"https:\/\/www.cuboshomes.com\/blog\/fr\/#\/schema\/person\/07d7351e1490c5ee1bc865d8b7866913\",\"name\":\"cuboshomes\",\"image\":{\"@type\":\"ImageObject\",\"inLanguage\":\"fr\",\"@id\":\"https:\/\/www.cuboshomes.com\/blog\/fr\/#\/schema\/person\/image\/\",\"url\":\"https:\/\/secure.gravatar.com\/avatar\/7a5399cfe1894289644dcbec0fce9dc7?s=96&d=mm&r=g\",\"contentUrl\":\"https:\/\/secure.gravatar.com\/avatar\/7a5399cfe1894289644dcbec0fce9dc7?s=96&d=mm&r=g\",\"caption\":\"cuboshomes\"}}]}<\/script>\n<!-- \/ Yoast SEO plugin. -->","yoast_head_json":{"title":"Interdiction des cam\u00e9ras dans les logements touristiques : cadre l\u00e9gal et sanctions","description":"L\u2019installation de cam\u00e9ras \u00e0 l\u2019int\u00e9rieur d\u2019un logement touristique est interdite par le RGPD et la loi espagnole. D\u00e9couvrez le cadre l\u00e9gal.","robots":{"index":"index","follow":"follow","max-snippet":"max-snippet:-1","max-image-preview":"max-image-preview:large","max-video-preview":"max-video-preview:-1"},"canonical":"https:\/\/www.cuboshomes.com\/blog\/fr\/interdiction-cameras-logement-touristique\/","og_locale":"fr_FR","og_type":"article","og_title":"Interdiction des cam\u00e9ras dans les logements touristiques : cadre l\u00e9gal et sanctions","og_description":"L\u2019installation de cam\u00e9ras \u00e0 l\u2019int\u00e9rieur d\u2019un logement touristique est interdite par le RGPD et la loi espagnole. D\u00e9couvrez le cadre l\u00e9gal.","og_url":"https:\/\/www.cuboshomes.com\/blog\/fr\/interdiction-cameras-logement-touristique\/","og_site_name":"Blog Cubo&#039;s Holiday Homes","article_published_time":"2026-03-03T09:23:03+00:00","article_modified_time":"2026-03-03T10:11:15+00:00","og_image":[{"width":1920,"height":650,"url":"https:\/\/www.cuboshomes.com\/blog\/wp-content\/uploads\/2026\/03\/portada-camaras.png","type":"image\/png"}],"author":"cuboshomes","twitter_card":"summary_large_image","twitter_misc":{"Written by":"cuboshomes","Est. reading time":"3 minutes"},"schema":{"@context":"https:\/\/schema.org","@graph":[{"@type":"WebPage","@id":"https:\/\/www.cuboshomes.com\/blog\/fr\/interdiction-cameras-logement-touristique\/","url":"https:\/\/www.cuboshomes.com\/blog\/fr\/interdiction-cameras-logement-touristique\/","name":"Interdiction des cam\u00e9ras dans les logements touristiques : cadre l\u00e9gal et sanctions","isPartOf":{"@id":"https:\/\/www.cuboshomes.com\/blog\/fr\/#website"},"primaryImageOfPage":{"@id":"https:\/\/www.cuboshomes.com\/blog\/fr\/interdiction-cameras-logement-touristique\/#primaryimage"},"image":{"@id":"https:\/\/www.cuboshomes.com\/blog\/fr\/interdiction-cameras-logement-touristique\/#primaryimage"},"thumbnailUrl":"https:\/\/www.cuboshomes.com\/blog\/wp-content\/uploads\/2026\/03\/portada-camaras.png","datePublished":"2026-03-03T09:23:03+00:00","dateModified":"2026-03-03T10:11:15+00:00","author":{"@id":"https:\/\/www.cuboshomes.com\/blog\/fr\/#\/schema\/person\/07d7351e1490c5ee1bc865d8b7866913"},"description":"L\u2019installation de cam\u00e9ras \u00e0 l\u2019int\u00e9rieur d\u2019un logement touristique est interdite par le RGPD et la loi espagnole. D\u00e9couvrez le cadre l\u00e9gal.","breadcrumb":{"@id":"https:\/\/www.cuboshomes.com\/blog\/fr\/interdiction-cameras-logement-touristique\/#breadcrumb"},"inLanguage":"fr","potentialAction":[{"@type":"ReadAction","target":["https:\/\/www.cuboshomes.com\/blog\/fr\/interdiction-cameras-logement-touristique\/"]}]},{"@type":"ImageObject","inLanguage":"fr","@id":"https:\/\/www.cuboshomes.com\/blog\/fr\/interdiction-cameras-logement-touristique\/#primaryimage","url":"https:\/\/www.cuboshomes.com\/blog\/wp-content\/uploads\/2026\/03\/portada-camaras.png","contentUrl":"https:\/\/www.cuboshomes.com\/blog\/wp-content\/uploads\/2026\/03\/portada-camaras.png","width":1920,"height":650},{"@type":"BreadcrumbList","@id":"https:\/\/www.cuboshomes.com\/blog\/fr\/interdiction-cameras-logement-touristique\/#breadcrumb","itemListElement":[{"@type":"ListItem","position":1,"name":"Portada","item":"https:\/\/www.cuboshomes.com\/blog\/fr\/cubos-home-blog-vacances-sur-la-costa-del-sol\/"},{"@type":"ListItem","position":2,"name":"Interdiction d\u2019installer des cam\u00e9ras de vid\u00e9osurveillance \u00e0 l\u2019int\u00e9rieur des logements touristiques"}]},{"@type":"WebSite","@id":"https:\/\/www.cuboshomes.com\/blog\/fr\/#website","url":"https:\/\/www.cuboshomes.com\/blog\/fr\/","name":"Blog Cubo&#039;s Holiday Homes","description":"","potentialAction":[{"@type":"SearchAction","target":{"@type":"EntryPoint","urlTemplate":"https:\/\/www.cuboshomes.com\/blog\/fr\/?s={search_term_string}"},"query-input":{"@type":"PropertyValueSpecification","valueRequired":true,"valueName":"search_term_string"}}],"inLanguage":"fr"},{"@type":"Person","@id":"https:\/\/www.cuboshomes.com\/blog\/fr\/#\/schema\/person\/07d7351e1490c5ee1bc865d8b7866913","name":"cuboshomes","image":{"@type":"ImageObject","inLanguage":"fr","@id":"https:\/\/www.cuboshomes.com\/blog\/fr\/#\/schema\/person\/image\/","url":"https:\/\/secure.gravatar.com\/avatar\/7a5399cfe1894289644dcbec0fce9dc7?s=96&d=mm&r=g","contentUrl":"https:\/\/secure.gravatar.com\/avatar\/7a5399cfe1894289644dcbec0fce9dc7?s=96&d=mm&r=g","caption":"cuboshomes"}}]}},"_links":{"self":[{"href":"https:\/\/www.cuboshomes.com\/blog\/fr\/wp-json\/wp\/v2\/posts\/4891","targetHints":{"allow":["GET"]}}],"collection":[{"href":"https:\/\/www.cuboshomes.com\/blog\/fr\/wp-json\/wp\/v2\/posts"}],"about":[{"href":"https:\/\/www.cuboshomes.com\/blog\/fr\/wp-json\/wp\/v2\/types\/post"}],"author":[{"embeddable":true,"href":"https:\/\/www.cuboshomes.com\/blog\/fr\/wp-json\/wp\/v2\/users\/4"}],"replies":[{"embeddable":true,"href":"https:\/\/www.cuboshomes.com\/blog\/fr\/wp-json\/wp\/v2\/comments?post=4891"}],"version-history":[{"count":14,"href":"https:\/\/www.cuboshomes.com\/blog\/fr\/wp-json\/wp\/v2\/posts\/4891\/revisions"}],"predecessor-version":[{"id":4932,"href":"https:\/\/www.cuboshomes.com\/blog\/fr\/wp-json\/wp\/v2\/posts\/4891\/revisions\/4932"}],"wp:featuredmedia":[{"embeddable":true,"href":"https:\/\/www.cuboshomes.com\/blog\/fr\/wp-json\/wp\/v2\/media\/4922"}],"wp:attachment":[{"href":"https:\/\/www.cuboshomes.com\/blog\/fr\/wp-json\/wp\/v2\/media?parent=4891"}],"wp:term":[{"taxonomy":"category","embeddable":true,"href":"https:\/\/www.cuboshomes.com\/blog\/fr\/wp-json\/wp\/v2\/categories?post=4891"},{"taxonomy":"post_tag","embeddable":true,"href":"https:\/\/www.cuboshomes.com\/blog\/fr\/wp-json\/wp\/v2\/tags?post=4891"}],"curies":[{"name":"wp","href":"https:\/\/api.w.org\/{rel}","templated":true}]}}