{"id":4694,"date":"2026-01-23T11:55:13","date_gmt":"2026-01-23T11:55:13","guid":{"rendered":"https:\/\/www.cuboshomes.com\/blog\/?p=4694"},"modified":"2026-01-23T12:55:10","modified_gmt":"2026-01-23T12:55:10","slug":"carnaval-malaga-2026","status":"publish","type":"post","link":"https:\/\/www.cuboshomes.com\/blog\/fr\/carnaval-malaga-2026\/","title":{"rendered":"Carnaval de Malaga 2026 : guide complet pour toute la province\ud83c\udfad"},"content":{"rendered":"\t\t<div data-elementor-type=\"wp-post\" data-elementor-id=\"4694\" class=\"elementor elementor-4694 elementor-4582\" data-elementor-post-type=\"post\">\n\t\t\t\t<div class=\"elementor-element elementor-element-ba28177 e-flex e-con-boxed e-con e-parent\" data-id=\"ba28177\" data-element_type=\"container\" data-e-type=\"container\">\n\t\t\t\t\t<div class=\"e-con-inner\">\n\t\t\t\t<div class=\"elementor-element elementor-element-42b4580 elementor-widget elementor-widget-heading\" data-id=\"42b4580\" data-element_type=\"widget\" data-e-type=\"widget\" data-widget_type=\"heading.default\">\n\t\t\t\t<div class=\"elementor-widget-container\">\n\t\t\t\t\t<h2 class=\"elementor-heading-title elementor-size-default\">Carnaval de Malaga 2026 : guide complet pour toute la province<\/h2>\t\t\t\t<\/div>\n\t\t\t\t<\/div>\n\t\t\t\t<div class=\"elementor-element elementor-element-6742a15 elementor-widget elementor-widget-text-editor\" data-id=\"6742a15\" data-element_type=\"widget\" data-e-type=\"widget\" data-widget_type=\"text-editor.default\">\n\t\t\t\t<div class=\"elementor-widget-container\">\n\t\t\t\t\t\t\t\t\t<p data-start=\"1319\" data-end=\"1670\">Le <strong data-start=\"1322\" data-end=\"1349\">Carnaval de Malaga 2026<\/strong> se tiendra du <strong data-start=\"1364\" data-end=\"1383\">7 au 15 f\u00e9vrier<\/strong> et remplira la capitale et de nombreuses communes de la province avec des d\u00e9fil\u00e9s, des concours, des costumes, de la musique et une gastronomie typique. Ce guide r\u00e9unit les dates cl\u00e9s, les activit\u00e9s confirm\u00e9es et les lieux les plus importants pour profiter du carnaval \u00e0 Malaga en 2026.<\/p><p data-start=\"1672\" data-end=\"1946\">En plus de la capitale, des villes comme Torremolinos, Benalm\u00e1dena, Fuengirola, V\u00e9lez-M\u00e1laga ou Marbella c\u00e9l\u00e8brent \u00e9galement leur propre carnaval, ce qui permet de planifier des escapades \u00e0 th\u00e8me dans toute la province et de visiter des endroits moins fr\u00e9quent\u00e9s en f\u00e9vrier.<\/p><p data-start=\"1948\" data-end=\"2418\">Les pr\u00e9liminaires du COAC (Concours Officiel de Groupes du Carnaval) auront lieu du <strong data-start=\"2032\" data-end=\"2052\">23 au 30 janvier<\/strong> \u00e0 l\u2019\u00c9cole Sup\u00e9rieure d\u2019Art Dramatique (ESAD). Les demi-finales se d\u00e9rouleront du <strong data-start=\"2134\" data-end=\"2152\">1 au 4 f\u00e9vrier<\/strong> au Th\u00e9\u00e2tre Cervantes. Enfin, la grande finale est pr\u00e9vue le <strong data-start=\"2213\" data-end=\"2235\">vendredi 6 f\u00e9vrier<\/strong>. Une fois le concours termin\u00e9, le lendemain d\u00e9butera la f\u00eate dans le centre et certains quartiers de la ville. Ci-dessous, vous trouverez les dates et \u00e9v\u00e9nements les plus importants.<\/p>\t\t\t\t\t\t\t\t<\/div>\n\t\t\t\t<\/div>\n\t\t\t\t\t<\/div>\n\t\t\t\t<\/div>\n\t\t<div class=\"elementor-element elementor-element-9186e0f e-flex e-con-boxed e-con e-parent\" data-id=\"9186e0f\" data-element_type=\"container\" data-e-type=\"container\">\n\t\t\t\t\t<div class=\"e-con-inner\">\n\t\t\t\t<div class=\"elementor-element elementor-element-977474c elementor-widget elementor-widget-heading\" data-id=\"977474c\" data-element_type=\"widget\" data-e-type=\"widget\" data-widget_type=\"heading.default\">\n\t\t\t\t<div class=\"elementor-widget-container\">\n\t\t\t\t\t<h2 class=\"elementor-heading-title elementor-size-default\">\ud83d\udcc5 Dates cl\u00e9s du Carnaval de Malaga 2026<\/h2>\t\t\t\t<\/div>\n\t\t\t\t<\/div>\n\t\t\t\t<div class=\"elementor-element elementor-element-083d868 elementor-widget elementor-widget-text-editor\" data-id=\"083d868\" data-element_type=\"widget\" data-e-type=\"widget\" data-widget_type=\"text-editor.default\">\n\t\t\t\t<div class=\"elementor-widget-container\">\n\t\t\t\t\t\t\t\t\t<p>\ud83c\udf9f <strong data-start=\"2477\" data-end=\"2492\">1\u20134 f\u00e9vrier<\/strong> \u2192 demi-finales du COAC au Th\u00e9\u00e2tre Cervantes.<br data-start=\"2537\" data-end=\"2540\" \/>\ud83c\udfc6 <strong data-start=\"2543\" data-end=\"2556\">6 f\u00e9vrier<\/strong> \u2192 finale du COAC au Th\u00e9\u00e2tre Cervantes.<br data-start=\"2595\" data-end=\"2598\" \/>\ud83c\udf89 <strong data-start=\"2601\" data-end=\"2614\">7 f\u00e9vrier<\/strong> \u2192 c\u00e9r\u00e9monie d\u2019ouverture, choix du Dieu et de la D\u00e9esse du Carnaval et f\u00eate dans la rue.<br data-start=\"2702\" data-end=\"2705\" \/>\ud83c\udf88 <strong data-start=\"2708\" data-end=\"2721\">8 f\u00e9vrier<\/strong> \u2192 d\u00e9fil\u00e9 et concours pour enfants.<br data-start=\"2756\" data-end=\"2759\" \/>\ud83d\udccd <strong data-start=\"2762\" data-end=\"2776\">12 f\u00e9vrier<\/strong> \u2192 finale sur la Plaza de la Constituci\u00f3n.<br data-start=\"2818\" data-end=\"2821\" \/>\ud83c\udf08 <strong data-start=\"2824\" data-end=\"2841\">13\u201314 f\u00e9vrier<\/strong> \u2192 Gala Drag et Bataille de Fleurs.<br data-start=\"2876\" data-end=\"2879\" \/>\ud83d\udc1f <strong data-start=\"2882\" data-end=\"2896\">15 f\u00e9vrier<\/strong> \u2192 Grande Boqueron\u00e1 et Enterrement de l\u2019Anchois.<\/p>\t\t\t\t\t\t\t\t<\/div>\n\t\t\t\t<\/div>\n\t\t\t\t\t<\/div>\n\t\t\t\t<\/div>\n\t\t<div class=\"elementor-element elementor-element-70a6274 e-flex e-con-boxed e-con e-parent\" data-id=\"70a6274\" data-element_type=\"container\" data-e-type=\"container\">\n\t\t\t\t\t<div class=\"e-con-inner\">\n\t\t\t\t<div class=\"elementor-element elementor-element-00fa22f elementor-widget elementor-widget-heading\" data-id=\"00fa22f\" data-element_type=\"widget\" data-e-type=\"widget\" data-widget_type=\"heading.default\">\n\t\t\t\t<div class=\"elementor-widget-container\">\n\t\t\t\t\t<h2 class=\"elementor-heading-title elementor-size-default\">\ud83c\udfad Carnaval de Malaga : programme et \u00e9v\u00e9nements principaux<\/h2>\t\t\t\t<\/div>\n\t\t\t\t<\/div>\n\t\t\t\t<div class=\"elementor-element elementor-element-a15dfa6 elementor-widget elementor-widget-text-editor\" data-id=\"a15dfa6\" data-element_type=\"widget\" data-e-type=\"widget\" data-widget_type=\"text-editor.default\">\n\t\t\t\t<div class=\"elementor-widget-container\">\n\t\t\t\t\t\t\t\t\t<p data-start=\"3018\" data-end=\"3284\">Malaga capitale accueille le programme le plus large. La plupart des activit\u00e9s sont gratuites et se d\u00e9roulent sur la <strong data-start=\"3135\" data-end=\"3163\">Plaza de la Constituci\u00f3n<\/strong>, la <strong data-start=\"3168\" data-end=\"3184\">Calle Larios<\/strong>, le <strong data-start=\"3189\" data-end=\"3210\">Th\u00e9\u00e2tre Cervantes<\/strong> et des quartiers comme <strong data-start=\"3234\" data-end=\"3245\">El Palo<\/strong>, <strong data-start=\"3247\" data-end=\"3261\">El Perchel<\/strong> ou <strong data-start=\"3265\" data-end=\"3283\">Palma-Palmilla<\/strong>.<\/p><p data-start=\"3286\" data-end=\"3354\">Voici quelques-uns des actes les plus connus du Carnaval de Malaga :<\/p><p data-start=\"3356\" data-end=\"3998\">\u2022 <strong data-start=\"3358\" data-end=\"3385\">C\u00e9r\u00e9monie d\u2019ouverture :<\/strong> marque le d\u00e9but du carnaval sur la Plaza de la Constituci\u00f3n.<br data-start=\"3446\" data-end=\"3449\" \/>\u2022 <strong data-start=\"3451\" data-end=\"3501\">\u00c9lection du Dieu et de la D\u00e9esse du Carnaval :<\/strong> un \u00e9v\u00e9nement symbolique tr\u00e8s suivi par les locaux.<br data-start=\"3552\" data-end=\"3555\" \/>\u2022 <strong data-start=\"3557\" data-end=\"3593\">D\u00e9fil\u00e9 et concours de costumes :<\/strong> des cort\u00e8ges qui remplissent le centre historique de couleurs et de musique.<br data-start=\"3670\" data-end=\"3673\" \/>\u2022 <strong data-start=\"3675\" data-end=\"3690\">Gala Drag :<\/strong> l\u2019un des spectacles les plus attendus du carnaval.<br data-start=\"3741\" data-end=\"3744\" \/>\u2022 <strong data-start=\"3746\" data-end=\"3770\">Bataille de Fleurs :<\/strong> un d\u00e9fil\u00e9 fleuri avec confettis sur la Calle Larios.<br data-start=\"3823\" data-end=\"3826\" \/>\u2022 <strong data-start=\"3828\" data-end=\"3878\">Grande Boqueron\u00e1 et Enterrement de l\u2019Anchois :<\/strong> boquerones gratuits et cl\u00f4ture traditionnelle sur la plage de La Malagueta avec procession et enterrement de l\u2019anchois.<\/p><p data-start=\"4000\" data-end=\"4169\">La combinaison d\u2019activit\u00e9s en journ\u00e9e et en soir\u00e9e permet de profiter du Carnaval de Malaga 2026 selon le style de chaque voyageur : familles, couples ou groupes d\u2019amis.<\/p>\t\t\t\t\t\t\t\t<\/div>\n\t\t\t\t<\/div>\n\t\t\t\t<div class=\"elementor-element elementor-element-a0545b1 elementor-arrows-position-inside elementor-pagination-position-outside elementor-widget elementor-widget-image-carousel\" data-id=\"a0545b1\" data-element_type=\"widget\" data-e-type=\"widget\" data-settings=\"{&quot;navigation&quot;:&quot;both&quot;,&quot;autoplay&quot;:&quot;yes&quot;,&quot;pause_on_hover&quot;:&quot;yes&quot;,&quot;pause_on_interaction&quot;:&quot;yes&quot;,&quot;autoplay_speed&quot;:5000,&quot;infinite&quot;:&quot;yes&quot;,&quot;speed&quot;:500}\" data-widget_type=\"image-carousel.default\">\n\t\t\t\t<div class=\"elementor-widget-container\">\n\t\t\t\t\t\t\t<div class=\"elementor-image-carousel-wrapper swiper\" role=\"region\" aria-roledescription=\"carousel\" aria-label=\"Image Carousel\" dir=\"ltr\">\n\t\t\t<div class=\"elementor-image-carousel swiper-wrapper\" aria-live=\"off\">\n\t\t\t\t\t\t\t\t<div class=\"swiper-slide\" role=\"group\" aria-roledescription=\"slide\" aria-label=\"1 of 4\"><figure class=\"swiper-slide-inner\"><img decoding=\"async\" class=\"swiper-slide-image\" src=\"https:\/\/www.cuboshomes.com\/blog\/wp-content\/uploads\/2026\/01\/entierro-boqueron-19-768x512.webp\" alt=\"entierro-boqueron (19)\" \/><\/figure><\/div><div class=\"swiper-slide\" role=\"group\" aria-roledescription=\"slide\" aria-label=\"2 of 4\"><figure class=\"swiper-slide-inner\"><img decoding=\"async\" class=\"swiper-slide-image\" src=\"https:\/\/www.cuboshomes.com\/blog\/wp-content\/uploads\/2026\/01\/Untitled-1-768x512.png\" alt=\"Untitled-1\" \/><\/figure><\/div><div class=\"swiper-slide\" role=\"group\" aria-roledescription=\"slide\" aria-label=\"3 of 4\"><figure class=\"swiper-slide-inner\"><img decoding=\"async\" class=\"swiper-slide-image\" src=\"https:\/\/www.cuboshomes.com\/blog\/wp-content\/uploads\/2026\/01\/Untitled-2-768x512.png\" alt=\"Untitled-2\" \/><\/figure><\/div><div class=\"swiper-slide\" role=\"group\" aria-roledescription=\"slide\" aria-label=\"4 of 4\"><figure class=\"swiper-slide-inner\"><img decoding=\"async\" class=\"swiper-slide-image\" src=\"https:\/\/www.cuboshomes.com\/blog\/wp-content\/uploads\/2026\/01\/afb4a6f6-1910-4738-876a-ae7ecba124d0_source-aspect-ratio_default_0-768x512.jpg\" alt=\"afb4a6f6-1910-4738-876a-ae7ecba124d0_source-aspect-ratio_default_0\" \/><\/figure><\/div>\t\t\t<\/div>\n\t\t\t\t\t\t\t\t\t\t\t\t<div class=\"elementor-swiper-button elementor-swiper-button-prev\" role=\"button\" tabindex=\"0\">\n\t\t\t\t\t\t<svg aria-hidden=\"true\" class=\"e-font-icon-svg e-eicon-chevron-left\" viewBox=\"0 0 1000 1000\" xmlns=\"http:\/\/www.w3.org\/2000\/svg\"><path d=\"M646 125C629 125 613 133 604 142L308 442C296 454 292 471 292 487 292 504 296 521 308 533L604 854C617 867 629 875 646 875 663 875 679 871 692 858 704 846 713 829 713 812 713 796 708 779 692 767L438 487 692 225C700 217 708 204 708 187 708 171 704 154 692 142 675 129 663 125 646 125Z\"><\/path><\/svg>\t\t\t\t\t<\/div>\n\t\t\t\t\t<div class=\"elementor-swiper-button elementor-swiper-button-next\" role=\"button\" tabindex=\"0\">\n\t\t\t\t\t\t<svg aria-hidden=\"true\" class=\"e-font-icon-svg e-eicon-chevron-right\" viewBox=\"0 0 1000 1000\" xmlns=\"http:\/\/www.w3.org\/2000\/svg\"><path d=\"M696 533C708 521 713 504 713 487 713 471 708 454 696 446L400 146C388 133 375 125 354 125 338 125 325 129 313 142 300 154 292 171 292 187 292 204 296 221 308 233L563 492 304 771C292 783 288 800 288 817 288 833 296 850 308 863 321 871 338 875 354 875 371 875 388 867 400 854L696 533Z\"><\/path><\/svg>\t\t\t\t\t<\/div>\n\t\t\t\t\n\t\t\t\t\t\t\t\t\t<div class=\"swiper-pagination\"><\/div>\n\t\t\t\t\t\t\t\t\t<\/div>\n\t\t\t\t\t\t<\/div>\n\t\t\t\t<\/div>\n\t\t<div class=\"elementor-element elementor-element-04cd77b e-con-full e-flex e-con e-child\" data-id=\"04cd77b\" data-element_type=\"container\" data-e-type=\"container\">\n\t\t\t\t<div class=\"elementor-element elementor-element-a0a84a1 elementor-widget elementor-widget-heading\" data-id=\"a0a84a1\" data-element_type=\"widget\" data-e-type=\"widget\" data-widget_type=\"heading.default\">\n\t\t\t\t<div class=\"elementor-widget-container\">\n\t\t\t\t\t<h2 class=\"elementor-heading-title elementor-size-default\">\ud83c\udf0d Carnaval dans les communes de la province<\/h2>\t\t\t\t<\/div>\n\t\t\t\t<\/div>\n\t\t\t\t<div class=\"elementor-element elementor-element-27b19c2 elementor-widget elementor-widget-text-editor\" data-id=\"27b19c2\" data-element_type=\"widget\" data-e-type=\"widget\" data-widget_type=\"text-editor.default\">\n\t\t\t\t<div class=\"elementor-widget-container\">\n\t\t\t\t\t\t\t\t\t<p data-start=\"4229\" data-end=\"4358\">En dehors de la capitale, d\u2019autres communes c\u00e9l\u00e8brent aussi leur carnaval avec des d\u00e9fil\u00e9s, comp\u00e9titions et activit\u00e9s familiales.<\/p>\t\t\t\t\t\t\t\t<\/div>\n\t\t\t\t<\/div>\n\t\t\t\t<div class=\"elementor-element elementor-element-58a12c7 elementor-widget elementor-widget-heading\" data-id=\"58a12c7\" data-element_type=\"widget\" data-e-type=\"widget\" data-widget_type=\"heading.default\">\n\t\t\t\t<div class=\"elementor-widget-container\">\n\t\t\t\t\t<h2 class=\"elementor-heading-title elementor-size-default\">\ud83e\udd41 Torremolinos<\/h2>\t\t\t\t<\/div>\n\t\t\t\t<\/div>\n\t\t\t\t<div class=\"elementor-element elementor-element-8376dbf elementor-widget elementor-widget-text-editor\" data-id=\"8376dbf\" data-element_type=\"widget\" data-e-type=\"widget\" data-widget_type=\"text-editor.default\">\n\t\t\t\t<div class=\"elementor-widget-container\">\n\t\t\t\t\t\t\t\t\t<p>\u00c0 Torremolinos, le carnaval est v\u00e9cu avec \u00e9nergie, une ambiance festive et une forte participation des habitants. On y trouve de nombreuses activit\u00e9s comme le concours de Chirigotas, le d\u00e9fil\u00e9 dans La Carihuela, le concours de costumes pour enfants et le Grand Bal du Carnaval au Palais des Congr\u00e8s. En plus, le <strong data-start=\"4702\" data-end=\"4721\">Gala Drag Queen<\/strong>, un \u00e9v\u00e9nement de r\u00e9f\u00e9rence, aura lieu le <strong data-start=\"4763\" data-end=\"4777\">21 f\u00e9vrier<\/strong>. Pour finir, l\u2019<strong data-start=\"4793\" data-end=\"4822\">Enterrement de la Sardine<\/strong> se d\u00e9roule pr\u00e8s du quartier San Miguel.<\/p>\t\t\t\t\t\t\t\t<\/div>\n\t\t\t\t<\/div>\n\t\t\t\t<div class=\"elementor-element elementor-element-e172d9e elementor-arrows-position-inside elementor-pagination-position-outside elementor-widget elementor-widget-image-carousel\" data-id=\"e172d9e\" data-element_type=\"widget\" data-e-type=\"widget\" data-settings=\"{&quot;navigation&quot;:&quot;both&quot;,&quot;autoplay&quot;:&quot;yes&quot;,&quot;pause_on_hover&quot;:&quot;yes&quot;,&quot;pause_on_interaction&quot;:&quot;yes&quot;,&quot;autoplay_speed&quot;:5000,&quot;infinite&quot;:&quot;yes&quot;,&quot;speed&quot;:500}\" data-widget_type=\"image-carousel.default\">\n\t\t\t\t<div class=\"elementor-widget-container\">\n\t\t\t\t\t\t\t<div class=\"elementor-image-carousel-wrapper swiper\" role=\"region\" aria-roledescription=\"carousel\" aria-label=\"Image Carousel\" dir=\"ltr\">\n\t\t\t<div class=\"elementor-image-carousel swiper-wrapper\" aria-live=\"off\">\n\t\t\t\t\t\t\t\t<div class=\"swiper-slide\" role=\"group\" aria-roledescription=\"slide\" aria-label=\"1 of 4\"><figure class=\"swiper-slide-inner\"><img decoding=\"async\" class=\"swiper-slide-image\" src=\"https:\/\/www.cuboshomes.com\/blog\/wp-content\/uploads\/2026\/01\/torremol-768x432.webp\" alt=\"torremol\" \/><\/figure><\/div><div class=\"swiper-slide\" role=\"group\" aria-roledescription=\"slide\" aria-label=\"2 of 4\"><figure class=\"swiper-slide-inner\"><img decoding=\"async\" class=\"swiper-slide-image\" src=\"https:\/\/www.cuboshomes.com\/blog\/wp-content\/uploads\/2026\/01\/torremol2.jpg\" alt=\"torremol2\" \/><\/figure><\/div><div class=\"swiper-slide\" role=\"group\" aria-roledescription=\"slide\" aria-label=\"3 of 4\"><figure class=\"swiper-slide-inner\"><img decoding=\"async\" class=\"swiper-slide-image\" src=\"https:\/\/www.cuboshomes.com\/blog\/wp-content\/uploads\/2026\/01\/torremol5-768x432.png\" alt=\"torremol5\" \/><\/figure><\/div><div class=\"swiper-slide\" role=\"group\" aria-roledescription=\"slide\" aria-label=\"4 of 4\"><figure class=\"swiper-slide-inner\"><img decoding=\"async\" class=\"swiper-slide-image\" src=\"https:\/\/www.cuboshomes.com\/blog\/wp-content\/uploads\/2026\/01\/torremol6-768x432.png\" alt=\"torremol6\" \/><\/figure><\/div>\t\t\t<\/div>\n\t\t\t\t\t\t\t\t\t\t\t\t<div class=\"elementor-swiper-button elementor-swiper-button-prev\" role=\"button\" tabindex=\"0\">\n\t\t\t\t\t\t<svg aria-hidden=\"true\" class=\"e-font-icon-svg e-eicon-chevron-left\" viewBox=\"0 0 1000 1000\" xmlns=\"http:\/\/www.w3.org\/2000\/svg\"><path d=\"M646 125C629 125 613 133 604 142L308 442C296 454 292 471 292 487 292 504 296 521 308 533L604 854C617 867 629 875 646 875 663 875 679 871 692 858 704 846 713 829 713 812 713 796 708 779 692 767L438 487 692 225C700 217 708 204 708 187 708 171 704 154 692 142 675 129 663 125 646 125Z\"><\/path><\/svg>\t\t\t\t\t<\/div>\n\t\t\t\t\t<div class=\"elementor-swiper-button elementor-swiper-button-next\" role=\"button\" tabindex=\"0\">\n\t\t\t\t\t\t<svg aria-hidden=\"true\" class=\"e-font-icon-svg e-eicon-chevron-right\" viewBox=\"0 0 1000 1000\" xmlns=\"http:\/\/www.w3.org\/2000\/svg\"><path d=\"M696 533C708 521 713 504 713 487 713 471 708 454 696 446L400 146C388 133 375 125 354 125 338 125 325 129 313 142 300 154 292 171 292 187 292 204 296 221 308 233L563 492 304 771C292 783 288 800 288 817 288 833 296 850 308 863 321 871 338 875 354 875 371 875 388 867 400 854L696 533Z\"><\/path><\/svg>\t\t\t\t\t<\/div>\n\t\t\t\t\n\t\t\t\t\t\t\t\t\t<div class=\"swiper-pagination\"><\/div>\n\t\t\t\t\t\t\t\t\t<\/div>\n\t\t\t\t\t\t<\/div>\n\t\t\t\t<\/div>\n\t\t\t\t<div class=\"elementor-element elementor-element-ecdae66 elementor-widget elementor-widget-heading\" data-id=\"ecdae66\" data-element_type=\"widget\" data-e-type=\"widget\" data-widget_type=\"heading.default\">\n\t\t\t\t<div class=\"elementor-widget-container\">\n\t\t\t\t\t<h2 class=\"elementor-heading-title elementor-size-default\">\ud83c\udfb7 Benalm\u00e1dena<\/h2>\t\t\t\t<\/div>\n\t\t\t\t<\/div>\n\t\t\t\t<div class=\"elementor-element elementor-element-405be05 elementor-widget elementor-widget-text-editor\" data-id=\"405be05\" data-element_type=\"widget\" data-e-type=\"widget\" data-widget_type=\"text-editor.default\">\n\t\t\t\t<div class=\"elementor-widget-container\">\n\t\t\t\t\t\t\t\t\t<p>Le Carnaval de Benalm\u00e1dena se d\u00e9roule \u00e0 <strong data-start=\"4933\" data-end=\"4954\">Arroyo de la Miel<\/strong>, <strong data-start=\"4956\" data-end=\"4978\">Benalm\u00e1dena Pueblo<\/strong> et dans la <strong data-start=\"4990\" data-end=\"5006\">zone du Port<\/strong>. On y trouve des <strong data-start=\"5024\" data-end=\"5037\">batucadas<\/strong>, des chars dans les d\u00e9fil\u00e9s, un concours de groupes et des f\u00eates pour enfants dans les places et parcs. De plus, les animations dans le Port incluent danse et comparsas. C\u2019est donc un bon choix pour ceux qui cherchent un <strong data-start=\"5259\" data-end=\"5289\">carnaval au bord de la mer<\/strong>. Les dates officielles ne sont pas encore publi\u00e9es, mais il se tiendra <strong data-start=\"5361\" data-end=\"5389\">mi-f\u00e9vrier \u00e0 fin f\u00e9vrier<\/strong>.<\/p>\t\t\t\t\t\t\t\t<\/div>\n\t\t\t\t<\/div>\n\t\t\t\t<div class=\"elementor-element elementor-element-b2b7a23 elementor-widget elementor-widget-heading\" data-id=\"b2b7a23\" data-element_type=\"widget\" data-e-type=\"widget\" data-widget_type=\"heading.default\">\n\t\t\t\t<div class=\"elementor-widget-container\">\n\t\t\t\t\t<h2 class=\"elementor-heading-title elementor-size-default\">\ud83d\udc68\u200d\ud83d\udc69\u200d\ud83d\udc67 Fuengirola<\/h2>\t\t\t\t<\/div>\n\t\t\t\t<\/div>\n\t\t\t\t<div class=\"elementor-element elementor-element-576d594 elementor-widget elementor-widget-text-editor\" data-id=\"576d594\" data-element_type=\"widget\" data-e-type=\"widget\" data-widget_type=\"text-editor.default\">\n\t\t\t\t<div class=\"elementor-widget-container\">\n\t\t\t\t\t\t\t\t\t<p>Fuengirola propose un carnaval orient\u00e9 vers les familles avec <strong data-start=\"5482\" data-end=\"5505\">d\u00e9fil\u00e9s de quartier<\/strong>, <strong data-start=\"5507\" data-end=\"5532\">ateliers pour enfants<\/strong>, animations et concours de costumes dans les places centrales. Par ailleurs, des \u00e9v\u00e9nements ont lieu sur la <strong data-start=\"5641\" data-end=\"5660\">Plaza de Espa\u00f1a<\/strong> avec spectacles et musique. Le programme est confortable et tr\u00e8s appr\u00e9ci\u00e9 par ceux qui voyagent avec des enfants. Le carnaval devrait se tenir <strong data-start=\"5804\" data-end=\"5844\">durant la premi\u00e8re moiti\u00e9 de f\u00e9vrier<\/strong>, m\u00eame si les dates exactes ne sont pas encore annonc\u00e9es.<\/p>\t\t\t\t\t\t\t\t<\/div>\n\t\t\t\t<\/div>\n\t\t\t\t<div class=\"elementor-element elementor-element-5f0f917 elementor-widget elementor-widget-heading\" data-id=\"5f0f917\" data-element_type=\"widget\" data-e-type=\"widget\" data-widget_type=\"heading.default\">\n\t\t\t\t<div class=\"elementor-widget-container\">\n\t\t\t\t\t<h2 class=\"elementor-heading-title elementor-size-default\">\ud83c\udf06 Marbella et San Pedro de Alc\u00e1ntara <\/h2>\t\t\t\t<\/div>\n\t\t\t\t<\/div>\n\t\t\t\t<div class=\"elementor-element elementor-element-56a842b elementor-widget elementor-widget-text-editor\" data-id=\"56a842b\" data-element_type=\"widget\" data-e-type=\"widget\" data-widget_type=\"text-editor.default\">\n\t\t\t\t<div class=\"elementor-widget-container\">\n\t\t\t\t\t\t\t\t\t<p data-start=\"5955\" data-end=\"6360\">Marbella c\u00e9l\u00e8bre son carnaval avec <strong data-start=\"5990\" data-end=\"6016\">d\u00e9fil\u00e9s dans le centre<\/strong>, concours de costumes, danses et activit\u00e9s pour enfants. Le carnaval commence avec le <strong data-start=\"6103\" data-end=\"6128\">Concours de l\u2019Affiche<\/strong> \u00e0 la mi-janvier et se termine \u00e0 la mi-f\u00e9vrier. Dans <strong data-start=\"6181\" data-end=\"6207\">San Pedro de Alc\u00e1ntara<\/strong>, le programme est ind\u00e9pendant avec d\u00e9fil\u00e9s, spectacles d\u2019\u00e9coles, structures gonflables, animations et musique. L\u2019ensemble attire habitants et visiteurs.<\/p>\t\t\t\t\t\t\t\t<\/div>\n\t\t\t\t<\/div>\n\t\t\t\t<div class=\"elementor-element elementor-element-46a499c elementor-arrows-position-inside elementor-pagination-position-outside elementor-widget elementor-widget-image-carousel\" data-id=\"46a499c\" data-element_type=\"widget\" data-e-type=\"widget\" data-settings=\"{&quot;navigation&quot;:&quot;both&quot;,&quot;autoplay&quot;:&quot;yes&quot;,&quot;pause_on_hover&quot;:&quot;yes&quot;,&quot;pause_on_interaction&quot;:&quot;yes&quot;,&quot;autoplay_speed&quot;:5000,&quot;infinite&quot;:&quot;yes&quot;,&quot;speed&quot;:500}\" data-widget_type=\"image-carousel.default\">\n\t\t\t\t<div class=\"elementor-widget-container\">\n\t\t\t\t\t\t\t<div class=\"elementor-image-carousel-wrapper swiper\" role=\"region\" aria-roledescription=\"carousel\" aria-label=\"Image Carousel\" dir=\"ltr\">\n\t\t\t<div class=\"elementor-image-carousel swiper-wrapper\" aria-live=\"off\">\n\t\t\t\t\t\t\t\t<div class=\"swiper-slide\" role=\"group\" aria-roledescription=\"slide\" aria-label=\"1 of 4\"><figure class=\"swiper-slide-inner\"><img decoding=\"async\" class=\"swiper-slide-image\" src=\"https:\/\/www.cuboshomes.com\/blog\/wp-content\/uploads\/2026\/01\/marbella1.png\" alt=\"marbella1\" \/><\/figure><\/div><div class=\"swiper-slide\" role=\"group\" aria-roledescription=\"slide\" aria-label=\"2 of 4\"><figure class=\"swiper-slide-inner\"><img decoding=\"async\" class=\"swiper-slide-image\" src=\"https:\/\/www.cuboshomes.com\/blog\/wp-content\/uploads\/2026\/01\/marbella5.png\" alt=\"marbella5\" \/><\/figure><\/div><div class=\"swiper-slide\" role=\"group\" aria-roledescription=\"slide\" aria-label=\"3 of 4\"><figure class=\"swiper-slide-inner\"><img decoding=\"async\" class=\"swiper-slide-image\" src=\"https:\/\/www.cuboshomes.com\/blog\/wp-content\/uploads\/2026\/01\/marbella7.png\" alt=\"marbella7\" \/><\/figure><\/div><div class=\"swiper-slide\" role=\"group\" aria-roledescription=\"slide\" aria-label=\"4 of 4\"><figure class=\"swiper-slide-inner\"><img decoding=\"async\" class=\"swiper-slide-image\" src=\"https:\/\/www.cuboshomes.com\/blog\/wp-content\/uploads\/2026\/01\/marbella1.jpg\" alt=\"marbella1\" \/><\/figure><\/div>\t\t\t<\/div>\n\t\t\t\t\t\t\t\t\t\t\t\t<div class=\"elementor-swiper-button elementor-swiper-button-prev\" role=\"button\" tabindex=\"0\">\n\t\t\t\t\t\t<svg aria-hidden=\"true\" class=\"e-font-icon-svg e-eicon-chevron-left\" viewBox=\"0 0 1000 1000\" xmlns=\"http:\/\/www.w3.org\/2000\/svg\"><path d=\"M646 125C629 125 613 133 604 142L308 442C296 454 292 471 292 487 292 504 296 521 308 533L604 854C617 867 629 875 646 875 663 875 679 871 692 858 704 846 713 829 713 812 713 796 708 779 692 767L438 487 692 225C700 217 708 204 708 187 708 171 704 154 692 142 675 129 663 125 646 125Z\"><\/path><\/svg>\t\t\t\t\t<\/div>\n\t\t\t\t\t<div class=\"elementor-swiper-button elementor-swiper-button-next\" role=\"button\" tabindex=\"0\">\n\t\t\t\t\t\t<svg aria-hidden=\"true\" class=\"e-font-icon-svg e-eicon-chevron-right\" viewBox=\"0 0 1000 1000\" xmlns=\"http:\/\/www.w3.org\/2000\/svg\"><path d=\"M696 533C708 521 713 504 713 487 713 471 708 454 696 446L400 146C388 133 375 125 354 125 338 125 325 129 313 142 300 154 292 171 292 187 292 204 296 221 308 233L563 492 304 771C292 783 288 800 288 817 288 833 296 850 308 863 321 871 338 875 354 875 371 875 388 867 400 854L696 533Z\"><\/path><\/svg>\t\t\t\t\t<\/div>\n\t\t\t\t\n\t\t\t\t\t\t\t\t\t<div class=\"swiper-pagination\"><\/div>\n\t\t\t\t\t\t\t\t\t<\/div>\n\t\t\t\t\t\t<\/div>\n\t\t\t\t<\/div>\n\t\t\t\t<div class=\"elementor-element elementor-element-4577ca9 elementor-widget elementor-widget-heading\" data-id=\"4577ca9\" data-element_type=\"widget\" data-e-type=\"widget\" data-widget_type=\"heading.default\">\n\t\t\t\t<div class=\"elementor-widget-container\">\n\t\t\t\t\t<h2 class=\"elementor-heading-title elementor-size-default\">\ud83c\udf0a Estepona<\/h2>\t\t\t\t<\/div>\n\t\t\t\t<\/div>\n\t\t\t\t<div class=\"elementor-element elementor-element-9b35dd1 elementor-widget elementor-widget-text-editor\" data-id=\"9b35dd1\" data-element_type=\"widget\" data-e-type=\"widget\" data-widget_type=\"text-editor.default\">\n\t\t\t\t<div class=\"elementor-widget-container\">\n\t\t\t\t\t\t\t\t\t<p>Le <strong data-start=\"6391\" data-end=\"6414\">Carnaval d\u2019Estepona<\/strong> aura lieu <strong data-start=\"6425\" data-end=\"6447\">les 7 et 8 f\u00e9vrier<\/strong>. Les \u00e9v\u00e9nements se d\u00e9roulent dans les places et zones publiques, avec concours pour enfants et adultes, f\u00eates locales, d\u00e9fil\u00e9s et carnaval de jour avec nourriture et musique. En soir\u00e9e, il y a des spectacles et danses. Son programme offre des activit\u00e9s <strong data-start=\"6701\" data-end=\"6715\">familiales<\/strong> et <strong data-start=\"6719\" data-end=\"6732\">nocturnes<\/strong>.<\/p>\t\t\t\t\t\t\t\t<\/div>\n\t\t\t\t<\/div>\n\t\t\t\t<div class=\"elementor-element elementor-element-4d91a88 elementor-widget elementor-widget-heading\" data-id=\"4d91a88\" data-element_type=\"widget\" data-e-type=\"widget\" data-widget_type=\"heading.default\">\n\t\t\t\t<div class=\"elementor-widget-container\">\n\t\t\t\t\t<h2 class=\"elementor-heading-title elementor-size-default\">&nbsp;\ud83c\udf04 V\u00e9lez-M\u00e1laga et Torre del Mar<\/h2>\t\t\t\t<\/div>\n\t\t\t\t<\/div>\n\t\t\t\t<div class=\"elementor-element elementor-element-2abc5cf elementor-widget elementor-widget-text-editor\" data-id=\"2abc5cf\" data-element_type=\"widget\" data-e-type=\"widget\" data-widget_type=\"text-editor.default\">\n\t\t\t\t<div class=\"elementor-widget-container\">\n\t\t\t\t\t\t\t\t\t<p>Dans la <strong data-start=\"6789\" data-end=\"6813\">r\u00e9gion de l\u2019Axarqu\u00eda<\/strong>, V\u00e9lez-M\u00e1laga c\u00e9l\u00e8bre son carnaval du <strong data-start=\"6852\" data-end=\"6872\">21 au 24 f\u00e9vrier<\/strong>, bien que les dates ne soient pas encore confirm\u00e9es officiellement. Il comprend un grand d\u00e9fil\u00e9 sur les avenues principales, avec groupes, costumes et chars. De plus, il y a des concours, spectacles et musique. \u00c0 Torre del Mar, le carnaval se tient du <strong data-start=\"7125\" data-end=\"7145\">11 au 14 f\u00e9vrier<\/strong>, avec d\u00e9fil\u00e9s, animations pour enfants et \u00e9v\u00e9nements sur le front de mer. Il y a aussi des concours avec prix.<\/p>\t\t\t\t\t\t\t\t<\/div>\n\t\t\t\t<\/div>\n\t\t\t\t<div class=\"elementor-element elementor-element-159cbb0 elementor-widget elementor-widget-heading\" data-id=\"159cbb0\" data-element_type=\"widget\" data-e-type=\"widget\" data-widget_type=\"heading.default\">\n\t\t\t\t<div class=\"elementor-widget-container\">\n\t\t\t\t\t<h2 class=\"elementor-heading-title elementor-size-default\">\ud83c\udfba Co\u00edn, Alhaur\u00edn el Grande, Alhaur\u00edn de la Torre, C\u00e1rtama et \u00c1lora<\/h2>\t\t\t\t<\/div>\n\t\t\t\t<\/div>\n\t\t\t\t<div class=\"elementor-element elementor-element-d4466e3 elementor-widget elementor-widget-text-editor\" data-id=\"d4466e3\" data-element_type=\"widget\" data-e-type=\"widget\" data-widget_type=\"text-editor.default\">\n\t\t\t\t<div class=\"elementor-widget-container\">\n\t\t\t\t\t\t\t\t\t<p data-start=\"7341\" data-end=\"7693\">Les communes de la <strong data-start=\"7360\" data-end=\"7385\">vall\u00e9e du Guadalhorce<\/strong> c\u00e9l\u00e8brent le carnaval avec des d\u00e9fil\u00e9s, concours, animations pour enfants, groupes locaux et f\u00eates sur les places. Chaque ville adapte le programme selon ses habitudes, cr\u00e9ant des c\u00e9l\u00e9brations <strong data-start=\"7579\" data-end=\"7606\">proches et confortables<\/strong>. En g\u00e9n\u00e9ral, le carnaval se d\u00e9roule tout au long du <strong data-start=\"7659\" data-end=\"7692\">mois de f\u00e9vrier et d\u00e9but mars<\/strong>.<\/p>\t\t\t\t\t\t\t\t<\/div>\n\t\t\t\t<\/div>\n\t\t\t\t<div class=\"elementor-element elementor-element-6025c5a elementor-widget elementor-widget-video\" data-id=\"6025c5a\" data-element_type=\"widget\" data-e-type=\"widget\" data-settings=\"{&quot;youtube_url&quot;:&quot;https:\\\/\\\/www.youtube.com\\\/watch?v=7igiGb8mt18&quot;,&quot;video_type&quot;:&quot;youtube&quot;,&quot;controls&quot;:&quot;yes&quot;}\" data-widget_type=\"video.default\">\n\t\t\t\t<div class=\"elementor-widget-container\">\n\t\t\t\t\t\t\t<div class=\"elementor-wrapper elementor-open-inline\">\n\t\t\t<div class=\"elementor-video\"><\/div>\t\t<\/div>\n\t\t\t\t\t\t<\/div>\n\t\t\t\t<\/div>\n\t\t\t\t<div class=\"elementor-element elementor-element-a667258 elementor-widget elementor-widget-heading\" data-id=\"a667258\" data-element_type=\"widget\" data-e-type=\"widget\" data-widget_type=\"heading.default\">\n\t\t\t\t<div class=\"elementor-widget-container\">\n\t\t\t\t\t<h2 class=\"elementor-heading-title elementor-size-default\">\ud83c\udfd8 Mijas Pueblo, Las Lagunas et La Cala<\/h2>\t\t\t\t<\/div>\n\t\t\t\t<\/div>\n\t\t\t\t<div class=\"elementor-element elementor-element-a6628a5 elementor-widget elementor-widget-text-editor\" data-id=\"a6628a5\" data-element_type=\"widget\" data-e-type=\"widget\" data-widget_type=\"text-editor.default\">\n\t\t\t\t<div class=\"elementor-widget-container\">\n\t\t\t\t\t\t\t\t\t<p data-start=\"7749\" data-end=\"8103\">Mijas compte trois noyaux urbains avec un style de carnaval diff\u00e9rent : <strong data-start=\"7821\" data-end=\"7837\">Mijas Pueblo<\/strong> avec animations dans les places et rues traditionnelles, <strong data-start=\"7895\" data-end=\"7910\">Las Lagunas<\/strong> avec d\u00e9fil\u00e9s, concours et sc\u00e8nes en plein air, et <strong data-start=\"7961\" data-end=\"7972\">La Cala<\/strong> avec carnaval de jour, spectacles pour enfants et d\u00e9fil\u00e9s en bord de mer. Les c\u00e9l\u00e9brations ont lieu <strong data-start=\"8073\" data-end=\"8102\">fin f\u00e9vrier et d\u00e9but mars<\/strong>.<\/p>\t\t\t\t\t\t\t\t<\/div>\n\t\t\t\t<\/div>\n\t\t\t\t<div class=\"elementor-element elementor-element-4846969 elementor-widget elementor-widget-heading\" data-id=\"4846969\" data-element_type=\"widget\" data-e-type=\"widget\" data-widget_type=\"heading.default\">\n\t\t\t\t<div class=\"elementor-widget-container\">\n\t\t\t\t\t<h2 class=\"elementor-heading-title elementor-size-default\">\ud83d\udc1f Nerja<\/h2>\t\t\t\t<\/div>\n\t\t\t\t<\/div>\n\t\t\t\t<div class=\"elementor-element elementor-element-dc2c446 elementor-widget elementor-widget-text-editor\" data-id=\"dc2c446\" data-element_type=\"widget\" data-e-type=\"widget\" data-widget_type=\"text-editor.default\">\n\t\t\t\t<div class=\"elementor-widget-container\">\n\t\t\t\t\t\t\t\t\t<p data-start=\"8128\" data-end=\"8439\">Nerja propose un carnaval vivant avec d\u00e9fil\u00e9s, f\u00eates sur la <strong data-start=\"8188\" data-end=\"8207\">Plaza de Espa\u00f1a<\/strong>, concours pour enfants, musique et l\u2019<strong data-start=\"8245\" data-end=\"8273\">Enterrement du Chanquete<\/strong>, un \u00e9v\u00e9nement amusant qui cl\u00f4ture la f\u00eate. Il se c\u00e9l\u00e8bre du <strong data-start=\"8334\" data-end=\"8354\">12 au 15 f\u00e9vrier<\/strong>, et c\u2019est l\u2019un des carnavals les plus <strong data-start=\"8393\" data-end=\"8417\">color\u00e9s et agr\u00e9ables<\/strong> de la c\u00f4te orientale.<\/p>\t\t\t\t\t\t\t\t<\/div>\n\t\t\t\t<\/div>\n\t\t\t\t<div class=\"elementor-element elementor-element-e11ad64 elementor-widget elementor-widget-heading\" data-id=\"e11ad64\" data-element_type=\"widget\" data-e-type=\"widget\" data-widget_type=\"heading.default\">\n\t\t\t\t<div class=\"elementor-widget-container\">\n\t\t\t\t\t<h2 class=\"elementor-heading-title elementor-size-default\">\ud83c\udfde Ronda<\/h2>\t\t\t\t<\/div>\n\t\t\t\t<\/div>\n\t\t\t\t<div class=\"elementor-element elementor-element-b85c951 elementor-widget elementor-widget-text-editor\" data-id=\"b85c951\" data-element_type=\"widget\" data-e-type=\"widget\" data-widget_type=\"text-editor.default\">\n\t\t\t\t<div class=\"elementor-widget-container\">\n\t\t\t\t\t\t\t\t\t<p>Ronda vit son carnaval dans les rues principales avec d\u00e9fil\u00e9s sur la <strong data-start=\"8533\" data-end=\"8552\">Carrera Espinel<\/strong> et \u00e9v\u00e9nements dans les places centrales. Il est organis\u00e9 du <strong data-start=\"8613\" data-end=\"8633\">14 au 22 f\u00e9vrier<\/strong> avec concours de costumes, activit\u00e9s pour enfants et spectacles de groupes locaux. Son cadre urbain donne au carnaval une ambiance <strong data-start=\"8765\" data-end=\"8786\">tr\u00e8s particuli\u00e8re<\/strong>.<\/p>\t\t\t\t\t\t\t\t<\/div>\n\t\t\t\t<\/div>\n\t\t\t\t<div class=\"elementor-element elementor-element-520c006 elementor-arrows-position-inside elementor-pagination-position-outside elementor-widget elementor-widget-image-carousel\" data-id=\"520c006\" data-element_type=\"widget\" data-e-type=\"widget\" data-settings=\"{&quot;navigation&quot;:&quot;both&quot;,&quot;autoplay&quot;:&quot;yes&quot;,&quot;pause_on_hover&quot;:&quot;yes&quot;,&quot;pause_on_interaction&quot;:&quot;yes&quot;,&quot;autoplay_speed&quot;:5000,&quot;infinite&quot;:&quot;yes&quot;,&quot;speed&quot;:500}\" data-widget_type=\"image-carousel.default\">\n\t\t\t\t<div class=\"elementor-widget-container\">\n\t\t\t\t\t\t\t<div class=\"elementor-image-carousel-wrapper swiper\" role=\"region\" aria-roledescription=\"carousel\" aria-label=\"Image Carousel\" dir=\"ltr\">\n\t\t\t<div class=\"elementor-image-carousel swiper-wrapper\" aria-live=\"off\">\n\t\t\t\t\t\t\t\t<div class=\"swiper-slide\" role=\"group\" aria-roledescription=\"slide\" aria-label=\"1 of 4\"><figure class=\"swiper-slide-inner\"><img decoding=\"async\" class=\"swiper-slide-image\" src=\"https:\/\/www.cuboshomes.com\/blog\/wp-content\/uploads\/2026\/01\/ronda1.jpg\" alt=\"ronda1\" \/><\/figure><\/div><div class=\"swiper-slide\" role=\"group\" aria-roledescription=\"slide\" aria-label=\"2 of 4\"><figure class=\"swiper-slide-inner\"><img decoding=\"async\" class=\"swiper-slide-image\" src=\"https:\/\/www.cuboshomes.com\/blog\/wp-content\/uploads\/2026\/01\/ronda2-768x432.webp\" alt=\"ronda2\" \/><\/figure><\/div><div class=\"swiper-slide\" role=\"group\" aria-roledescription=\"slide\" aria-label=\"3 of 4\"><figure class=\"swiper-slide-inner\"><img decoding=\"async\" class=\"swiper-slide-image\" src=\"https:\/\/www.cuboshomes.com\/blog\/wp-content\/uploads\/2026\/01\/ronda17.png\" alt=\"ronda17\" \/><\/figure><\/div><div class=\"swiper-slide\" role=\"group\" aria-roledescription=\"slide\" aria-label=\"4 of 4\"><figure class=\"swiper-slide-inner\"><img decoding=\"async\" class=\"swiper-slide-image\" src=\"https:\/\/www.cuboshomes.com\/blog\/wp-content\/uploads\/2026\/01\/ronda18.png\" alt=\"ronda18\" \/><\/figure><\/div>\t\t\t<\/div>\n\t\t\t\t\t\t\t\t\t\t\t\t<div class=\"elementor-swiper-button elementor-swiper-button-prev\" role=\"button\" tabindex=\"0\">\n\t\t\t\t\t\t<svg aria-hidden=\"true\" class=\"e-font-icon-svg e-eicon-chevron-left\" viewBox=\"0 0 1000 1000\" xmlns=\"http:\/\/www.w3.org\/2000\/svg\"><path d=\"M646 125C629 125 613 133 604 142L308 442C296 454 292 471 292 487 292 504 296 521 308 533L604 854C617 867 629 875 646 875 663 875 679 871 692 858 704 846 713 829 713 812 713 796 708 779 692 767L438 487 692 225C700 217 708 204 708 187 708 171 704 154 692 142 675 129 663 125 646 125Z\"><\/path><\/svg>\t\t\t\t\t<\/div>\n\t\t\t\t\t<div class=\"elementor-swiper-button elementor-swiper-button-next\" role=\"button\" tabindex=\"0\">\n\t\t\t\t\t\t<svg aria-hidden=\"true\" class=\"e-font-icon-svg e-eicon-chevron-right\" viewBox=\"0 0 1000 1000\" xmlns=\"http:\/\/www.w3.org\/2000\/svg\"><path d=\"M696 533C708 521 713 504 713 487 713 471 708 454 696 446L400 146C388 133 375 125 354 125 338 125 325 129 313 142 300 154 292 171 292 187 292 204 296 221 308 233L563 492 304 771C292 783 288 800 288 817 288 833 296 850 308 863 321 871 338 875 354 875 371 875 388 867 400 854L696 533Z\"><\/path><\/svg>\t\t\t\t\t<\/div>\n\t\t\t\t\n\t\t\t\t\t\t\t\t\t<div class=\"swiper-pagination\"><\/div>\n\t\t\t\t\t\t\t\t\t<\/div>\n\t\t\t\t\t\t<\/div>\n\t\t\t\t<\/div>\n\t\t\t\t<\/div>\n\t\t\t\t\t<\/div>\n\t\t\t\t<\/div>\n\t\t<div class=\"elementor-element elementor-element-0917607 e-flex e-con-boxed e-con e-parent\" data-id=\"0917607\" data-element_type=\"container\" data-e-type=\"container\">\n\t\t\t\t\t<div class=\"e-con-inner\">\n\t\t\t\t<div class=\"elementor-element elementor-element-a56f32b elementor-widget elementor-widget-heading\" data-id=\"a56f32b\" data-element_type=\"widget\" data-e-type=\"widget\" data-widget_type=\"heading.default\">\n\t\t\t\t<div class=\"elementor-widget-container\">\n\t\t\t\t\t<h2 class=\"elementor-heading-title elementor-size-default\">\ud83d\udca1 Conseils pour profiter du Carnaval de Malaga 2026<\/h2>\t\t\t\t<\/div>\n\t\t\t\t<\/div>\n\t\t\t\t<div class=\"elementor-element elementor-element-0a5b9a8 elementor-widget elementor-widget-text-editor\" data-id=\"0a5b9a8\" data-element_type=\"widget\" data-e-type=\"widget\" data-widget_type=\"text-editor.default\">\n\t\t\t\t<div class=\"elementor-widget-container\">\n\t\t\t\t\t\t\t\t\t<p>\u2714 R\u00e9servez \u00e0 l\u2019avance si vous voyagez en f\u00e9vrier.<br data-start=\"8904\" data-end=\"8907\" \/>\u2714 Consultez les programmes sur les sites officiels avant de vous d\u00e9placer.<br data-start=\"8981\" data-end=\"8984\" \/>\u2714 Arrivez t\u00f4t aux d\u00e9fil\u00e9s pour \u00e9viter la foule.<br data-start=\"9031\" data-end=\"9034\" \/>\u2714 Utilisez les transports publics pour acc\u00e9der \u00e0 <strong data-start=\"9083\" data-end=\"9100\">Malaga Centre<\/strong>.<br data-start=\"9101\" data-end=\"9104\" \/>\u2714 Go\u00fbtez la gastronomie locale (boquerones, fritures, tapas).<\/p>\t\t\t\t\t\t\t\t<\/div>\n\t\t\t\t<\/div>\n\t\t\t\t<div class=\"elementor-element elementor-element-5579cdf elementor-widget elementor-widget-heading\" data-id=\"5579cdf\" data-element_type=\"widget\" data-e-type=\"widget\" data-widget_type=\"heading.default\">\n\t\t\t\t<div class=\"elementor-widget-container\">\n\t\t\t\t\t<h2 class=\"elementor-heading-title elementor-size-default\">\ud83c\udfe8 O\u00f9 dormir pendant le carnaval<\/h2>\t\t\t\t<\/div>\n\t\t\t\t<\/div>\n\t\t\t\t<div class=\"elementor-element elementor-element-de09850 elementor-widget elementor-widget-text-editor\" data-id=\"de09850\" data-element_type=\"widget\" data-e-type=\"widget\" data-widget_type=\"text-editor.default\">\n\t\t\t\t<div class=\"elementor-widget-container\">\n\t\t\t\t\t\t\t\t\t<p>Selon votre style de voyage :<br data-start=\"9242\" data-end=\"9245\" \/>\ud83c\udfd9\ufe0f <strong data-start=\"9249\" data-end=\"9270\"><a href=\"https:\/\/www.cuboshomes.com\/alquiler\/alquileres-malaga-d980\/\">Malaga capitale<\/a> :<\/strong> id\u00e9al pour acc\u00e9der \u00e0 pied aux \u00e9v\u00e9nements.<br \/>\ud83c\udf0a <strong data-start=\"9318\" data-end=\"9337\">Costa del Sol :<\/strong> combine plage et carnaval (<a href=\"https:\/\/www.cuboshomes.com\/alquiler\/alquileres-torremolinos-d198\/\">Torremolinos<\/a>, <a href=\"https:\/\/www.cuboshomes.com\/alquiler\/alquileres-benalmadena-d207\/vista-lista\/\">Benalm\u00e1dena<\/a>, <a href=\"https:\/\/www.cuboshomes.com\/alquiler\/alquileres-fuengirola-d69\/vista-lista\/\">Fuengirola<\/a>).<br \/>\ud83c\udfde\ufe0f <strong data-start=\"9411\" data-end=\"9438\">Villes de l\u2019int\u00e9rieur :<\/strong> escapades tranquilles avec carnaval (<a href=\"https:\/\/www.cuboshomes.com\/alquiler\/alquileres-alhaurin-el-grande-d67394\/vista-lista\/\">Alhaur\u00edn el Grande<\/a>, <a href=\"https:\/\/www.cuboshomes.com\/alquiler\/alquileres-coin-d868\/vista-lista\/\">Co\u00edn<\/a>, <a href=\"https:\/\/www.cuboshomes.com\/alquiler\/alquileres-cartama-d459404\/vista-lista\/\">C\u00e1rtama<\/a>).<\/p><p data-start=\"9513\" data-end=\"9649\">Si vous avez besoin d\u2019un logement, <a href=\"https:\/\/www.cuboshomes.com\/fr\/\"><strong data-start=\"9548\" data-end=\"9572\">Cubo\u2019s Holiday Homes<\/strong> <\/a>peut vous aider selon la zone, la taille de votre groupe et vos pr\u00e9f\u00e9rences.<\/p>\t\t\t\t\t\t\t\t<\/div>\n\t\t\t\t<\/div>\n\t\t\t\t<div class=\"elementor-element elementor-element-9b826c2 elementor-widget elementor-widget-heading\" data-id=\"9b826c2\" data-element_type=\"widget\" data-e-type=\"widget\" data-widget_type=\"heading.default\">\n\t\t\t\t<div class=\"elementor-widget-container\">\n\t\t\t\t\t<h2 class=\"elementor-heading-title elementor-size-default\">\ud83d\udd17 Liens utiles<\/h2>\t\t\t\t<\/div>\n\t\t\t\t<\/div>\n\t\t\t\t<div class=\"elementor-element elementor-element-22fa6ac elementor-widget elementor-widget-text-editor\" data-id=\"22fa6ac\" data-element_type=\"widget\" data-e-type=\"widget\" data-widget_type=\"text-editor.default\">\n\t\t\t\t<div class=\"elementor-widget-container\">\n\t\t\t\t\t\t\t\t\t<p>\ud83c\udf10 <a href=\"https:\/\/carnavaldemalaga.es\/\"><strong data-start=\"9683\" data-end=\"9716\">Carnaval de Malaga (officiel)<\/strong><\/a><br \/>\ud83c\udf10<strong> <a href=\"https:\/\/www.unientradas.es\/es\/recinto\/FC-01\">Th\u00e9\u00e2tre Cervantes \u2013 billets<\/a><\/strong><br \/><strong>\ud83c\udf10 <a href=\"https:\/\/blog.visitacostadelsol.com\/es\/topic\/cultura\">Tourisme Costa del Sol<\/a><\/strong><\/p>\t\t\t\t\t\t\t\t<\/div>\n\t\t\t\t<\/div>\n\t\t\t\t<div class=\"elementor-element elementor-element-1e88c51 elementor-widget elementor-widget-heading\" data-id=\"1e88c51\" data-element_type=\"widget\" data-e-type=\"widget\" data-widget_type=\"heading.default\">\n\t\t\t\t<div class=\"elementor-widget-container\">\n\t\t\t\t\t<h2 class=\"elementor-heading-title elementor-size-default\">\ud83c\udf89 La province de Malaga vous attend en f\u00e9vrier<\/h2>\t\t\t\t<\/div>\n\t\t\t\t<\/div>\n\t\t\t\t<div class=\"elementor-element elementor-element-38ca456 elementor-widget elementor-widget-text-editor\" data-id=\"38ca456\" data-element_type=\"widget\" data-e-type=\"widget\" data-widget_type=\"text-editor.default\">\n\t\t\t\t<div class=\"elementor-widget-container\">\n\t\t\t\t\t\t\t\t\t<p>Le <strong data-start=\"187\" data-end=\"214\">Carnaval de Malaga 2026<\/strong> est l\u2019un des \u00e9v\u00e9nements d\u2019hiver les plus <strong data-start=\"256\" data-end=\"283\">color\u00e9s de l\u2019Andalousie<\/strong>. Avec des dates confirm\u00e9es, des f\u00eates dans la rue, des concours, de la musique et une gastronomie tr\u00e8s pr\u00e9sente, c\u2019est une excellente occasion de d\u00e9couvrir la province sous un angle diff\u00e9rent. Que ce soit dans la capitale, sur la c\u00f4te ou dans les villages de l\u2019int\u00e9rieur, le carnaval propose des options pour tous les types de voyageurs. Venez vivre des moments inoubliables pendant le Carnaval de Malaga 2026.<\/p>\t\t\t\t\t\t\t\t<\/div>\n\t\t\t\t<\/div>\n\t\t\t\t<div class=\"elementor-element elementor-element-a234fbd elementor-align-center elementor-widget elementor-widget-button\" data-id=\"a234fbd\" data-element_type=\"widget\" data-e-type=\"widget\" data-widget_type=\"button.default\">\n\t\t\t\t<div class=\"elementor-widget-container\">\n\t\t\t\t\t\t\t\t\t<div class=\"elementor-button-wrapper\">\n\t\t\t\t\t<a class=\"elementor-button elementor-button-link elementor-size-sm elementor-animation-pulse\" href=\"\">\n\t\t\t\t\t\t<span class=\"elementor-button-content-wrapper\">\n\t\t\t\t\t\t\t\t\t<span class=\"elementor-button-text\">\u00a1RESERVA AHORA!<\/span>\n\t\t\t\t\t<\/span>\n\t\t\t\t\t<\/a>\n\t\t\t\t<\/div>\n\t\t\t\t\t\t\t\t<\/div>\n\t\t\t\t<\/div>\n\t\t\t\t<div class=\"elementor-element elementor-element-4d76f72 elementor-shape-rounded elementor-grid-0 e-grid-align-center elementor-widget elementor-widget-social-icons\" data-id=\"4d76f72\" data-element_type=\"widget\" data-e-type=\"widget\" data-widget_type=\"social-icons.default\">\n\t\t\t\t<div class=\"elementor-widget-container\">\n\t\t\t\t\t\t\t<div class=\"elementor-social-icons-wrapper elementor-grid\" role=\"list\">\n\t\t\t\t\t\t\t<span class=\"elementor-grid-item\" role=\"listitem\">\n\t\t\t\t\t<a class=\"elementor-icon elementor-social-icon elementor-social-icon-instagram elementor-repeater-item-7984172\" href=\"https:\/\/www.instagram.com\/cuboshomes\/?hl=es\" target=\"_blank\">\n\t\t\t\t\t\t<span class=\"elementor-screen-only\">Instagram<\/span>\n\t\t\t\t\t\t<svg aria-hidden=\"true\" class=\"e-font-icon-svg e-fab-instagram\" viewBox=\"0 0 448 512\" xmlns=\"http:\/\/www.w3.org\/2000\/svg\"><path d=\"M224.1 141c-63.6 0-114.9 51.3-114.9 114.9s51.3 114.9 114.9 114.9S339 319.5 339 255.9 287.7 141 224.1 141zm0 189.6c-41.1 0-74.7-33.5-74.7-74.7s33.5-74.7 74.7-74.7 74.7 33.5 74.7 74.7-33.6 74.7-74.7 74.7zm146.4-194.3c0 14.9-12 26.8-26.8 26.8-14.9 0-26.8-12-26.8-26.8s12-26.8 26.8-26.8 26.8 12 26.8 26.8zm76.1 27.2c-1.7-35.9-9.9-67.7-36.2-93.9-26.2-26.2-58-34.4-93.9-36.2-37-2.1-147.9-2.1-184.9 0-35.8 1.7-67.6 9.9-93.9 36.1s-34.4 58-36.2 93.9c-2.1 37-2.1 147.9 0 184.9 1.7 35.9 9.9 67.7 36.2 93.9s58 34.4 93.9 36.2c37 2.1 147.9 2.1 184.9 0 35.9-1.7 67.7-9.9 93.9-36.2 26.2-26.2 34.4-58 36.2-93.9 2.1-37 2.1-147.8 0-184.8zM398.8 388c-7.8 19.6-22.9 34.7-42.6 42.6-29.5 11.7-99.5 9-132.1 9s-102.7 2.6-132.1-9c-19.6-7.8-34.7-22.9-42.6-42.6-11.7-29.5-9-99.5-9-132.1s-2.6-102.7 9-132.1c7.8-19.6 22.9-34.7 42.6-42.6 29.5-11.7 99.5-9 132.1-9s102.7-2.6 132.1 9c19.6 7.8 34.7 22.9 42.6 42.6 11.7 29.5 9 99.5 9 132.1s2.7 102.7-9 132.1z\"><\/path><\/svg>\t\t\t\t\t<\/a>\n\t\t\t\t<\/span>\n\t\t\t\t\t\t\t<span class=\"elementor-grid-item\" role=\"listitem\">\n\t\t\t\t\t<a class=\"elementor-icon elementor-social-icon elementor-social-icon-facebook elementor-repeater-item-3a59611\" href=\"https:\/\/www.facebook.com\/cuboshomes\/\" target=\"_blank\">\n\t\t\t\t\t\t<span class=\"elementor-screen-only\">Facebook<\/span>\n\t\t\t\t\t\t<svg aria-hidden=\"true\" class=\"e-font-icon-svg e-fab-facebook\" viewBox=\"0 0 512 512\" xmlns=\"http:\/\/www.w3.org\/2000\/svg\"><path d=\"M504 256C504 119 393 8 256 8S8 119 8 256c0 123.78 90.69 226.38 209.25 245V327.69h-63V256h63v-54.64c0-62.15 37-96.48 93.67-96.48 27.14 0 55.52 4.84 55.52 4.84v61h-31.28c-30.8 0-40.41 19.12-40.41 38.73V256h68.78l-11 71.69h-57.78V501C413.31 482.38 504 379.78 504 256z\"><\/path><\/svg>\t\t\t\t\t<\/a>\n\t\t\t\t<\/span>\n\t\t\t\t\t\t\t<span class=\"elementor-grid-item\" role=\"listitem\">\n\t\t\t\t\t<a class=\"elementor-icon elementor-social-icon elementor-social-icon-tiktok elementor-repeater-item-b3ffd54\" href=\"https:\/\/www.tiktok.com\/@cuboshomes?_t=ZN-8uqFRPNfyFy&#038;_r=1\" target=\"_blank\">\n\t\t\t\t\t\t<span class=\"elementor-screen-only\">Tiktok<\/span>\n\t\t\t\t\t\t<svg aria-hidden=\"true\" class=\"e-font-icon-svg e-fab-tiktok\" viewBox=\"0 0 448 512\" xmlns=\"http:\/\/www.w3.org\/2000\/svg\"><path d=\"M448,209.91a210.06,210.06,0,0,1-122.77-39.25V349.38A162.55,162.55,0,1,1,185,188.31V278.2a74.62,74.62,0,1,0,52.23,71.18V0l88,0a121.18,121.18,0,0,0,1.86,22.17h0A122.18,122.18,0,0,0,381,102.39a121.43,121.43,0,0,0,67,20.14Z\"><\/path><\/svg>\t\t\t\t\t<\/a>\n\t\t\t\t<\/span>\n\t\t\t\t\t\t\t<span class=\"elementor-grid-item\" role=\"listitem\">\n\t\t\t\t\t<a class=\"elementor-icon elementor-social-icon elementor-social-icon-youtube elementor-repeater-item-e4bdce2\" href=\"https:\/\/www.youtube.com\/@cubosholidayhomes\" target=\"_blank\">\n\t\t\t\t\t\t<span class=\"elementor-screen-only\">Youtube<\/span>\n\t\t\t\t\t\t<svg aria-hidden=\"true\" class=\"e-font-icon-svg e-fab-youtube\" viewBox=\"0 0 576 512\" xmlns=\"http:\/\/www.w3.org\/2000\/svg\"><path d=\"M549.655 124.083c-6.281-23.65-24.787-42.276-48.284-48.597C458.781 64 288 64 288 64S117.22 64 74.629 75.486c-23.497 6.322-42.003 24.947-48.284 48.597-11.412 42.867-11.412 132.305-11.412 132.305s0 89.438 11.412 132.305c6.281 23.65 24.787 41.5 48.284 47.821C117.22 448 288 448 288 448s170.78 0 213.371-11.486c23.497-6.321 42.003-24.171 48.284-47.821 11.412-42.867 11.412-132.305 11.412-132.305s0-89.438-11.412-132.305zm-317.51 213.508V175.185l142.739 81.205-142.739 81.201z\"><\/path><\/svg>\t\t\t\t\t<\/a>\n\t\t\t\t<\/span>\n\t\t\t\t\t<\/div>\n\t\t\t\t\t\t<\/div>\n\t\t\t\t<\/div>\n\t\t\t\t\t<\/div>\n\t\t\t\t<\/div>\n\t\t\t\t<\/div>\n\t\t","protected":false},"excerpt":{"rendered":"<p>Carnaval de Malaga 2026 : guide complet pour toute la province Le Carnaval de Malaga 2026 se tiendra du 7 au 15 f\u00e9vrier et remplira la capitale et de nombreuses communes de la province avec des d\u00e9fil\u00e9s, des concours, des costumes, de la musique et une gastronomie typique. Ce guide r\u00e9unit les dates cl\u00e9s, les [&hellip;]<\/p>\n","protected":false},"author":4,"featured_media":4692,"comment_status":"open","ping_status":"open","sticky":false,"template":"","format":"standard","meta":{"footnotes":""},"categories":[463,19,2],"tags":[537,405,407],"class_list":["post-4694","post","type-post","status-publish","format-standard","has-post-thumbnail","hentry","category-cultura-fr","category-ocio-fr","category-non-classifiee","tag-carnaval-fr","tag-cultura-fr","tag-malaga-2-fr"],"yoast_head":"<!-- This site is optimized with the Yoast SEO plugin v25.3 - https:\/\/yoast.com\/wordpress\/plugins\/seo\/ -->\n<title>Carnaval Malaga 2026 : dates, \u00e9v\u00e9nements et guide complet<\/title>\n<meta name=\"description\" content=\"D\u00e9couvrez le Carnaval Malaga 2026 : dates, parades et activit\u00e9s dans la ville et dans la province. Infos pratiques pour profiter du carnaval.\" \/>\n<meta name=\"robots\" content=\"index, follow, max-snippet:-1, max-image-preview:large, max-video-preview:-1\" \/>\n<link rel=\"canonical\" href=\"https:\/\/www.cuboshomes.com\/blog\/fr\/carnaval-malaga-2026\/\" \/>\n<meta property=\"og:locale\" content=\"fr_FR\" \/>\n<meta property=\"og:type\" content=\"article\" \/>\n<meta property=\"og:title\" content=\"Carnaval Malaga 2026 : dates, \u00e9v\u00e9nements et guide complet\" \/>\n<meta property=\"og:description\" content=\"D\u00e9couvrez le Carnaval Malaga 2026 : dates, parades et activit\u00e9s dans la ville et dans la province. Infos pratiques pour profiter du carnaval.\" \/>\n<meta property=\"og:url\" content=\"https:\/\/www.cuboshomes.com\/blog\/fr\/carnaval-malaga-2026\/\" \/>\n<meta property=\"og:site_name\" content=\"Blog Cubo&#039;s Holiday Homes\" \/>\n<meta property=\"article:published_time\" content=\"2026-01-23T11:55:13+00:00\" \/>\n<meta property=\"article:modified_time\" content=\"2026-01-23T12:55:10+00:00\" \/>\n<meta property=\"og:image\" content=\"https:\/\/www.cuboshomes.com\/blog\/wp-content\/uploads\/2026\/01\/portada.png\" \/>\n\t<meta property=\"og:image:width\" content=\"1920\" \/>\n\t<meta property=\"og:image:height\" content=\"650\" \/>\n\t<meta property=\"og:image:type\" content=\"image\/png\" \/>\n<meta name=\"author\" content=\"cuboshomes\" \/>\n<meta name=\"twitter:card\" content=\"summary_large_image\" \/>\n<meta name=\"twitter:label1\" content=\"Written by\" \/>\n\t<meta name=\"twitter:data1\" content=\"cuboshomes\" \/>\n\t<meta name=\"twitter:label2\" content=\"Est. reading time\" \/>\n\t<meta name=\"twitter:data2\" content=\"10 minutes\" \/>\n<script type=\"application\/ld+json\" class=\"yoast-schema-graph\">{\"@context\":\"https:\/\/schema.org\",\"@graph\":[{\"@type\":\"WebPage\",\"@id\":\"https:\/\/www.cuboshomes.com\/blog\/fr\/carnaval-malaga-2026\/\",\"url\":\"https:\/\/www.cuboshomes.com\/blog\/fr\/carnaval-malaga-2026\/\",\"name\":\"Carnaval Malaga 2026 : dates, \u00e9v\u00e9nements et guide complet\",\"isPartOf\":{\"@id\":\"https:\/\/www.cuboshomes.com\/blog\/fr\/#website\"},\"primaryImageOfPage\":{\"@id\":\"https:\/\/www.cuboshomes.com\/blog\/fr\/carnaval-malaga-2026\/#primaryimage\"},\"image\":{\"@id\":\"https:\/\/www.cuboshomes.com\/blog\/fr\/carnaval-malaga-2026\/#primaryimage\"},\"thumbnailUrl\":\"https:\/\/www.cuboshomes.com\/blog\/wp-content\/uploads\/2026\/01\/portada.png\",\"datePublished\":\"2026-01-23T11:55:13+00:00\",\"dateModified\":\"2026-01-23T12:55:10+00:00\",\"author\":{\"@id\":\"https:\/\/www.cuboshomes.com\/blog\/fr\/#\/schema\/person\/07d7351e1490c5ee1bc865d8b7866913\"},\"description\":\"D\u00e9couvrez le Carnaval Malaga 2026 : dates, parades et activit\u00e9s dans la ville et dans la province. Infos pratiques pour profiter du carnaval.\",\"breadcrumb\":{\"@id\":\"https:\/\/www.cuboshomes.com\/blog\/fr\/carnaval-malaga-2026\/#breadcrumb\"},\"inLanguage\":\"fr\",\"potentialAction\":[{\"@type\":\"ReadAction\",\"target\":[\"https:\/\/www.cuboshomes.com\/blog\/fr\/carnaval-malaga-2026\/\"]}]},{\"@type\":\"ImageObject\",\"inLanguage\":\"fr\",\"@id\":\"https:\/\/www.cuboshomes.com\/blog\/fr\/carnaval-malaga-2026\/#primaryimage\",\"url\":\"https:\/\/www.cuboshomes.com\/blog\/wp-content\/uploads\/2026\/01\/portada.png\",\"contentUrl\":\"https:\/\/www.cuboshomes.com\/blog\/wp-content\/uploads\/2026\/01\/portada.png\",\"width\":1920,\"height\":650},{\"@type\":\"BreadcrumbList\",\"@id\":\"https:\/\/www.cuboshomes.com\/blog\/fr\/carnaval-malaga-2026\/#breadcrumb\",\"itemListElement\":[{\"@type\":\"ListItem\",\"position\":1,\"name\":\"Portada\",\"item\":\"https:\/\/www.cuboshomes.com\/blog\/fr\/cubos-home-blog-vacances-sur-la-costa-del-sol\/\"},{\"@type\":\"ListItem\",\"position\":2,\"name\":\"Carnaval de Malaga 2026 : guide complet pour toute la province\ud83c\udfad\"}]},{\"@type\":\"WebSite\",\"@id\":\"https:\/\/www.cuboshomes.com\/blog\/fr\/#website\",\"url\":\"https:\/\/www.cuboshomes.com\/blog\/fr\/\",\"name\":\"Blog Cubo&#039;s Holiday Homes\",\"description\":\"\",\"potentialAction\":[{\"@type\":\"SearchAction\",\"target\":{\"@type\":\"EntryPoint\",\"urlTemplate\":\"https:\/\/www.cuboshomes.com\/blog\/fr\/?s={search_term_string}\"},\"query-input\":{\"@type\":\"PropertyValueSpecification\",\"valueRequired\":true,\"valueName\":\"search_term_string\"}}],\"inLanguage\":\"fr\"},{\"@type\":\"Person\",\"@id\":\"https:\/\/www.cuboshomes.com\/blog\/fr\/#\/schema\/person\/07d7351e1490c5ee1bc865d8b7866913\",\"name\":\"cuboshomes\",\"image\":{\"@type\":\"ImageObject\",\"inLanguage\":\"fr\",\"@id\":\"https:\/\/www.cuboshomes.com\/blog\/fr\/#\/schema\/person\/image\/\",\"url\":\"https:\/\/secure.gravatar.com\/avatar\/7a5399cfe1894289644dcbec0fce9dc7?s=96&d=mm&r=g\",\"contentUrl\":\"https:\/\/secure.gravatar.com\/avatar\/7a5399cfe1894289644dcbec0fce9dc7?s=96&d=mm&r=g\",\"caption\":\"cuboshomes\"}}]}<\/script>\n<!-- \/ Yoast SEO plugin. -->","yoast_head_json":{"title":"Carnaval Malaga 2026 : dates, \u00e9v\u00e9nements et guide complet","description":"D\u00e9couvrez le Carnaval Malaga 2026 : dates, parades et activit\u00e9s dans la ville et dans la province. Infos pratiques pour profiter du carnaval.","robots":{"index":"index","follow":"follow","max-snippet":"max-snippet:-1","max-image-preview":"max-image-preview:large","max-video-preview":"max-video-preview:-1"},"canonical":"https:\/\/www.cuboshomes.com\/blog\/fr\/carnaval-malaga-2026\/","og_locale":"fr_FR","og_type":"article","og_title":"Carnaval Malaga 2026 : dates, \u00e9v\u00e9nements et guide complet","og_description":"D\u00e9couvrez le Carnaval Malaga 2026 : dates, parades et activit\u00e9s dans la ville et dans la province. Infos pratiques pour profiter du carnaval.","og_url":"https:\/\/www.cuboshomes.com\/blog\/fr\/carnaval-malaga-2026\/","og_site_name":"Blog Cubo&#039;s Holiday Homes","article_published_time":"2026-01-23T11:55:13+00:00","article_modified_time":"2026-01-23T12:55:10+00:00","og_image":[{"width":1920,"height":650,"url":"https:\/\/www.cuboshomes.com\/blog\/wp-content\/uploads\/2026\/01\/portada.png","type":"image\/png"}],"author":"cuboshomes","twitter_card":"summary_large_image","twitter_misc":{"Written by":"cuboshomes","Est. reading time":"10 minutes"},"schema":{"@context":"https:\/\/schema.org","@graph":[{"@type":"WebPage","@id":"https:\/\/www.cuboshomes.com\/blog\/fr\/carnaval-malaga-2026\/","url":"https:\/\/www.cuboshomes.com\/blog\/fr\/carnaval-malaga-2026\/","name":"Carnaval Malaga 2026 : dates, \u00e9v\u00e9nements et guide complet","isPartOf":{"@id":"https:\/\/www.cuboshomes.com\/blog\/fr\/#website"},"primaryImageOfPage":{"@id":"https:\/\/www.cuboshomes.com\/blog\/fr\/carnaval-malaga-2026\/#primaryimage"},"image":{"@id":"https:\/\/www.cuboshomes.com\/blog\/fr\/carnaval-malaga-2026\/#primaryimage"},"thumbnailUrl":"https:\/\/www.cuboshomes.com\/blog\/wp-content\/uploads\/2026\/01\/portada.png","datePublished":"2026-01-23T11:55:13+00:00","dateModified":"2026-01-23T12:55:10+00:00","author":{"@id":"https:\/\/www.cuboshomes.com\/blog\/fr\/#\/schema\/person\/07d7351e1490c5ee1bc865d8b7866913"},"description":"D\u00e9couvrez le Carnaval Malaga 2026 : dates, parades et activit\u00e9s dans la ville et dans la province. Infos pratiques pour profiter du carnaval.","breadcrumb":{"@id":"https:\/\/www.cuboshomes.com\/blog\/fr\/carnaval-malaga-2026\/#breadcrumb"},"inLanguage":"fr","potentialAction":[{"@type":"ReadAction","target":["https:\/\/www.cuboshomes.com\/blog\/fr\/carnaval-malaga-2026\/"]}]},{"@type":"ImageObject","inLanguage":"fr","@id":"https:\/\/www.cuboshomes.com\/blog\/fr\/carnaval-malaga-2026\/#primaryimage","url":"https:\/\/www.cuboshomes.com\/blog\/wp-content\/uploads\/2026\/01\/portada.png","contentUrl":"https:\/\/www.cuboshomes.com\/blog\/wp-content\/uploads\/2026\/01\/portada.png","width":1920,"height":650},{"@type":"BreadcrumbList","@id":"https:\/\/www.cuboshomes.com\/blog\/fr\/carnaval-malaga-2026\/#breadcrumb","itemListElement":[{"@type":"ListItem","position":1,"name":"Portada","item":"https:\/\/www.cuboshomes.com\/blog\/fr\/cubos-home-blog-vacances-sur-la-costa-del-sol\/"},{"@type":"ListItem","position":2,"name":"Carnaval de Malaga 2026 : guide complet pour toute la province\ud83c\udfad"}]},{"@type":"WebSite","@id":"https:\/\/www.cuboshomes.com\/blog\/fr\/#website","url":"https:\/\/www.cuboshomes.com\/blog\/fr\/","name":"Blog Cubo&#039;s Holiday Homes","description":"","potentialAction":[{"@type":"SearchAction","target":{"@type":"EntryPoint","urlTemplate":"https:\/\/www.cuboshomes.com\/blog\/fr\/?s={search_term_string}"},"query-input":{"@type":"PropertyValueSpecification","valueRequired":true,"valueName":"search_term_string"}}],"inLanguage":"fr"},{"@type":"Person","@id":"https:\/\/www.cuboshomes.com\/blog\/fr\/#\/schema\/person\/07d7351e1490c5ee1bc865d8b7866913","name":"cuboshomes","image":{"@type":"ImageObject","inLanguage":"fr","@id":"https:\/\/www.cuboshomes.com\/blog\/fr\/#\/schema\/person\/image\/","url":"https:\/\/secure.gravatar.com\/avatar\/7a5399cfe1894289644dcbec0fce9dc7?s=96&d=mm&r=g","contentUrl":"https:\/\/secure.gravatar.com\/avatar\/7a5399cfe1894289644dcbec0fce9dc7?s=96&d=mm&r=g","caption":"cuboshomes"}}]}},"_links":{"self":[{"href":"https:\/\/www.cuboshomes.com\/blog\/fr\/wp-json\/wp\/v2\/posts\/4694","targetHints":{"allow":["GET"]}}],"collection":[{"href":"https:\/\/www.cuboshomes.com\/blog\/fr\/wp-json\/wp\/v2\/posts"}],"about":[{"href":"https:\/\/www.cuboshomes.com\/blog\/fr\/wp-json\/wp\/v2\/types\/post"}],"author":[{"embeddable":true,"href":"https:\/\/www.cuboshomes.com\/blog\/fr\/wp-json\/wp\/v2\/users\/4"}],"replies":[{"embeddable":true,"href":"https:\/\/www.cuboshomes.com\/blog\/fr\/wp-json\/wp\/v2\/comments?post=4694"}],"version-history":[{"count":11,"href":"https:\/\/www.cuboshomes.com\/blog\/fr\/wp-json\/wp\/v2\/posts\/4694\/revisions"}],"predecessor-version":[{"id":4725,"href":"https:\/\/www.cuboshomes.com\/blog\/fr\/wp-json\/wp\/v2\/posts\/4694\/revisions\/4725"}],"wp:featuredmedia":[{"embeddable":true,"href":"https:\/\/www.cuboshomes.com\/blog\/fr\/wp-json\/wp\/v2\/media\/4692"}],"wp:attachment":[{"href":"https:\/\/www.cuboshomes.com\/blog\/fr\/wp-json\/wp\/v2\/media?parent=4694"}],"wp:term":[{"taxonomy":"category","embeddable":true,"href":"https:\/\/www.cuboshomes.com\/blog\/fr\/wp-json\/wp\/v2\/categories?post=4694"},{"taxonomy":"post_tag","embeddable":true,"href":"https:\/\/www.cuboshomes.com\/blog\/fr\/wp-json\/wp\/v2\/tags?post=4694"}],"curies":[{"name":"wp","href":"https:\/\/api.w.org\/{rel}","templated":true}]}}