{"id":4481,"date":"2026-01-20T10:01:08","date_gmt":"2026-01-20T10:01:08","guid":{"rendered":"https:\/\/www.cuboshomes.com\/blog\/descubre-las-mejores-rutas-de-senderismo-en-la-provincia-de-malaga\/"},"modified":"2026-01-20T12:36:59","modified_gmt":"2026-01-20T12:36:59","slug":"randonnees-malaga","status":"publish","type":"post","link":"https:\/\/www.cuboshomes.com\/blog\/fr\/randonnees-malaga\/","title":{"rendered":"D\u00e9couvrez les plus beaux sentiers de randonn\u00e9e dans la province de Malaga"},"content":{"rendered":"\t\t<div data-elementor-type=\"wp-post\" data-elementor-id=\"4481\" class=\"elementor elementor-4481 elementor-4365\" data-elementor-post-type=\"post\">\n\t\t\t\t<div class=\"elementor-element elementor-element-5d4fad0 e-flex e-con-boxed e-con e-parent\" data-id=\"5d4fad0\" data-element_type=\"container\" data-e-type=\"container\">\n\t\t\t\t\t<div class=\"e-con-inner\">\n\t\t\t\t<div class=\"elementor-element elementor-element-5f7e5d2 elementor-widget elementor-widget-text-editor\" data-id=\"5f7e5d2\" data-element_type=\"widget\" data-e-type=\"widget\" data-widget_type=\"text-editor.default\">\n\t\t\t\t<div class=\"elementor-widget-container\">\n\t\t\t\t\t\t\t\t\t<p data-start=\"7260\" data-end=\"7510\">Si vous ne savez pas quoi faire \u00e0 Malaga, voici quelques-unes des <strong data-start=\"7326\" data-end=\"7360\">meilleures randonn\u00e9es \u00e0 Malaga<\/strong> et dans ses environs. Gr\u00e2ce \u00e0 son climat doux, ses montagnes et ses gorges, la province offre une grande vari\u00e9t\u00e9 d\u2019itin\u00e9raires pour tous les niveaux.<\/p><p data-start=\"7512\" data-end=\"7724\">Avant de partir, n\u2019oubliez pas de porter des v\u00eatements et des chaussures adapt\u00e9s et confortables, d\u2019emporter suffisamment d\u2019eau et de protection solaire, et de v\u00e9rifier la m\u00e9t\u00e9o afin d\u2019\u00e9viter les fortes chaleurs.<\/p>\t\t\t\t\t\t\t\t<\/div>\n\t\t\t\t<\/div>\n\t\t<div class=\"elementor-element elementor-element-588bc1c e-con-full e-flex e-con e-child\" data-id=\"588bc1c\" data-element_type=\"container\" data-e-type=\"container\">\n\t\t\t\t<div class=\"elementor-element elementor-element-42b5ffc elementor-widget elementor-widget-heading\" data-id=\"42b5ffc\" data-element_type=\"widget\" data-e-type=\"widget\" data-widget_type=\"heading.default\">\n\t\t\t\t<div class=\"elementor-widget-container\">\n\t\t\t\t\t<h2 class=\"elementor-heading-title elementor-size-default\">1. Sentier du Caminito del Rey (Ardales et \u00c1lora)<\/h2>\t\t\t\t<\/div>\n\t\t\t\t<\/div>\n\t\t\t\t<div class=\"elementor-element elementor-element-24f6fd4 elementor-widget elementor-widget-text-editor\" data-id=\"24f6fd4\" data-element_type=\"widget\" data-e-type=\"widget\" data-widget_type=\"text-editor.default\">\n\t\t\t\t<div class=\"elementor-widget-container\">\n\t\t\t\t\t\t\t\t\t<p data-start=\"7786\" data-end=\"8132\">Le <strong data-start=\"7789\" data-end=\"7809\">Caminito del Rey<\/strong> est l\u2019un des sentiers de randonn\u00e9e les plus connus de la province de Malaga. L\u2019itin\u00e9raire suit des passerelles suspendues au-dessus des <strong>gorges de Gaitanes<\/strong>. Son nom vient de la visite du roi Alphonse XIII en 1921 et, en plus, il offre des vues spectaculaires le long d\u2019un chemin bien entretenu dans <strong>un cadre naturel unique<\/strong>.<\/p><p data-start=\"8134\" data-end=\"8431\">Il est conseill\u00e9 d\u2019acheter les billets du Caminito del Rey \u00e0 l\u2019avance et, si vous souhaitez prendre des photos avec moins de monde, d\u2019y aller de bonne heure, quand il y a moins de randonneurs. Vous trouverez ici <a href=\"https:\/\/www.cuboshomes.com\/fr\/location\/locations-ardales-d460113\/\">plusieurs options d\u2019h\u00e9bergement<\/a> \u00e0 Ardales et \u00c1lora pour vous reposer apr\u00e8s la visite.<\/p><p data-start=\"8433\" data-end=\"8517\">\u2705<strong> Donn\u00e9es de la randonn\u00e9e :<\/strong> 7,7 km, difficult\u00e9 moyenne et dur\u00e9e entre 3 et 4 heures.<\/p>\t\t\t\t\t\t\t\t<\/div>\n\t\t\t\t<\/div>\n\t\t<div class=\"elementor-element elementor-element-4cdb994 e-con-full e-flex e-con e-child\" data-id=\"4cdb994\" data-element_type=\"container\" data-e-type=\"container\">\n\t\t\t\t<div class=\"elementor-element elementor-element-95b17df elementor-arrows-position-inside elementor-pagination-position-outside elementor-widget elementor-widget-image-carousel\" data-id=\"95b17df\" data-element_type=\"widget\" data-e-type=\"widget\" data-settings=\"{&quot;navigation&quot;:&quot;both&quot;,&quot;autoplay&quot;:&quot;yes&quot;,&quot;pause_on_hover&quot;:&quot;yes&quot;,&quot;pause_on_interaction&quot;:&quot;yes&quot;,&quot;autoplay_speed&quot;:5000,&quot;infinite&quot;:&quot;yes&quot;,&quot;speed&quot;:500}\" data-widget_type=\"image-carousel.default\">\n\t\t\t\t<div class=\"elementor-widget-container\">\n\t\t\t\t\t\t\t<div class=\"elementor-image-carousel-wrapper swiper\" role=\"region\" aria-roledescription=\"carousel\" aria-label=\"Image Carousel\" dir=\"ltr\">\n\t\t\t<div class=\"elementor-image-carousel swiper-wrapper\" aria-live=\"off\">\n\t\t\t\t\t\t\t\t<div class=\"swiper-slide\" role=\"group\" aria-roledescription=\"slide\" aria-label=\"1 of 4\"><figure class=\"swiper-slide-inner\"><img decoding=\"async\" class=\"swiper-slide-image\" src=\"https:\/\/www.cuboshomes.com\/blog\/wp-content\/uploads\/2026\/01\/Caminito-del-Rey-a-la-sombra-2-768x576.jpg\" alt=\"Caminito-del-Rey-a-la-sombra-2\" \/><\/figure><\/div><div class=\"swiper-slide\" role=\"group\" aria-roledescription=\"slide\" aria-label=\"2 of 4\"><figure class=\"swiper-slide-inner\"><img decoding=\"async\" class=\"swiper-slide-image\" src=\"https:\/\/www.cuboshomes.com\/blog\/wp-content\/uploads\/2026\/01\/Caminito-del-Rey-a-la-sombra-2-768x576.png\" alt=\"Caminito-del-Rey-a-la-sombra-2\" \/><\/figure><\/div><div class=\"swiper-slide\" role=\"group\" aria-roledescription=\"slide\" aria-label=\"3 of 4\"><figure class=\"swiper-slide-inner\"><img decoding=\"async\" class=\"swiper-slide-image\" src=\"https:\/\/www.cuboshomes.com\/blog\/wp-content\/uploads\/2026\/01\/Caminito-del-Rey-a-la-sombra-3-768x576.png\" alt=\"Caminito-del-Rey-a-la-sombra-3\" \/><\/figure><\/div><div class=\"swiper-slide\" role=\"group\" aria-roledescription=\"slide\" aria-label=\"4 of 4\"><figure class=\"swiper-slide-inner\"><img decoding=\"async\" class=\"swiper-slide-image\" src=\"https:\/\/www.cuboshomes.com\/blog\/wp-content\/uploads\/2026\/01\/Caminito-del-Rey-a-la-sombra-4-768x576.png\" alt=\"Caminito-del-Rey-a-la-sombra-4\" \/><\/figure><\/div>\t\t\t<\/div>\n\t\t\t\t\t\t\t\t\t\t\t\t<div class=\"elementor-swiper-button elementor-swiper-button-prev\" role=\"button\" tabindex=\"0\">\n\t\t\t\t\t\t<svg aria-hidden=\"true\" class=\"e-font-icon-svg e-eicon-chevron-left\" viewBox=\"0 0 1000 1000\" xmlns=\"http:\/\/www.w3.org\/2000\/svg\"><path d=\"M646 125C629 125 613 133 604 142L308 442C296 454 292 471 292 487 292 504 296 521 308 533L604 854C617 867 629 875 646 875 663 875 679 871 692 858 704 846 713 829 713 812 713 796 708 779 692 767L438 487 692 225C700 217 708 204 708 187 708 171 704 154 692 142 675 129 663 125 646 125Z\"><\/path><\/svg>\t\t\t\t\t<\/div>\n\t\t\t\t\t<div class=\"elementor-swiper-button elementor-swiper-button-next\" role=\"button\" tabindex=\"0\">\n\t\t\t\t\t\t<svg aria-hidden=\"true\" class=\"e-font-icon-svg e-eicon-chevron-right\" viewBox=\"0 0 1000 1000\" xmlns=\"http:\/\/www.w3.org\/2000\/svg\"><path d=\"M696 533C708 521 713 504 713 487 713 471 708 454 696 446L400 146C388 133 375 125 354 125 338 125 325 129 313 142 300 154 292 171 292 187 292 204 296 221 308 233L563 492 304 771C292 783 288 800 288 817 288 833 296 850 308 863 321 871 338 875 354 875 371 875 388 867 400 854L696 533Z\"><\/path><\/svg>\t\t\t\t\t<\/div>\n\t\t\t\t\n\t\t\t\t\t\t\t\t\t<div class=\"swiper-pagination\"><\/div>\n\t\t\t\t\t\t\t\t\t<\/div>\n\t\t\t\t\t\t<\/div>\n\t\t\t\t<\/div>\n\t\t\t\t<\/div>\n\t\t\t\t<\/div>\n\t\t<div class=\"elementor-element elementor-element-cc676d6 e-con-full e-flex e-con e-child\" data-id=\"cc676d6\" data-element_type=\"container\" data-e-type=\"container\">\n\t\t\t\t<div class=\"elementor-element elementor-element-12f5f49 elementor-widget elementor-widget-heading\" data-id=\"12f5f49\" data-element_type=\"widget\" data-e-type=\"widget\" data-widget_type=\"heading.default\">\n\t\t\t\t<div class=\"elementor-widget-container\">\n\t\t\t\t\t<h2 class=\"elementor-heading-title elementor-size-default\">2. Visiter El Torcal et le Pe\u00f1\u00f3n de los Enamorados (Antequera)<\/h2>\t\t\t\t<\/div>\n\t\t\t\t<\/div>\n\t\t\t\t<div class=\"elementor-element elementor-element-8cc1c0a elementor-widget elementor-widget-text-editor\" data-id=\"8cc1c0a\" data-element_type=\"widget\" data-e-type=\"widget\" data-widget_type=\"text-editor.default\">\n\t\t\t\t<div class=\"elementor-widget-container\">\n\t\t\t\t\t\t\t\t\t<p data-start=\"8592\" data-end=\"9076\">Class\u00e9 au patrimoine mondial de l\u2019UNESCO, <strong data-start=\"8634\" data-end=\"8659\">El Torcal d\u2019Antequera<\/strong> est c\u00e9l\u00e8bre pour son paysage karstique et ses sculptures naturelles en roche calcaire, fa\u00e7onn\u00e9es pendant des millions d\u2019ann\u00e9es par l\u2019\u00e9rosion du vent et de l\u2019eau sur d\u2019anciens s\u00e9diments marins. Le site dispose de plusieurs sentiers balis\u00e9s qui partent du centre des visiteurs et, depuis ce point, il est \u00e9galement possible de monter jusqu\u2019au <strong data-start=\"9001\" data-end=\"9028\">Pe\u00f1\u00f3n de los Enamorados<\/strong>, qui offre une vue panoramique impressionnante.<\/p><p data-start=\"9078\" data-end=\"9425\">Pour toutes ces raisons, El Torcal fait partie des randonn\u00e9es \u00e0 Malaga les plus appr\u00e9ci\u00e9es, notamment pour le calme des lieux, l\u2019air pur et les vues depuis le sommet. La visite peut se faire librement, mais il est recommand\u00e9 de choisir une visite guid\u00e9e pour mieux conna\u00eetre le site. Voici quelques-uns des meilleurs <a href=\"https:\/\/www.cuboshomes.com\/fr\/location\/locations-villanueva-de-la-concepcion-d91153\/\">h\u00e9bergements pr\u00e8s d\u2019El Torcal.<\/a><\/p><p data-start=\"9427\" data-end=\"9592\">\u2705 <strong>Informations sur les sentiers :<\/strong> itin\u00e9raire vert facile, itin\u00e9raire jaune plus long, distance entre 3 et 4 km, difficult\u00e9 facile \u00e0 moyenne et dur\u00e9e de 1 \u00e0 2 heures.<\/p>\t\t\t\t\t\t\t\t<\/div>\n\t\t\t\t<\/div>\n\t\t\t\t<div class=\"elementor-element elementor-element-36645ff elementor-widget elementor-widget-image\" data-id=\"36645ff\" data-element_type=\"widget\" data-e-type=\"widget\" data-widget_type=\"image.default\">\n\t\t\t\t<div class=\"elementor-widget-container\">\n\t\t\t\t\t\t\t\t\t\t\t\t\t\t\t<img decoding=\"async\" src=\"https:\/\/www.cuboshomes.com\/blog\/wp-content\/uploads\/2026\/01\/TORCAL-GRANDE.jpg\" title=\"TORCAL-GRANDE\" alt=\"TORCAL-GRANDE\" loading=\"lazy\" \/>\t\t\t\t\t\t\t\t\t\t\t\t\t\t\t<\/div>\n\t\t\t\t<\/div>\n\t\t\t\t<\/div>\n\t\t<div class=\"elementor-element elementor-element-c2cd83d e-con-full e-flex e-con e-child\" data-id=\"c2cd83d\" data-element_type=\"container\" data-e-type=\"container\">\n\t\t\t\t<div class=\"elementor-element elementor-element-6995105 elementor-widget elementor-widget-heading\" data-id=\"6995105\" data-element_type=\"widget\" data-e-type=\"widget\" data-widget_type=\"heading.default\">\n\t\t\t\t<div class=\"elementor-widget-container\">\n\t\t\t\t\t<h2 class=\"elementor-heading-title elementor-size-default\">3. D\u00e9couvrir le R\u00edo Ch\u00edllar (Nerja)<\/h2>\t\t\t\t<\/div>\n\t\t\t\t<\/div>\n\t\t\t\t<div class=\"elementor-element elementor-element-faf08aa elementor-widget elementor-widget-text-editor\" data-id=\"faf08aa\" data-element_type=\"widget\" data-e-type=\"widget\" data-widget_type=\"text-editor.default\">\n\t\t\t\t<div class=\"elementor-widget-container\">\n\t\t\t\t\t\t\t\t\t<p data-start=\"9640\" data-end=\"9954\">Le <strong data-start=\"9643\" data-end=\"9658\">R\u00edo Ch\u00edllar<\/strong> est une randonn\u00e9e aquatique o\u00f9 l\u2019on remonte le cours de la rivi\u00e8re en passant par des vasques, des parois \u00e9troites, de l\u2019eau fra\u00eeche et des zones ombrag\u00e9es. Pour cette raison, c\u2019est l\u2019une des <strong data-start=\"9851\" data-end=\"9894\">randonn\u00e9es les plus populaires \u00e0 Malaga<\/strong> en \u00e9t\u00e9, id\u00e9ale pour se rafra\u00eechir et \u00e9chapper \u00e0 la chaleur.<\/p><p data-start=\"9956\" data-end=\"10258\">Il y a plusieurs endroits o\u00f9 l\u2019on peut sauter dans les vasques pour les plus courageux et, en plus, il est indispensable de porter des chaussures adapt\u00e9es \u00e0 l\u2019eau. Il est \u00e9galement conseill\u00e9 d\u2019\u00e9viter les jours de tr\u00e8s forte affluence. Nous vous indiquons aussi quelques <a href=\"https:\/\/www.cuboshomes.com\/fr\/location\/locations-torrox-costa-d459338\/\">h\u00e9bergements situ\u00e9s \u00e0 proximit\u00e9.<\/a><\/p><p data-start=\"10260\" data-end=\"10371\">\u2705 <strong>Donn\u00e9es de la randonn\u00e9e:<\/strong> 8 \u00e0 12 km selon le tron\u00e7on choisi, difficult\u00e9 moyenne et dur\u00e9e entre 3 et 5 heures.<\/p>\t\t\t\t\t\t\t\t<\/div>\n\t\t\t\t<\/div>\n\t\t<div class=\"elementor-element elementor-element-e6f2d8e e-con-full e-flex e-con e-child\" data-id=\"e6f2d8e\" data-element_type=\"container\" data-e-type=\"container\">\n\t\t\t\t<div class=\"elementor-element elementor-element-744a801 elementor-widget elementor-widget-video\" data-id=\"744a801\" data-element_type=\"widget\" data-e-type=\"widget\" data-settings=\"{&quot;youtube_url&quot;:&quot;https:\\\/\\\/www.youtube.com\\\/watch?v=HTRAQmmTzlI&quot;,&quot;video_type&quot;:&quot;youtube&quot;,&quot;controls&quot;:&quot;yes&quot;}\" data-widget_type=\"video.default\">\n\t\t\t\t<div class=\"elementor-widget-container\">\n\t\t\t\t\t\t\t<div class=\"elementor-wrapper elementor-open-inline\">\n\t\t\t<div class=\"elementor-video\"><\/div>\t\t<\/div>\n\t\t\t\t\t\t<\/div>\n\t\t\t\t<\/div>\n\t\t\t\t<\/div>\n\t\t\t\t<\/div>\n\t\t<div class=\"elementor-element elementor-element-fb37d61 e-con-full e-flex e-con e-child\" data-id=\"fb37d61\" data-element_type=\"container\" data-e-type=\"container\">\n\t\t\t\t<div class=\"elementor-element elementor-element-d850f7c elementor-widget elementor-widget-heading\" data-id=\"d850f7c\" data-element_type=\"widget\" data-e-type=\"widget\" data-widget_type=\"heading.default\">\n\t\t\t\t<div class=\"elementor-widget-container\">\n\t\t\t\t\t<h2 class=\"elementor-heading-title elementor-size-default\">4. Randonn\u00e9e dans la Sierra de las Nieves (Marbella)<\/h2>\t\t\t\t<\/div>\n\t\t\t\t<\/div>\n\t\t\t\t<div class=\"elementor-element elementor-element-d5a0b5e elementor-widget elementor-widget-text-editor\" data-id=\"d5a0b5e\" data-element_type=\"widget\" data-e-type=\"widget\" data-widget_type=\"text-editor.default\">\n\t\t\t\t<div class=\"elementor-widget-container\">\n\t\t\t\t\t\t\t\t\t<p data-start=\"10436\" data-end=\"10770\">Cette ascension embl\u00e9matique au d\u00e9part de Marbella est l\u2019un des <strong data-start=\"10500\" data-end=\"10537\">itin\u00e9raires de randonn\u00e9e \u00e0 Malaga<\/strong> les plus connus. Le sentier n\u2019est pas technique, mais il demande une bonne condition physique. De plus, le sommet de <strong data-start=\"10655\" data-end=\"10668\">La Concha<\/strong> est un point de vue exceptionnel d\u2019o\u00f9 l\u2019on peut parfois apercevoir la c\u00f4te africaine par temps clair.<\/p><p data-start=\"10772\" data-end=\"11095\">Pour cette raison, dans la <strong data-start=\"10799\" data-end=\"10823\">Sierra de las Nieves<\/strong>, il est recommand\u00e9 d\u2019avoir un peu d\u2019exp\u00e9rience en randonn\u00e9e et de partir t\u00f4t pour \u00e9viter les heures les plus chaudes et ne pas \u00eatre surpris par la nuit. Apr\u00e8s votre randonn\u00e9e dans la Sierra de las Nieves, vous pourrez vous d\u00e9tendre dans l\u2019un<a href=\"https:\/\/www.cuboshomes.com\/fr\/location\/locations-marbella-d27\/\"> des h\u00e9bergements de Marbella<\/a>.<\/p><p data-start=\"11097\" data-end=\"11207\">\u2705<strong> Informations sur la randonn\u00e9e :<\/strong> 14 km de distance, difficult\u00e9 moyenne \u00e0 \u00e9lev\u00e9e et dur\u00e9e entre 5 et 7 heures.<\/p>\t\t\t\t\t\t\t\t<\/div>\n\t\t\t\t<\/div>\n\t\t<div class=\"elementor-element elementor-element-170ea03 e-con-full e-flex e-con e-child\" data-id=\"170ea03\" data-element_type=\"container\" data-e-type=\"container\">\n\t\t\t\t<div class=\"elementor-element elementor-element-662ea34 elementor-arrows-position-inside elementor-pagination-position-outside elementor-widget elementor-widget-image-carousel\" data-id=\"662ea34\" data-element_type=\"widget\" data-e-type=\"widget\" data-settings=\"{&quot;navigation&quot;:&quot;both&quot;,&quot;autoplay&quot;:&quot;yes&quot;,&quot;pause_on_hover&quot;:&quot;yes&quot;,&quot;pause_on_interaction&quot;:&quot;yes&quot;,&quot;autoplay_speed&quot;:5000,&quot;infinite&quot;:&quot;yes&quot;,&quot;speed&quot;:500}\" data-widget_type=\"image-carousel.default\">\n\t\t\t\t<div class=\"elementor-widget-container\">\n\t\t\t\t\t\t\t<div class=\"elementor-image-carousel-wrapper swiper\" role=\"region\" aria-roledescription=\"carousel\" aria-label=\"Image Carousel\" dir=\"ltr\">\n\t\t\t<div class=\"elementor-image-carousel swiper-wrapper\" aria-live=\"off\">\n\t\t\t\t\t\t\t\t<div class=\"swiper-slide\" role=\"group\" aria-roledescription=\"slide\" aria-label=\"1 of 5\"><figure class=\"swiper-slide-inner\"><img decoding=\"async\" class=\"swiper-slide-image\" src=\"https:\/\/www.cuboshomes.com\/blog\/wp-content\/uploads\/2026\/01\/4_SIERRA-DE-LAS-NIEVES-768x514.jpg\" alt=\"4_SIERRA DE LAS NIEVES\" \/><\/figure><\/div><div class=\"swiper-slide\" role=\"group\" aria-roledescription=\"slide\" aria-label=\"2 of 5\"><figure class=\"swiper-slide-inner\"><img decoding=\"async\" class=\"swiper-slide-image\" src=\"https:\/\/www.cuboshomes.com\/blog\/wp-content\/uploads\/2026\/01\/arc_25422_g-768x512.webp\" alt=\"arc_25422_g\" \/><\/figure><\/div><div class=\"swiper-slide\" role=\"group\" aria-roledescription=\"slide\" aria-label=\"3 of 5\"><figure class=\"swiper-slide-inner\"><img decoding=\"async\" class=\"swiper-slide-image\" src=\"https:\/\/www.cuboshomes.com\/blog\/wp-content\/uploads\/2026\/01\/sierra_de_las_nieves-1-768x511.jpg\" alt=\"sierra_de_las_nieves-1\" \/><\/figure><\/div><div class=\"swiper-slide\" role=\"group\" aria-roledescription=\"slide\" aria-label=\"4 of 5\"><figure class=\"swiper-slide-inner\"><img decoding=\"async\" class=\"swiper-slide-image\" src=\"https:\/\/www.cuboshomes.com\/blog\/wp-content\/uploads\/2026\/01\/nieves2-768x512.png\" alt=\"nieves2\" \/><\/figure><\/div><div class=\"swiper-slide\" role=\"group\" aria-roledescription=\"slide\" aria-label=\"5 of 5\"><figure class=\"swiper-slide-inner\"><img decoding=\"async\" class=\"swiper-slide-image\" src=\"https:\/\/www.cuboshomes.com\/blog\/wp-content\/uploads\/2026\/01\/nievesbuena-768x512.png\" alt=\"nievesbuena\" \/><\/figure><\/div>\t\t\t<\/div>\n\t\t\t\t\t\t\t\t\t\t\t\t<div class=\"elementor-swiper-button elementor-swiper-button-prev\" role=\"button\" tabindex=\"0\">\n\t\t\t\t\t\t<svg aria-hidden=\"true\" class=\"e-font-icon-svg e-eicon-chevron-left\" viewBox=\"0 0 1000 1000\" xmlns=\"http:\/\/www.w3.org\/2000\/svg\"><path d=\"M646 125C629 125 613 133 604 142L308 442C296 454 292 471 292 487 292 504 296 521 308 533L604 854C617 867 629 875 646 875 663 875 679 871 692 858 704 846 713 829 713 812 713 796 708 779 692 767L438 487 692 225C700 217 708 204 708 187 708 171 704 154 692 142 675 129 663 125 646 125Z\"><\/path><\/svg>\t\t\t\t\t<\/div>\n\t\t\t\t\t<div class=\"elementor-swiper-button elementor-swiper-button-next\" role=\"button\" tabindex=\"0\">\n\t\t\t\t\t\t<svg aria-hidden=\"true\" class=\"e-font-icon-svg e-eicon-chevron-right\" viewBox=\"0 0 1000 1000\" xmlns=\"http:\/\/www.w3.org\/2000\/svg\"><path d=\"M696 533C708 521 713 504 713 487 713 471 708 454 696 446L400 146C388 133 375 125 354 125 338 125 325 129 313 142 300 154 292 171 292 187 292 204 296 221 308 233L563 492 304 771C292 783 288 800 288 817 288 833 296 850 308 863 321 871 338 875 354 875 371 875 388 867 400 854L696 533Z\"><\/path><\/svg>\t\t\t\t\t<\/div>\n\t\t\t\t\n\t\t\t\t\t\t\t\t\t<div class=\"swiper-pagination\"><\/div>\n\t\t\t\t\t\t\t\t\t<\/div>\n\t\t\t\t\t\t<\/div>\n\t\t\t\t<\/div>\n\t\t\t\t<\/div>\n\t\t\t\t<\/div>\n\t\t<div class=\"elementor-element elementor-element-6283a21 e-con-full e-flex e-con e-child\" data-id=\"6283a21\" data-element_type=\"container\" data-e-type=\"container\">\n\t\t\t\t<div class=\"elementor-element elementor-element-88e420a elementor-widget elementor-widget-heading\" data-id=\"88e420a\" data-element_type=\"widget\" data-e-type=\"widget\" data-widget_type=\"heading.default\">\n\t\t\t\t<div class=\"elementor-widget-container\">\n\t\t\t\t\t<h2 class=\"elementor-heading-title elementor-size-default\">5. Sentier d\u2019El Fuerte (Frigiliana)<\/h2>\t\t\t\t<\/div>\n\t\t\t\t<\/div>\n\t\t\t\t<div class=\"elementor-element elementor-element-9dbf18e elementor-widget elementor-widget-text-editor\" data-id=\"9dbf18e\" data-element_type=\"widget\" data-e-type=\"widget\" data-widget_type=\"text-editor.default\">\n\t\t\t\t<div class=\"elementor-widget-container\">\n\t\t\t\t\t\t\t\t\t<p data-start=\"11255\" data-end=\"11732\">Ce sentier d\u00e9marre dans l\u2019un des plus beaux villages blancs de l\u2019Axarqu\u00eda, sur la c\u00f4te orientale de la province et \u00e0 proximit\u00e9 du R\u00edo Ch\u00edllar. La randonn\u00e9e d\u2019<strong data-start=\"11413\" data-end=\"11426\">El Fuerte<\/strong> \u00e0 Frigiliana combine nature, vues sur la mer et un centre-ville pittoresque o\u00f9 l\u2019on peut prendre des tapas et se promener apr\u00e8s l\u2019effort. En plus, tout pr\u00e8s de Frigiliana se trouvent Nerja, charmante ville c\u00f4ti\u00e8re, ainsi que Maro et ses plages, id\u00e9ales pour la plong\u00e9e avec masque et tuba en M\u00e9diterran\u00e9e.<\/p><p data-start=\"11734\" data-end=\"11907\">En d\u00e9finitive, si vous recherchez des <strong data-start=\"11772\" data-end=\"11795\">randonn\u00e9es \u00e0 Malaga<\/strong>, cette zone est id\u00e9ale pour explorer la r\u00e9gion de l\u2019Axarqu\u00eda et s\u00e9journer \u00e0 <a href=\"https:\/\/www.cuboshomes.com\/fr\/location\/locations-torrox-d158\/\">proximit\u00e9 de plusieurs itin\u00e9raires<\/a>.<\/p><p data-start=\"11909\" data-end=\"12003\">\u2705<strong> Donn\u00e9es de la randonn\u00e9e :<\/strong> 7 km de distance, difficult\u00e9 moyenne et dur\u00e9e entre 3 et 4 heures.<\/p>\t\t\t\t\t\t\t\t<\/div>\n\t\t\t\t<\/div>\n\t\t<div class=\"elementor-element elementor-element-f99bd1d e-con-full e-flex e-con e-child\" data-id=\"f99bd1d\" data-element_type=\"container\" data-e-type=\"container\">\n\t\t\t\t<div class=\"elementor-element elementor-element-f4b4a44 elementor-widget elementor-widget-image\" data-id=\"f4b4a44\" data-element_type=\"widget\" data-e-type=\"widget\" data-widget_type=\"image.default\">\n\t\t\t\t<div class=\"elementor-widget-container\">\n\t\t\t\t\t\t\t\t\t\t\t\t\t\t\t<img decoding=\"async\" src=\"https:\/\/www.cuboshomes.com\/blog\/wp-content\/uploads\/2026\/01\/arc_17118_g.webp\" title=\"arc_17118_g\" alt=\"arc_17118_g\" loading=\"lazy\" \/>\t\t\t\t\t\t\t\t\t\t\t\t\t\t\t<\/div>\n\t\t\t\t<\/div>\n\t\t\t\t<\/div>\n\t\t\t\t<\/div>\n\t\t<div class=\"elementor-element elementor-element-9aca296 e-con-full e-flex e-con e-child\" data-id=\"9aca296\" data-element_type=\"container\" data-e-type=\"container\">\n\t\t\t\t<div class=\"elementor-element elementor-element-771e3b3 elementor-widget elementor-widget-heading\" data-id=\"771e3b3\" data-element_type=\"widget\" data-e-type=\"widget\" data-widget_type=\"heading.default\">\n\t\t\t\t<div class=\"elementor-widget-container\">\n\t\t\t\t\t<h2 class=\"elementor-heading-title elementor-size-default\">6. Randonn\u00e9e \u00e0 la Ca\u00f1ada del Lobo (Torremolinos)<\/h2>\t\t\t\t<\/div>\n\t\t\t\t<\/div>\n\t\t\t\t<div class=\"elementor-element elementor-element-ce1a864 elementor-widget elementor-widget-text-editor\" data-id=\"ce1a864\" data-element_type=\"widget\" data-e-type=\"widget\" data-widget_type=\"text-editor.default\">\n\t\t\t\t<div class=\"elementor-widget-container\">\n\t\t\t\t\t\t\t\t\t<p data-start=\"12064\" data-end=\"12458\">La <strong data-start=\"12067\" data-end=\"12086\">Ca\u00f1ada del Lobo<\/strong> est une randonn\u00e9e de difficult\u00e9 mod\u00e9r\u00e9e, facilement accessible et proche de la ville de Malaga. C\u2019est un itin\u00e9raire tr\u00e8s agr\u00e9able pr\u00e8s de la Costa del Sol, avec un belv\u00e9d\u00e8re remarquable : le <strong data-start=\"12278\" data-end=\"12298\">Mirador del Lobo<\/strong>. Le sentier alterne for\u00eat m\u00e9diterran\u00e9enne et zones ombrag\u00e9es, et se termine par une impressionnante sculpture de loup avec vue sur Torremolinos et le littoral.<\/p><p data-start=\"12460\" data-end=\"12666\">C\u2019est pourquoi il est recommand\u00e9 de partir t\u00f4t \u00e0 la Ca\u00f1ada del Lobo pour \u00e9viter la chaleur et profiter du chemin sans se presser. Pour d\u00e9couvrir la Costa del Sol, voici quelques <a href=\"https:\/\/www.cuboshomes.com\/fr\/location\/locations-torremolinos-d198\/\">h\u00e9bergements \u00e0 Torremolinos.<\/a><\/p><p data-start=\"12668\" data-end=\"12791\">\u2705<strong> Donn\u00e9es de la randonn\u00e9e :<\/strong> environ 8 km selon le tron\u00e7on choisi, difficult\u00e9 facile \u00e0 moyenne et dur\u00e9e entre 2 et 3 heures.<\/p>\t\t\t\t\t\t\t\t<\/div>\n\t\t\t\t<\/div>\n\t\t<div class=\"elementor-element elementor-element-ddbf20c e-con-full e-flex e-con e-child\" data-id=\"ddbf20c\" data-element_type=\"container\" data-e-type=\"container\">\n\t\t\t\t<div class=\"elementor-element elementor-element-6e7295e elementor-widget elementor-widget-html\" data-id=\"6e7295e\" data-element_type=\"widget\" data-e-type=\"widget\" data-widget_type=\"html.default\">\n\t\t\t\t<div class=\"elementor-widget-container\">\n\t\t\t\t\t<iframe frameBorder=\"0\" scrolling=\"no\" src=\"https:\/\/es.wikiloc.com\/wikiloc\/embedv2.do?id=22839621&elevation=off&images=off&maptype=H\" width=\"600\" height=\"500\"><\/iframe><div style=\"color:#777;font-size:11px;line-height:16px;\">Powered by&nbsp;<a style=\"color:#4C8C2B;font-size:11px;line-height:16px;\" target=\"_blank\" href=\"https:\/\/es.wikiloc.com\">Wikiloc<\/a><\/div>\t\t\t\t<\/div>\n\t\t\t\t<\/div>\n\t\t\t\t<\/div>\n\t\t\t\t<\/div>\n\t\t<div class=\"elementor-element elementor-element-395eb82 e-con-full e-flex e-con e-child\" data-id=\"395eb82\" data-element_type=\"container\" data-e-type=\"container\">\n\t\t\t\t<div class=\"elementor-element elementor-element-84a5cf4 elementor-widget elementor-widget-heading\" data-id=\"84a5cf4\" data-element_type=\"widget\" data-e-type=\"widget\" data-widget_type=\"heading.default\">\n\t\t\t\t<div class=\"elementor-widget-container\">\n\t\t\t\t\t<h2 class=\"elementor-heading-title elementor-size-default\">7. Montes de M\u00e1laga<\/h2>\t\t\t\t<\/div>\n\t\t\t\t<\/div>\n\t\t\t\t<div class=\"elementor-element elementor-element-fd3b848 elementor-widget elementor-widget-text-editor\" data-id=\"fd3b848\" data-element_type=\"widget\" data-e-type=\"widget\" data-widget_type=\"text-editor.default\">\n\t\t\t\t<div class=\"elementor-widget-container\">\n\t\t\t\t\t\t\t\t\t<p data-start=\"12823\" data-end=\"13221\">\u00c0 quelques minutes seulement du centre de Malaga, les <strong data-start=\"12877\" data-end=\"12897\">Montes de M\u00e1laga<\/strong> proposent plusieurs <strong data-start=\"12918\" data-end=\"12941\">randonn\u00e9es \u00e0 Malaga<\/strong> avec sentiers balis\u00e9s et aires de pique-nique. De plus, on y trouve plusieurs \u201cventas\u201d et restaurants o\u00f9 d\u00e9guster le fameux \u201cplato de los montes\u201d, un plat typique de la zone. L\u2019id\u00e9al est de s\u2019y rendre au printemps ou en hiver pour profiter de la gastronomie et \u00e9viter la chaleur.<\/p><p data-start=\"13223\" data-end=\"13657\">Les itin\u00e9raires les plus fr\u00e9quent\u00e9s dans les Montes de M\u00e1laga sont <strong data-start=\"13290\" data-end=\"13310\">Cerrado del Le\u00f3n<\/strong>, <strong data-start=\"13312\" data-end=\"13334\">Fuente de la Reina<\/strong> et <strong data-start=\"13338\" data-end=\"13349\">Pocop\u00e1n<\/strong>. Le parc offre de nombreuses possibilit\u00e9s pour les familles, les groupes et les voyageurs sans voiture. Le <strong data-start=\"13457\" data-end=\"13502\">Jard\u00edn Bot\u00e1nico \u2013 Hist\u00f3rico La Concepci\u00f3n<\/strong> se trouve dans la m\u00eame zone et m\u00e9rite une visite pour sa vari\u00e9t\u00e9 et sa beaut\u00e9, ce qui en fait un excellent secteur o\u00f9 chercher un <a href=\"https:\/\/www.cuboshomes.com\/fr\/location\/locations-malaga-d980\/\">h\u00e9bergement \u00e0 proximit\u00e9.<\/a><\/p>\t\t\t\t\t\t\t\t<\/div>\n\t\t\t\t<\/div>\n\t\t<div class=\"elementor-element elementor-element-65eea03 e-con-full e-flex e-con e-child\" data-id=\"65eea03\" data-element_type=\"container\" data-e-type=\"container\">\n\t\t\t\t<div class=\"elementor-element elementor-element-b7ac745 elementor-arrows-position-inside elementor-pagination-position-outside elementor-widget elementor-widget-image-carousel\" data-id=\"b7ac745\" data-element_type=\"widget\" data-e-type=\"widget\" data-settings=\"{&quot;navigation&quot;:&quot;both&quot;,&quot;autoplay&quot;:&quot;yes&quot;,&quot;pause_on_hover&quot;:&quot;yes&quot;,&quot;pause_on_interaction&quot;:&quot;yes&quot;,&quot;autoplay_speed&quot;:5000,&quot;infinite&quot;:&quot;yes&quot;,&quot;speed&quot;:500}\" data-widget_type=\"image-carousel.default\">\n\t\t\t\t<div class=\"elementor-widget-container\">\n\t\t\t\t\t\t\t<div class=\"elementor-image-carousel-wrapper swiper\" role=\"region\" aria-roledescription=\"carousel\" aria-label=\"Image Carousel\" dir=\"ltr\">\n\t\t\t<div class=\"elementor-image-carousel swiper-wrapper\" aria-live=\"off\">\n\t\t\t\t\t\t\t\t<div class=\"swiper-slide\" role=\"group\" aria-roledescription=\"slide\" aria-label=\"1 of 5\"><figure class=\"swiper-slide-inner\"><img decoding=\"async\" class=\"swiper-slide-image\" src=\"https:\/\/www.cuboshomes.com\/blog\/wp-content\/uploads\/2026\/01\/arc_28787_g-768x511.webp\" alt=\"arc_28787_g\" \/><\/figure><\/div><div class=\"swiper-slide\" role=\"group\" aria-roledescription=\"slide\" aria-label=\"2 of 5\"><figure class=\"swiper-slide-inner\"><img decoding=\"async\" class=\"swiper-slide-image\" src=\"https:\/\/www.cuboshomes.com\/blog\/wp-content\/uploads\/2026\/01\/image.webp\" alt=\"image\" \/><\/figure><\/div><div class=\"swiper-slide\" role=\"group\" aria-roledescription=\"slide\" aria-label=\"3 of 5\"><figure class=\"swiper-slide-inner\"><img decoding=\"async\" class=\"swiper-slide-image\" src=\"https:\/\/www.cuboshomes.com\/blog\/wp-content\/uploads\/2026\/01\/arc_28787_g-768x511.png\" alt=\"arc_28787_g\" \/><\/figure><\/div><div class=\"swiper-slide\" role=\"group\" aria-roledescription=\"slide\" aria-label=\"4 of 5\"><figure class=\"swiper-slide-inner\"><img decoding=\"async\" class=\"swiper-slide-image\" src=\"https:\/\/www.cuboshomes.com\/blog\/wp-content\/uploads\/2026\/01\/arc_28787_g3-768x511.png\" alt=\"arc_28787_g3\" \/><\/figure><\/div><div class=\"swiper-slide\" role=\"group\" aria-roledescription=\"slide\" aria-label=\"5 of 5\"><figure class=\"swiper-slide-inner\"><img decoding=\"async\" class=\"swiper-slide-image\" src=\"https:\/\/www.cuboshomes.com\/blog\/wp-content\/uploads\/2026\/01\/arc_28787_g5-768x511.png\" alt=\"arc_28787_g5\" \/><\/figure><\/div>\t\t\t<\/div>\n\t\t\t\t\t\t\t\t\t\t\t\t<div class=\"elementor-swiper-button elementor-swiper-button-prev\" role=\"button\" tabindex=\"0\">\n\t\t\t\t\t\t<svg aria-hidden=\"true\" class=\"e-font-icon-svg e-eicon-chevron-left\" viewBox=\"0 0 1000 1000\" xmlns=\"http:\/\/www.w3.org\/2000\/svg\"><path d=\"M646 125C629 125 613 133 604 142L308 442C296 454 292 471 292 487 292 504 296 521 308 533L604 854C617 867 629 875 646 875 663 875 679 871 692 858 704 846 713 829 713 812 713 796 708 779 692 767L438 487 692 225C700 217 708 204 708 187 708 171 704 154 692 142 675 129 663 125 646 125Z\"><\/path><\/svg>\t\t\t\t\t<\/div>\n\t\t\t\t\t<div class=\"elementor-swiper-button elementor-swiper-button-next\" role=\"button\" tabindex=\"0\">\n\t\t\t\t\t\t<svg aria-hidden=\"true\" class=\"e-font-icon-svg e-eicon-chevron-right\" viewBox=\"0 0 1000 1000\" xmlns=\"http:\/\/www.w3.org\/2000\/svg\"><path d=\"M696 533C708 521 713 504 713 487 713 471 708 454 696 446L400 146C388 133 375 125 354 125 338 125 325 129 313 142 300 154 292 171 292 187 292 204 296 221 308 233L563 492 304 771C292 783 288 800 288 817 288 833 296 850 308 863 321 871 338 875 354 875 371 875 388 867 400 854L696 533Z\"><\/path><\/svg>\t\t\t\t\t<\/div>\n\t\t\t\t\n\t\t\t\t\t\t\t\t\t<div class=\"swiper-pagination\"><\/div>\n\t\t\t\t\t\t\t\t\t<\/div>\n\t\t\t\t\t\t<\/div>\n\t\t\t\t<\/div>\n\t\t\t\t<\/div>\n\t\t\t\t<\/div>\n\t\t<div class=\"elementor-element elementor-element-b202f57 e-con-full e-flex e-con e-child\" data-id=\"b202f57\" data-element_type=\"container\" data-e-type=\"container\">\n\t\t\t\t<div class=\"elementor-element elementor-element-710988f elementor-widget elementor-widget-heading\" data-id=\"710988f\" data-element_type=\"widget\" data-e-type=\"widget\" data-widget_type=\"heading.default\">\n\t\t\t\t<div class=\"elementor-widget-container\">\n\t\t\t\t\t<h2 class=\"elementor-heading-title elementor-size-default\">Recommandations finales<\/h2>\t\t\t\t<\/div>\n\t\t\t\t<\/div>\n\t\t<div class=\"elementor-element elementor-element-5c77098 e-con-full e-flex e-con e-child\" data-id=\"5c77098\" data-element_type=\"container\" data-e-type=\"container\">\n\t\t\t\t<div class=\"elementor-element elementor-element-63095a0 elementor-align-center elementor-widget elementor-widget-button\" data-id=\"63095a0\" data-element_type=\"widget\" data-e-type=\"widget\" data-widget_type=\"button.default\">\n\t\t\t\t<div class=\"elementor-widget-container\">\n\t\t\t\t\t\t\t\t\t<div class=\"elementor-button-wrapper\">\n\t\t\t\t\t<a class=\"elementor-button elementor-button-link elementor-size-sm elementor-animation-pulse\" href=\"\">\n\t\t\t\t\t\t<span class=\"elementor-button-content-wrapper\">\n\t\t\t\t\t\t\t\t\t<span class=\"elementor-button-text\">\u00a1RESERVA AHORA!<\/span>\n\t\t\t\t\t<\/span>\n\t\t\t\t\t<\/a>\n\t\t\t\t<\/div>\n\t\t\t\t\t\t\t\t<\/div>\n\t\t\t\t<\/div>\n\t\t\t\t<\/div>\n\t\t\t\t<div class=\"elementor-element elementor-element-e8b6d65 elementor-widget elementor-widget-text-editor\" data-id=\"e8b6d65\" data-element_type=\"widget\" data-e-type=\"widget\" data-widget_type=\"text-editor.default\">\n\t\t\t\t<div class=\"elementor-widget-container\">\n\t\t\t\t\t\t\t\t\t<p data-start=\"13693\" data-end=\"14033\">Si vous cherchez des <strong data-start=\"13714\" data-end=\"13737\">randonn\u00e9es \u00e0 Malaga<\/strong> pendant votre s\u00e9jour, vous trouverez des options pour les enfants, les familles, les groupes d\u2019amis, les sportifs ou les couples. Entre sentiers c\u00f4tiers, sommets avec vue, rivi\u00e8res et for\u00eats facilement accessibles, la province de Malaga offre une grande diversit\u00e9 de paysages \u00e0 d\u00e9couvrir \u00e0 pied.<\/p><p data-start=\"14035\" data-end=\"14092\">Voici quelques liens utiles pour organiser votre voyage :<\/p><p data-start=\"14094\" data-end=\"14285\">\u2714 <a href=\"https:\/\/laconcepcion.malaga.eu\/es\/visitas\/\">Jard\u00edn Bot\u00e1nico \u2013 Hist\u00f3rico La Concepci\u00f3n \u2013 Billetterie<\/a><br data-start=\"14151\" data-end=\"14154\" \/>\u2714 <a href=\"https:\/\/www.caminitodelrey.info\/\">Caminito del Rey \u2013 Billets officiels<\/a><br data-start=\"14192\" data-end=\"14195\" \/>\u2714<a href=\"https:\/\/www.torcaldeantequera.com\/rutas\/\"> Itin\u00e9raires \u00e0 El Torcal de Antequera<\/a><br data-start=\"14233\" data-end=\"14236\" \/>\u2714 <a href=\"https:\/\/es.wikiloc.com\/rutas\/senderismo\/espana\/andalucia\/malaga\">Wikiloc \u2013 Meilleurs parcours autour de Malaga<\/a><\/p><p data-start=\"14287\" data-end=\"14631\">Chez <strong data-start=\"14292\" data-end=\"14316\">Cubo\u2019s Holiday Homes<\/strong>, nous savons que beaucoup de nos h\u00f4tes aiment combiner ces randonn\u00e9es avec la gastronomie locale, les visites culturelles et le repos dans leur logement. Si vous souhaitez profiter de ces itin\u00e9raires et s\u00e9journer dans des zones bien situ\u00e9es, nous pouvons vous aider \u00e0 trouver la maison de vacances id\u00e9ale \u00e0 Malaga.<\/p>\t\t\t\t\t\t\t\t<\/div>\n\t\t\t\t<\/div>\n\t\t\t\t<\/div>\n\t\t\t\t\t<\/div>\n\t\t\t\t<\/div>\n\t\t<div class=\"elementor-element elementor-element-4efa737 e-flex e-con-boxed e-con e-parent\" data-id=\"4efa737\" data-element_type=\"container\" data-e-type=\"container\">\n\t\t\t\t\t<div class=\"e-con-inner\">\n\t\t\t\t<div class=\"elementor-element elementor-element-2e81924 elementor-shape-rounded elementor-grid-0 e-grid-align-center elementor-widget elementor-widget-social-icons\" data-id=\"2e81924\" data-element_type=\"widget\" data-e-type=\"widget\" data-widget_type=\"social-icons.default\">\n\t\t\t\t<div class=\"elementor-widget-container\">\n\t\t\t\t\t\t\t<div class=\"elementor-social-icons-wrapper elementor-grid\" role=\"list\">\n\t\t\t\t\t\t\t<span class=\"elementor-grid-item\" role=\"listitem\">\n\t\t\t\t\t<a class=\"elementor-icon elementor-social-icon elementor-social-icon-instagram elementor-repeater-item-7984172\" href=\"https:\/\/www.instagram.com\/cuboshomes\/?hl=es\" target=\"_blank\">\n\t\t\t\t\t\t<span class=\"elementor-screen-only\">Instagram<\/span>\n\t\t\t\t\t\t<svg aria-hidden=\"true\" class=\"e-font-icon-svg e-fab-instagram\" viewBox=\"0 0 448 512\" xmlns=\"http:\/\/www.w3.org\/2000\/svg\"><path d=\"M224.1 141c-63.6 0-114.9 51.3-114.9 114.9s51.3 114.9 114.9 114.9S339 319.5 339 255.9 287.7 141 224.1 141zm0 189.6c-41.1 0-74.7-33.5-74.7-74.7s33.5-74.7 74.7-74.7 74.7 33.5 74.7 74.7-33.6 74.7-74.7 74.7zm146.4-194.3c0 14.9-12 26.8-26.8 26.8-14.9 0-26.8-12-26.8-26.8s12-26.8 26.8-26.8 26.8 12 26.8 26.8zm76.1 27.2c-1.7-35.9-9.9-67.7-36.2-93.9-26.2-26.2-58-34.4-93.9-36.2-37-2.1-147.9-2.1-184.9 0-35.8 1.7-67.6 9.9-93.9 36.1s-34.4 58-36.2 93.9c-2.1 37-2.1 147.9 0 184.9 1.7 35.9 9.9 67.7 36.2 93.9s58 34.4 93.9 36.2c37 2.1 147.9 2.1 184.9 0 35.9-1.7 67.7-9.9 93.9-36.2 26.2-26.2 34.4-58 36.2-93.9 2.1-37 2.1-147.8 0-184.8zM398.8 388c-7.8 19.6-22.9 34.7-42.6 42.6-29.5 11.7-99.5 9-132.1 9s-102.7 2.6-132.1-9c-19.6-7.8-34.7-22.9-42.6-42.6-11.7-29.5-9-99.5-9-132.1s-2.6-102.7 9-132.1c7.8-19.6 22.9-34.7 42.6-42.6 29.5-11.7 99.5-9 132.1-9s102.7-2.6 132.1 9c19.6 7.8 34.7 22.9 42.6 42.6 11.7 29.5 9 99.5 9 132.1s2.7 102.7-9 132.1z\"><\/path><\/svg>\t\t\t\t\t<\/a>\n\t\t\t\t<\/span>\n\t\t\t\t\t\t\t<span class=\"elementor-grid-item\" role=\"listitem\">\n\t\t\t\t\t<a class=\"elementor-icon elementor-social-icon elementor-social-icon-facebook elementor-repeater-item-3a59611\" href=\"https:\/\/www.facebook.com\/cuboshomes\/\" target=\"_blank\">\n\t\t\t\t\t\t<span class=\"elementor-screen-only\">Facebook<\/span>\n\t\t\t\t\t\t<svg aria-hidden=\"true\" class=\"e-font-icon-svg e-fab-facebook\" viewBox=\"0 0 512 512\" xmlns=\"http:\/\/www.w3.org\/2000\/svg\"><path d=\"M504 256C504 119 393 8 256 8S8 119 8 256c0 123.78 90.69 226.38 209.25 245V327.69h-63V256h63v-54.64c0-62.15 37-96.48 93.67-96.48 27.14 0 55.52 4.84 55.52 4.84v61h-31.28c-30.8 0-40.41 19.12-40.41 38.73V256h68.78l-11 71.69h-57.78V501C413.31 482.38 504 379.78 504 256z\"><\/path><\/svg>\t\t\t\t\t<\/a>\n\t\t\t\t<\/span>\n\t\t\t\t\t\t\t<span class=\"elementor-grid-item\" role=\"listitem\">\n\t\t\t\t\t<a class=\"elementor-icon elementor-social-icon elementor-social-icon-tiktok elementor-repeater-item-b3ffd54\" href=\"https:\/\/www.tiktok.com\/@cuboshomes?_t=ZN-8uqFRPNfyFy&#038;_r=1\" target=\"_blank\">\n\t\t\t\t\t\t<span class=\"elementor-screen-only\">Tiktok<\/span>\n\t\t\t\t\t\t<svg aria-hidden=\"true\" class=\"e-font-icon-svg e-fab-tiktok\" viewBox=\"0 0 448 512\" xmlns=\"http:\/\/www.w3.org\/2000\/svg\"><path d=\"M448,209.91a210.06,210.06,0,0,1-122.77-39.25V349.38A162.55,162.55,0,1,1,185,188.31V278.2a74.62,74.62,0,1,0,52.23,71.18V0l88,0a121.18,121.18,0,0,0,1.86,22.17h0A122.18,122.18,0,0,0,381,102.39a121.43,121.43,0,0,0,67,20.14Z\"><\/path><\/svg>\t\t\t\t\t<\/a>\n\t\t\t\t<\/span>\n\t\t\t\t\t\t\t<span class=\"elementor-grid-item\" role=\"listitem\">\n\t\t\t\t\t<a class=\"elementor-icon elementor-social-icon elementor-social-icon-youtube elementor-repeater-item-e4bdce2\" href=\"https:\/\/www.youtube.com\/@cubosholidayhomes\" target=\"_blank\">\n\t\t\t\t\t\t<span class=\"elementor-screen-only\">Youtube<\/span>\n\t\t\t\t\t\t<svg aria-hidden=\"true\" class=\"e-font-icon-svg e-fab-youtube\" viewBox=\"0 0 576 512\" xmlns=\"http:\/\/www.w3.org\/2000\/svg\"><path d=\"M549.655 124.083c-6.281-23.65-24.787-42.276-48.284-48.597C458.781 64 288 64 288 64S117.22 64 74.629 75.486c-23.497 6.322-42.003 24.947-48.284 48.597-11.412 42.867-11.412 132.305-11.412 132.305s0 89.438 11.412 132.305c6.281 23.65 24.787 41.5 48.284 47.821C117.22 448 288 448 288 448s170.78 0 213.371-11.486c23.497-6.321 42.003-24.171 48.284-47.821 11.412-42.867 11.412-132.305 11.412-132.305s0-89.438-11.412-132.305zm-317.51 213.508V175.185l142.739 81.205-142.739 81.201z\"><\/path><\/svg>\t\t\t\t\t<\/a>\n\t\t\t\t<\/span>\n\t\t\t\t\t<\/div>\n\t\t\t\t\t\t<\/div>\n\t\t\t\t<\/div>\n\t\t\t\t\t<\/div>\n\t\t\t\t<\/div>\n\t\t\t\t<\/div>\n\t\t","protected":false},"excerpt":{"rendered":"<p>Si vous ne savez pas quoi faire \u00e0 Malaga, voici quelques-unes des meilleures randonn\u00e9es \u00e0 Malaga et dans ses environs. Gr\u00e2ce \u00e0 son climat doux, ses montagnes et ses gorges, la province offre une grande vari\u00e9t\u00e9 d\u2019itin\u00e9raires pour tous les niveaux. Avant de partir, n\u2019oubliez pas de porter des v\u00eatements et des chaussures adapt\u00e9s et [&hellip;]<\/p>\n","protected":false},"author":4,"featured_media":4464,"comment_status":"open","ping_status":"open","sticky":false,"template":"","format":"standard","meta":{"footnotes":""},"categories":[19,451,438,380],"tags":[20,407,22,43,396],"class_list":["post-4481","post","type-post","status-publish","format-standard","has-post-thumbnail","hentry","category-ocio-fr","category-alojamientos-fr","category-le-guide-du-voyageur","category-lugares-fr","tag-costa-del-sol-fr","tag-malaga-2-fr","tag-ocio-fr","tag-senderismo-fr","tag-turismo-fr"],"yoast_head":"<!-- This site is optimized with the Yoast SEO plugin v25.3 - https:\/\/yoast.com\/wordpress\/plugins\/seo\/ -->\n<title>Randonn\u00e9es \u00e0 Malaga : les meilleurs sentiers et conseils pratiques<\/title>\n<meta name=\"description\" content=\"D\u00e9couvrez les meilleures randonn\u00e9es \u00e0 Malaga avec distances, niveaux et conseils pratiques. Explorez la nature \u00e0 votre rythme pendant votre s\u00e9jour.\" \/>\n<meta name=\"robots\" content=\"index, follow, max-snippet:-1, max-image-preview:large, max-video-preview:-1\" \/>\n<link rel=\"canonical\" href=\"https:\/\/www.cuboshomes.com\/blog\/fr\/randonnees-malaga\/\" \/>\n<meta property=\"og:locale\" content=\"fr_FR\" \/>\n<meta property=\"og:type\" content=\"article\" \/>\n<meta property=\"og:title\" content=\"Randonn\u00e9es \u00e0 Malaga : les meilleurs sentiers et conseils pratiques\" \/>\n<meta property=\"og:description\" content=\"D\u00e9couvrez les meilleures randonn\u00e9es \u00e0 Malaga avec distances, niveaux et conseils pratiques. Explorez la nature \u00e0 votre rythme pendant votre s\u00e9jour.\" \/>\n<meta property=\"og:url\" content=\"https:\/\/www.cuboshomes.com\/blog\/fr\/randonnees-malaga\/\" \/>\n<meta property=\"og:site_name\" content=\"Blog Cubo&#039;s Holiday Homes\" \/>\n<meta property=\"article:published_time\" content=\"2026-01-20T10:01:08+00:00\" \/>\n<meta property=\"article:modified_time\" content=\"2026-01-20T12:36:59+00:00\" \/>\n<meta property=\"og:image\" content=\"https:\/\/www.cuboshomes.com\/blog\/wp-content\/uploads\/2024\/12\/portada.png\" \/>\n\t<meta property=\"og:image:width\" content=\"1920\" \/>\n\t<meta property=\"og:image:height\" content=\"648\" \/>\n\t<meta property=\"og:image:type\" content=\"image\/png\" \/>\n<meta name=\"author\" content=\"cuboshomes\" \/>\n<meta name=\"twitter:card\" content=\"summary_large_image\" \/>\n<meta name=\"twitter:label1\" content=\"Written by\" \/>\n\t<meta name=\"twitter:data1\" content=\"cuboshomes\" \/>\n\t<meta name=\"twitter:label2\" content=\"Est. reading time\" \/>\n\t<meta name=\"twitter:data2\" content=\"9 minutes\" \/>\n<script type=\"application\/ld+json\" class=\"yoast-schema-graph\">{\"@context\":\"https:\/\/schema.org\",\"@graph\":[{\"@type\":\"WebPage\",\"@id\":\"https:\/\/www.cuboshomes.com\/blog\/fr\/randonnees-malaga\/\",\"url\":\"https:\/\/www.cuboshomes.com\/blog\/fr\/randonnees-malaga\/\",\"name\":\"Randonn\u00e9es \u00e0 Malaga : les meilleurs sentiers et conseils pratiques\",\"isPartOf\":{\"@id\":\"https:\/\/www.cuboshomes.com\/blog\/fr\/#website\"},\"primaryImageOfPage\":{\"@id\":\"https:\/\/www.cuboshomes.com\/blog\/fr\/randonnees-malaga\/#primaryimage\"},\"image\":{\"@id\":\"https:\/\/www.cuboshomes.com\/blog\/fr\/randonnees-malaga\/#primaryimage\"},\"thumbnailUrl\":\"https:\/\/www.cuboshomes.com\/blog\/wp-content\/uploads\/2024\/12\/portada.png\",\"datePublished\":\"2026-01-20T10:01:08+00:00\",\"dateModified\":\"2026-01-20T12:36:59+00:00\",\"author\":{\"@id\":\"https:\/\/www.cuboshomes.com\/blog\/fr\/#\/schema\/person\/07d7351e1490c5ee1bc865d8b7866913\"},\"description\":\"D\u00e9couvrez les meilleures randonn\u00e9es \u00e0 Malaga avec distances, niveaux et conseils pratiques. Explorez la nature \u00e0 votre rythme pendant votre s\u00e9jour.\",\"breadcrumb\":{\"@id\":\"https:\/\/www.cuboshomes.com\/blog\/fr\/randonnees-malaga\/#breadcrumb\"},\"inLanguage\":\"fr\",\"potentialAction\":[{\"@type\":\"ReadAction\",\"target\":[\"https:\/\/www.cuboshomes.com\/blog\/fr\/randonnees-malaga\/\"]}]},{\"@type\":\"ImageObject\",\"inLanguage\":\"fr\",\"@id\":\"https:\/\/www.cuboshomes.com\/blog\/fr\/randonnees-malaga\/#primaryimage\",\"url\":\"https:\/\/www.cuboshomes.com\/blog\/wp-content\/uploads\/2024\/12\/portada.png\",\"contentUrl\":\"https:\/\/www.cuboshomes.com\/blog\/wp-content\/uploads\/2024\/12\/portada.png\",\"width\":1920,\"height\":648,\"caption\":\"Portada Jard\u00edn de la Concepci\u00f3n\"},{\"@type\":\"BreadcrumbList\",\"@id\":\"https:\/\/www.cuboshomes.com\/blog\/fr\/randonnees-malaga\/#breadcrumb\",\"itemListElement\":[{\"@type\":\"ListItem\",\"position\":1,\"name\":\"Portada\",\"item\":\"https:\/\/www.cuboshomes.com\/blog\/fr\/cubos-home-blog-vacances-sur-la-costa-del-sol\/\"},{\"@type\":\"ListItem\",\"position\":2,\"name\":\"D\u00e9couvrez les plus beaux sentiers de randonn\u00e9e dans la province de Malaga\"}]},{\"@type\":\"WebSite\",\"@id\":\"https:\/\/www.cuboshomes.com\/blog\/fr\/#website\",\"url\":\"https:\/\/www.cuboshomes.com\/blog\/fr\/\",\"name\":\"Blog Cubo&#039;s Holiday Homes\",\"description\":\"\",\"potentialAction\":[{\"@type\":\"SearchAction\",\"target\":{\"@type\":\"EntryPoint\",\"urlTemplate\":\"https:\/\/www.cuboshomes.com\/blog\/fr\/?s={search_term_string}\"},\"query-input\":{\"@type\":\"PropertyValueSpecification\",\"valueRequired\":true,\"valueName\":\"search_term_string\"}}],\"inLanguage\":\"fr\"},{\"@type\":\"Person\",\"@id\":\"https:\/\/www.cuboshomes.com\/blog\/fr\/#\/schema\/person\/07d7351e1490c5ee1bc865d8b7866913\",\"name\":\"cuboshomes\",\"image\":{\"@type\":\"ImageObject\",\"inLanguage\":\"fr\",\"@id\":\"https:\/\/www.cuboshomes.com\/blog\/fr\/#\/schema\/person\/image\/\",\"url\":\"https:\/\/secure.gravatar.com\/avatar\/7a5399cfe1894289644dcbec0fce9dc7?s=96&d=mm&r=g\",\"contentUrl\":\"https:\/\/secure.gravatar.com\/avatar\/7a5399cfe1894289644dcbec0fce9dc7?s=96&d=mm&r=g\",\"caption\":\"cuboshomes\"}}]}<\/script>\n<!-- \/ Yoast SEO plugin. -->","yoast_head_json":{"title":"Randonn\u00e9es \u00e0 Malaga : les meilleurs sentiers et conseils pratiques","description":"D\u00e9couvrez les meilleures randonn\u00e9es \u00e0 Malaga avec distances, niveaux et conseils pratiques. Explorez la nature \u00e0 votre rythme pendant votre s\u00e9jour.","robots":{"index":"index","follow":"follow","max-snippet":"max-snippet:-1","max-image-preview":"max-image-preview:large","max-video-preview":"max-video-preview:-1"},"canonical":"https:\/\/www.cuboshomes.com\/blog\/fr\/randonnees-malaga\/","og_locale":"fr_FR","og_type":"article","og_title":"Randonn\u00e9es \u00e0 Malaga : les meilleurs sentiers et conseils pratiques","og_description":"D\u00e9couvrez les meilleures randonn\u00e9es \u00e0 Malaga avec distances, niveaux et conseils pratiques. Explorez la nature \u00e0 votre rythme pendant votre s\u00e9jour.","og_url":"https:\/\/www.cuboshomes.com\/blog\/fr\/randonnees-malaga\/","og_site_name":"Blog Cubo&#039;s Holiday Homes","article_published_time":"2026-01-20T10:01:08+00:00","article_modified_time":"2026-01-20T12:36:59+00:00","og_image":[{"width":1920,"height":648,"url":"https:\/\/www.cuboshomes.com\/blog\/wp-content\/uploads\/2024\/12\/portada.png","type":"image\/png"}],"author":"cuboshomes","twitter_card":"summary_large_image","twitter_misc":{"Written by":"cuboshomes","Est. reading time":"9 minutes"},"schema":{"@context":"https:\/\/schema.org","@graph":[{"@type":"WebPage","@id":"https:\/\/www.cuboshomes.com\/blog\/fr\/randonnees-malaga\/","url":"https:\/\/www.cuboshomes.com\/blog\/fr\/randonnees-malaga\/","name":"Randonn\u00e9es \u00e0 Malaga : les meilleurs sentiers et conseils pratiques","isPartOf":{"@id":"https:\/\/www.cuboshomes.com\/blog\/fr\/#website"},"primaryImageOfPage":{"@id":"https:\/\/www.cuboshomes.com\/blog\/fr\/randonnees-malaga\/#primaryimage"},"image":{"@id":"https:\/\/www.cuboshomes.com\/blog\/fr\/randonnees-malaga\/#primaryimage"},"thumbnailUrl":"https:\/\/www.cuboshomes.com\/blog\/wp-content\/uploads\/2024\/12\/portada.png","datePublished":"2026-01-20T10:01:08+00:00","dateModified":"2026-01-20T12:36:59+00:00","author":{"@id":"https:\/\/www.cuboshomes.com\/blog\/fr\/#\/schema\/person\/07d7351e1490c5ee1bc865d8b7866913"},"description":"D\u00e9couvrez les meilleures randonn\u00e9es \u00e0 Malaga avec distances, niveaux et conseils pratiques. Explorez la nature \u00e0 votre rythme pendant votre s\u00e9jour.","breadcrumb":{"@id":"https:\/\/www.cuboshomes.com\/blog\/fr\/randonnees-malaga\/#breadcrumb"},"inLanguage":"fr","potentialAction":[{"@type":"ReadAction","target":["https:\/\/www.cuboshomes.com\/blog\/fr\/randonnees-malaga\/"]}]},{"@type":"ImageObject","inLanguage":"fr","@id":"https:\/\/www.cuboshomes.com\/blog\/fr\/randonnees-malaga\/#primaryimage","url":"https:\/\/www.cuboshomes.com\/blog\/wp-content\/uploads\/2024\/12\/portada.png","contentUrl":"https:\/\/www.cuboshomes.com\/blog\/wp-content\/uploads\/2024\/12\/portada.png","width":1920,"height":648,"caption":"Portada Jard\u00edn de la Concepci\u00f3n"},{"@type":"BreadcrumbList","@id":"https:\/\/www.cuboshomes.com\/blog\/fr\/randonnees-malaga\/#breadcrumb","itemListElement":[{"@type":"ListItem","position":1,"name":"Portada","item":"https:\/\/www.cuboshomes.com\/blog\/fr\/cubos-home-blog-vacances-sur-la-costa-del-sol\/"},{"@type":"ListItem","position":2,"name":"D\u00e9couvrez les plus beaux sentiers de randonn\u00e9e dans la province de Malaga"}]},{"@type":"WebSite","@id":"https:\/\/www.cuboshomes.com\/blog\/fr\/#website","url":"https:\/\/www.cuboshomes.com\/blog\/fr\/","name":"Blog Cubo&#039;s Holiday Homes","description":"","potentialAction":[{"@type":"SearchAction","target":{"@type":"EntryPoint","urlTemplate":"https:\/\/www.cuboshomes.com\/blog\/fr\/?s={search_term_string}"},"query-input":{"@type":"PropertyValueSpecification","valueRequired":true,"valueName":"search_term_string"}}],"inLanguage":"fr"},{"@type":"Person","@id":"https:\/\/www.cuboshomes.com\/blog\/fr\/#\/schema\/person\/07d7351e1490c5ee1bc865d8b7866913","name":"cuboshomes","image":{"@type":"ImageObject","inLanguage":"fr","@id":"https:\/\/www.cuboshomes.com\/blog\/fr\/#\/schema\/person\/image\/","url":"https:\/\/secure.gravatar.com\/avatar\/7a5399cfe1894289644dcbec0fce9dc7?s=96&d=mm&r=g","contentUrl":"https:\/\/secure.gravatar.com\/avatar\/7a5399cfe1894289644dcbec0fce9dc7?s=96&d=mm&r=g","caption":"cuboshomes"}}]}},"_links":{"self":[{"href":"https:\/\/www.cuboshomes.com\/blog\/fr\/wp-json\/wp\/v2\/posts\/4481","targetHints":{"allow":["GET"]}}],"collection":[{"href":"https:\/\/www.cuboshomes.com\/blog\/fr\/wp-json\/wp\/v2\/posts"}],"about":[{"href":"https:\/\/www.cuboshomes.com\/blog\/fr\/wp-json\/wp\/v2\/types\/post"}],"author":[{"embeddable":true,"href":"https:\/\/www.cuboshomes.com\/blog\/fr\/wp-json\/wp\/v2\/users\/4"}],"replies":[{"embeddable":true,"href":"https:\/\/www.cuboshomes.com\/blog\/fr\/wp-json\/wp\/v2\/comments?post=4481"}],"version-history":[{"count":31,"href":"https:\/\/www.cuboshomes.com\/blog\/fr\/wp-json\/wp\/v2\/posts\/4481\/revisions"}],"predecessor-version":[{"id":4575,"href":"https:\/\/www.cuboshomes.com\/blog\/fr\/wp-json\/wp\/v2\/posts\/4481\/revisions\/4575"}],"wp:featuredmedia":[{"embeddable":true,"href":"https:\/\/www.cuboshomes.com\/blog\/fr\/wp-json\/wp\/v2\/media\/4464"}],"wp:attachment":[{"href":"https:\/\/www.cuboshomes.com\/blog\/fr\/wp-json\/wp\/v2\/media?parent=4481"}],"wp:term":[{"taxonomy":"category","embeddable":true,"href":"https:\/\/www.cuboshomes.com\/blog\/fr\/wp-json\/wp\/v2\/categories?post=4481"},{"taxonomy":"post_tag","embeddable":true,"href":"https:\/\/www.cuboshomes.com\/blog\/fr\/wp-json\/wp\/v2\/tags?post=4481"}],"curies":[{"name":"wp","href":"https:\/\/api.w.org\/{rel}","templated":true}]}}