{"id":259,"date":"2019-10-31T11:17:43","date_gmt":"2019-10-31T11:17:43","guid":{"rendered":"https:\/\/www.cuboshomes.com\/blog\/otono-en-la-costa-del-sol\/"},"modified":"2019-11-12T12:25:47","modified_gmt":"2019-11-12T12:25:47","slug":"automne-sur-la-costa-del-sol","status":"publish","type":"post","link":"https:\/\/www.cuboshomes.com\/blog\/fr\/automne-sur-la-costa-del-sol\/","title":{"rendered":"Id\u00e9es pour profiter de l&#8217;automne sur la Costa del Sol"},"content":{"rendered":"\n<h4 class=\"wp-block-heading\">  L&#8217;automne arrive et la province de Malaga continue d&#8217;offrir aux visiteurs de nombreux tr\u00e9sors \u00e0 d\u00e9couvrir. L&#8217;automne est le moment id\u00e9al pour d\u00e9couvrir l&#8217;int\u00e9rieur de la province, dives et riche en possibilit\u00e9s, qui vous offrira les meilleurs coins, la meilleure cuisine et le folklore le plus int\u00e9ressant. Nous d\u00e9couvrons ces propositions pour profiter de l&#8217;automne sur la Costa del Sol. <\/h4>\n\n\n\n<h2 class=\"wp-block-heading\"> La For\u00eat de Cuivre <\/h2>\n\n\n\n<p> Notre premi\u00e8re proposition d&#8217;automne sur la Costa del Sol vous m\u00e8nera \u00e0 la <strong>Serran\u00eda de Ronda<\/strong>, plus pr\u00e9cis\u00e9ment \u00e0 la <strong>Vall\u00e9e de Genal<\/strong>. Dans cette zone, vous pouvez appr\u00e9cier l&#8217;une des estampes d&#8217;automne les plus impressionnants de l&#8217;int\u00e9rieur de la province de Malaga. La vall\u00e9e de Genal est une r\u00e9gion abrupte couverte de ch\u00e2taigniers dont les feuilles tombent \u00e0 l&#8217;automne, recouvrant les montagnes de bruns, de jaunes, d&#8217;oranges et d&#8217;ocres.<\/p>\n\n\n\n<figure class=\"wp-block-image\"><img fetchpriority=\"high\" decoding=\"async\" width=\"1181\" height=\"630\" src=\"https:\/\/www.cuboshomes.com\/blog\/wp-content\/uploads\/2019\/10\/propuestas-de-oto\u00f1o-bosque-de-cobre-1181x630.jpg\" alt=\"Senderismo en el Bosque de Cobre\" class=\"wp-image-233\"\/><figcaption> Trekking entre les ch\u00e2taignes dans la for\u00eat de cuivre. Image: To\u00f1i Gallego <\/figcaption><\/figure>\n\n\n\n<p>Les municipalit\u00e9s qui forment la for\u00eat de cuivre ( <a href=\"http:\/\/www.malaga.es\/es\/turismo\/localizacion\/3325\/cnl-105\/alpandeire\">Alpandeire<\/a>, <a href=\"http:\/\/www.malaga.es\/es\/turismo\/localizacion\/3325\/cnl-108\/benadalid\">Benadalid<\/a>, <a href=\"http:\/\/www.malaga.es\/es\/turismo\/localizacion\/3325\/cnl-109\/benalauria\">Benalaur\u00eda<\/a>, <a href=\"http:\/\/www.malaga.es\/es\/turismo\/localizacion\/3325\/cnl-113\/cartajima\">Cartajima<\/a>, <a href=\"http:\/\/www.malaga.es\/es\/turismo\/localizacion\/3325\/cnl-115\/farajan\">Faraj\u00e1n<\/a>, <a href=\"http:\/\/www.malaga.es\/es\/turismo\/localizacion\/3325\/cnl-117\/genalguacil\">Genalguacil<\/a>, <a href=\"http:\/\/www.malaga.es\/es\/turismo\/localizacion\/3325\/cnl-118\/igualeja\">Igualeja<\/a>, <a href=\"http:\/\/www.malaga.es\/es\/turismo\/localizacion\/3325\/cnl-120\/jubrique\">Jubrique<\/a>, <a href=\"http:\/\/www.malaga.es\/es\/turismo\/localizacion\/3325\/cnl-121\/juzcar\">J\u00fazcar<\/a>, <a href=\"http:\/\/www.malaga.es\/es\/turismo\/localizacion\/3325\/cnl-123\/parauta\">Parauta<\/a>, <a href=\"http:\/\/www.malaga.es\/es\/turismo\/localizacion\/3325\/cnl-124\/pujerra\">Pujerra <\/a>y <a href=\"http:\/\/www.malaga.es\/es\/turismo\/localizacion\/3325\/cnl-135\/yunquera\">Yunquera<\/a> ) ont une grande tradition autour du ch\u00e2taignier. Les visiter \u00e0 tout moment de l&#8217;ann\u00e9e et en particulier \u00e0 l\u2019automne est une occasion unique de d\u00e9couvrir de beaux paysages, une gastronomie savoureuse et de nombreuses f\u00eates, certaines d\u00e9clar\u00e9es avec la Singularit\u00e9 Touristique pour leur int\u00e9r\u00eat provincial.<\/p>\n\n\n\n<p>Plus d&#8217;informations sur&nbsp;<a href=\"http:\/\/www.malaga.es\/es\/turismo\/5621\/el-bosque-de-cobre\" target=\"_blank\" rel=\"noreferrer noopener\">http:\/\/www.malaga.es\/es\/turismo\/5621\/el-bosque-de-cobre<\/a><\/p>\n\n\n\n<h2 class=\"wp-block-heading\"> Profitez des vins de Malaga <\/h2>\n\n\n\n<p>\n\nMalaga a une tradition viticole centenaire qui retrouve aujourd&#8217;hui toute sa splendeur gr\u00e2ce \u00e0 la r\u00e9cup\u00e9ration des vignes et \u00e0 la cr\u00e9ation de grands vins dans toute la province.<\/p>\n\n\n\n<figure class=\"wp-block-image\"><img decoding=\"async\" width=\"1181\" height=\"630\" src=\"https:\/\/www.cuboshomes.com\/blog\/wp-content\/uploads\/2019\/10\/enoturismo-malaga-1181x630.jpg\" alt=\"Vi\u00f1edos en Bodega Gonzalo Beltr\u00e1n\" class=\"wp-image-236\"\/><figcaption> Vignobles dans la Serran\u00eda de Ronda. Image: To\u00f1i Gallego <\/figcaption><\/figure>\n\n\n\n<p>Si vous voulez profiter de l&#8217;histoire des vins de Malaga et conna\u00eetre le travail des caves, nous vous recommandons de participer \u00e0 l\u2019une des activit\u00e9s propos\u00e9es par la <strong>Route des vins de Malaga et de Ronda<\/strong>, qui comprend des visites de caves et des d\u00e9gustations. Contrairement aux autres r\u00e9gions de la p\u00e9ninsule o\u00f9 le vin est produit, son orographie est tr\u00e8s accident\u00e9e. Il en r\u00e9sulte des paysages avec des vignobles en pente et dans lesquels les m\u00e9thodes de collecte les plus traditionnelles sont pr\u00e9serv\u00e9es.<\/p>\n\n\n\n<p>Des entreprises comme  <a href=\"http:\/\/www.ciceronesrurales.com\/\">Cicerones Rurales<\/a> ,  <a href=\"http:\/\/www.milamoresronda.com\/\">Milamores<\/a>  ou  <a href=\"https:\/\/www.facebook.com\/enoxperience.axarquia\">Enoexperiences Axarqu\u00eda<\/a>  vous rapprocheront des vignobles et des vignobles de la province de Malaga.<\/p>\n\n\n\n<h2 class=\"wp-block-heading\"> Grand sentier de M\u00e1laga <\/h2>\n\n\n\n<p> Le  <a href=\"http:\/\/www.gransendademalaga.es\/\">Grand Sentier de M\u00e1laga<\/a>  est un itin\u00e9raire unique en Andalousie qui traverse toute la diversit\u00e9 des paysages et de l&#8217;environnement de la province de Malaga. Cet itin\u00e9raire de <strong>745 kilom\u00e8tres divis\u00e9 en 35<\/strong> \u00e9tapes permet aux randonneurs de profiter de la diversit\u00e9 offerte par les municipalit\u00e9s de Malaga: des plages et des falaises de la c\u00f4te de l&#8217;Axarquia aux paysages de montagne de Ronda, des vall\u00e9es pleines de vergers de Guadalhorce ou de la plaines de la zone nord de Malaga. En automne, de nombreuses compagnies proposent des <strong>itin\u00e9raires interpr\u00e9t\u00e9s par le Grand Sentier.<\/strong><\/p>\n\n\n\n<h2 class=\"wp-block-heading\">Ecoreserva Oj\u00e9n<\/h2>\n\n\n\n<p>\u00c0 seulement 10 minutes de Marbella, vous pourrez visiter <strong>l\u2019Eco Reserva Oj\u00e9n<\/strong>, un ancien lieu de chasse g\u00e9r\u00e9 aujourd&#8217;hui par des volontaires de l\u2019environnement de l\u2019Oj\u00e9n et qui abrite un v\u00e9ritable tr\u00e9sor: un <strong>refuge naturel<\/strong> pour la conservation de la nature et l\u2019\u00e9ducation environnementale.<\/p>\n\n\n\n<figure class=\"wp-block-image\"><img decoding=\"async\" width=\"1181\" height=\"630\" src=\"https:\/\/www.cuboshomes.com\/blog\/wp-content\/uploads\/2019\/10\/oto\u00f1o-en-malaga-ecoreserva-1181x630.jpg\" alt=\"Fauna en la Ecoreserva Oj\u00e9n\" class=\"wp-image-239\"\/><figcaption>Muflones, cabra mont\u00e9s y jabal\u00edes en la Ecoreserva Oj\u00e9n. Imagen: To\u00f1i Gallego<\/figcaption><\/figure>\n\n\n\n<p>Ecoreserva Oj\u00e9n, est un lieu id\u00e9al pour les <strong>familles avec enfants<\/strong>, o\u00f9 vous pourrez voir des cerfs, des mouflons et des ch\u00e8vres de montagne, ainsi que vous promener parmi les <strong>ch\u00e2taigniers, les ch\u00eanes-li\u00e8ges et les montagnes de la M\u00e9diterran\u00e9e<\/strong>. Vous pouvez r\u00e9server votre visite sur\u00a0<a rel=\"noreferrer noopener\" href=\"https:\/\/ecoreservaojen.com\/visitanos\" target=\"_blank\">https:\/\/ecoreservaojen.com\/visitanos<\/a>. Par votre visite, vous contribuez \u00e9galement \u00e0 la conservation de cette enclave naturelle. <\/p>\n\n\n\n<h2 class=\"wp-block-heading\">Conna\u00eetre le pass\u00e9 de bandit de Malaga<\/h2>\n\n\n\n<p> Les dernier bandit de Malaga ont toujours suscit\u00e9 l&#8217;int\u00e9r\u00eat des voyageurs. D\u00e9j\u00e0 au XIXe si\u00e8cle, les <strong>voyageurs romantiques<\/strong> racontaient les aventures de ces personnages dans leurs chroniques. Jos\u00e9 Mar\u00eda el Tempranillo, Pasos Largos, Tragabuches, Zamarrilla, Luis Candelas &#8230; ont \u00e9t\u00e9 les protagonistes de chansons, d&#8217;histoires et de l\u00e9gendes dans toute la province de Malaga. Cela a laiss\u00e9 un h\u00e9ritage dans des endroits comme Alameda, o\u00f9 commence la <a href=\"http:\/\/www.rutadeltempranillo.es\">Route du Tempranillo<\/a>, qui comprend des municipalit\u00e9s de Malaga, Cordoue et S\u00e9ville, o\u00f9 vous pourrez profiter des paysages, des l\u00e9gendes et de la cuisine de la r\u00e9gion. Le <a rel=\"noreferrer noopener\" aria-label=\"mus\u00e9e du bandit \u00e0 Ronda (abre en una nueva pesta\u00f1a)\" href=\"http:\/\/www.museobandolero.com\" target=\"_blank\">Mus\u00e9e du Bandit \u00e0 Ronda<\/a> ou <a href=\"https:\/\/www.zamarrilla.es\/ermita\/\" target=\"_blank\" rel=\"noreferrer noopener\" aria-label=\"l'Ermitage de Zamarrilla (abre en una nueva pesta\u00f1a)\">l&#8217;Ermitage de Zamarrilla<\/a> sont d&#8217;autres lieux incontournables pour d\u00e9couvrir le pass\u00e9 des bandits de Malaga.<\/p>\n\n\n\n<h2 class=\"wp-block-heading\">Ol\u00e9otourisme <\/h2>\n\n\n\n<p> L&#8217;automne est une p\u00e9riode de <strong>verdeo<\/strong>\u00a0\u00e0 Malaga. La r\u00e9colte des olives est dite <strong>verdeo<\/strong> ou pour utilisation ult\u00e9rieure comme huile ou comme olive de table. La collecte de l&#8217;olive et son broyage pour une utilisation ult\u00e9rieure en tant\u00a0qu&#8217;<strong>huile\u00a0d&#8217;olive extra vierge<\/strong> jusqu&#8217;\u00e0 son jeu et assaisonn\u00e9e en tant\u00a0qu&#8217;<strong>olive\u00a0de table<\/strong> sont des protagonistes de nombreuses activit\u00e9s qui se d\u00e9roulent dans toute la province. <\/p>\n\n\n\n<figure class=\"wp-block-image\"><img loading=\"lazy\" decoding=\"async\" width=\"1499\" height=\"470\" src=\"https:\/\/www.cuboshomes.com\/blog\/wp-content\/uploads\/2019\/10\/propuestas-oto\u00f1o-malaga-molisur-1.jpg\" alt=\"Cata de Aceites en Molisur\" class=\"wp-image-245\" srcset=\"https:\/\/www.cuboshomes.com\/blog\/wp-content\/uploads\/2019\/10\/propuestas-oto\u00f1o-malaga-molisur-1.jpg 1499w, https:\/\/www.cuboshomes.com\/blog\/wp-content\/uploads\/2019\/10\/propuestas-oto\u00f1o-malaga-molisur-1-768x241.jpg 768w\" sizes=\"(max-width: 1499px) 100vw, 1499px\" \/><figcaption> D\u00e9gustation d&#8217;huile \u00e0 Molisur. Image: Molisur. <\/figcaption><\/figure>\n\n\n\n<p> \u00c0 Alhaur\u00edn el Grande, vous pouvez visiter le moulin \u00e0 huile  <a href=\"http:\/\/www.aceitesmolisur.es\/es\/content\/10-oleoturismo\"><strong>Molisu<\/strong>r<\/a>  o\u00f9 vous pourrez en apprendre davantage sur tout le processus de collecte, de s\u00e9lection, de tri et de mouture de l&#8217;huile d&#8217;olive extra vierge, qui se termine par une d\u00e9gustation des huiles prim\u00e9es au niveau international et avec la possibilit\u00e9 de les acqu\u00e9rir pour les ramener \u00e0 la maison.<\/p>\n\n\n\n<p>Si vous souhaitez conna\u00eetre le <strong>processus de fabrication de l&#8217;olive de table<\/strong>, \u00e0 <strong>Alozaina<\/strong>, vous pourrez profiter du  <a href=\"https:\/\/ciceronesrurales.com\/experiencias\/alorena-olive-tour\/\">Alore\u00f1a Olive Tour<\/a> , une activit\u00e9 d&#8217;une journ\u00e9e comprenant une promenade dans une oliveraie centenaire, un atelier de production d&#8217;olives et un d\u00e9jeuner.<\/p>\n\n\n\n<p>Si vous souhaitez conna\u00eetre plus de propositions pour profiter de notre automne, visitez notre blog\u00a0<a href=\"https:\/\/www.cuboshomes.com\/blog\/fr\/marches-de-malaga\/\" target=\"_blank\" rel=\"noreferrer noopener\" aria-label=\"March\u00e9s de M\u00e1laga (abre en una nueva pesta\u00f1a)\">March\u00e9s de M\u00e1laga<\/a>. <\/p>\n","protected":false},"excerpt":{"rendered":"<p>L&#8217;automne arrive et la province de Malaga continue d&#8217;offrir aux visiteurs de nombreux tr\u00e9sors \u00e0 d\u00e9couvrir. L&#8217;automne est le moment id\u00e9al pour d\u00e9couvrir l&#8217;int\u00e9rieur de la province, dives et riche en possibilit\u00e9s, qui vous offrira les meilleurs coins, la meilleure cuisine et le folklore le plus int\u00e9ressant. Nous d\u00e9couvrons ces propositions pour profiter de l&#8217;automne [&hellip;]<\/p>\n","protected":false},"author":4,"featured_media":235,"comment_status":"open","ping_status":"open","sticky":false,"template":"","format":"standard","meta":{"footnotes":""},"categories":[19],"tags":[5,7,48,32],"class_list":["post-259","post","type-post","status-publish","format-standard","has-post-thumbnail","hentry","category-ocio-fr","tag-costa-del-sol","tag-gastronomia","tag-otono","tag-senderismo"],"yoast_head":"<!-- This site is optimized with the Yoast SEO plugin v25.3 - https:\/\/yoast.com\/wordpress\/plugins\/seo\/ -->\n<title>Id\u00e9es pour profiter de l&#039;automne sur la Costa del Sol - Blog Cubo&#039;s Holiday Homes<\/title>\n<meta name=\"description\" content=\"Nous d\u00e9couvrons ces propositions pour profiter de l&#039;automne sur la Costa del Sol.\" \/>\n<meta name=\"robots\" content=\"index, follow, max-snippet:-1, max-image-preview:large, max-video-preview:-1\" \/>\n<link rel=\"canonical\" href=\"https:\/\/www.cuboshomes.com\/blog\/fr\/automne-sur-la-costa-del-sol\/\" \/>\n<meta property=\"og:locale\" content=\"fr_FR\" \/>\n<meta property=\"og:type\" content=\"article\" \/>\n<meta property=\"og:title\" content=\"Id\u00e9es pour profiter de l&#039;automne sur la Costa del Sol - Blog Cubo&#039;s Holiday Homes\" \/>\n<meta property=\"og:description\" content=\"Nous d\u00e9couvrons ces propositions pour profiter de l&#039;automne sur la Costa del Sol.\" \/>\n<meta property=\"og:url\" content=\"https:\/\/www.cuboshomes.com\/blog\/fr\/automne-sur-la-costa-del-sol\/\" \/>\n<meta property=\"og:site_name\" content=\"Blog Cubo&#039;s Holiday Homes\" \/>\n<meta property=\"article:published_time\" content=\"2019-10-31T11:17:43+00:00\" \/>\n<meta property=\"article:modified_time\" content=\"2019-11-12T12:25:47+00:00\" \/>\n<meta property=\"og:image\" content=\"https:\/\/www.cuboshomes.com\/blog\/wp-content\/uploads\/2019\/10\/propuestas-de-oto\u00f1o-bosque-de-cobre.jpg\" \/>\n\t<meta property=\"og:image:width\" content=\"1181\" \/>\n\t<meta property=\"og:image:height\" content=\"664\" \/>\n\t<meta property=\"og:image:type\" content=\"image\/jpeg\" \/>\n<meta name=\"author\" content=\"cuboshomes\" \/>\n<meta name=\"twitter:card\" content=\"summary_large_image\" \/>\n<meta name=\"twitter:label1\" content=\"Written by\" \/>\n\t<meta name=\"twitter:data1\" content=\"cuboshomes\" \/>\n\t<meta name=\"twitter:label2\" content=\"Est. reading time\" \/>\n\t<meta name=\"twitter:data2\" content=\"5 minutes\" \/>\n<script type=\"application\/ld+json\" class=\"yoast-schema-graph\">{\"@context\":\"https:\/\/schema.org\",\"@graph\":[{\"@type\":\"WebPage\",\"@id\":\"https:\/\/www.cuboshomes.com\/blog\/fr\/automne-sur-la-costa-del-sol\/\",\"url\":\"https:\/\/www.cuboshomes.com\/blog\/fr\/automne-sur-la-costa-del-sol\/\",\"name\":\"Id\u00e9es pour profiter de l'automne sur la Costa del Sol - Blog Cubo&#039;s Holiday Homes\",\"isPartOf\":{\"@id\":\"https:\/\/www.cuboshomes.com\/blog\/fr\/#website\"},\"primaryImageOfPage\":{\"@id\":\"https:\/\/www.cuboshomes.com\/blog\/fr\/automne-sur-la-costa-del-sol\/#primaryimage\"},\"image\":{\"@id\":\"https:\/\/www.cuboshomes.com\/blog\/fr\/automne-sur-la-costa-del-sol\/#primaryimage\"},\"thumbnailUrl\":\"https:\/\/www.cuboshomes.com\/blog\/wp-content\/uploads\/2019\/10\/propuestas-de-oto\u00f1o-bosque-de-cobre.jpg\",\"datePublished\":\"2019-10-31T11:17:43+00:00\",\"dateModified\":\"2019-11-12T12:25:47+00:00\",\"author\":{\"@id\":\"https:\/\/www.cuboshomes.com\/blog\/fr\/#\/schema\/person\/07d7351e1490c5ee1bc865d8b7866913\"},\"description\":\"Nous d\u00e9couvrons ces propositions pour profiter de l'automne sur la Costa del Sol.\",\"breadcrumb\":{\"@id\":\"https:\/\/www.cuboshomes.com\/blog\/fr\/automne-sur-la-costa-del-sol\/#breadcrumb\"},\"inLanguage\":\"fr\",\"potentialAction\":[{\"@type\":\"ReadAction\",\"target\":[\"https:\/\/www.cuboshomes.com\/blog\/fr\/automne-sur-la-costa-del-sol\/\"]}]},{\"@type\":\"ImageObject\",\"inLanguage\":\"fr\",\"@id\":\"https:\/\/www.cuboshomes.com\/blog\/fr\/automne-sur-la-costa-del-sol\/#primaryimage\",\"url\":\"https:\/\/www.cuboshomes.com\/blog\/wp-content\/uploads\/2019\/10\/propuestas-de-oto\u00f1o-bosque-de-cobre.jpg\",\"contentUrl\":\"https:\/\/www.cuboshomes.com\/blog\/wp-content\/uploads\/2019\/10\/propuestas-de-oto\u00f1o-bosque-de-cobre.jpg\",\"width\":1181,\"height\":664,\"caption\":\"oto\u00f1o en la costa del sol\"},{\"@type\":\"BreadcrumbList\",\"@id\":\"https:\/\/www.cuboshomes.com\/blog\/fr\/automne-sur-la-costa-del-sol\/#breadcrumb\",\"itemListElement\":[{\"@type\":\"ListItem\",\"position\":1,\"name\":\"Portada\",\"item\":\"https:\/\/www.cuboshomes.com\/blog\/fr\/cubos-home-blog-vacances-sur-la-costa-del-sol\/\"},{\"@type\":\"ListItem\",\"position\":2,\"name\":\"Id\u00e9es pour profiter de l&rsquo;automne sur la Costa del Sol\"}]},{\"@type\":\"WebSite\",\"@id\":\"https:\/\/www.cuboshomes.com\/blog\/fr\/#website\",\"url\":\"https:\/\/www.cuboshomes.com\/blog\/fr\/\",\"name\":\"Blog Cubo&#039;s Holiday Homes\",\"description\":\"\",\"potentialAction\":[{\"@type\":\"SearchAction\",\"target\":{\"@type\":\"EntryPoint\",\"urlTemplate\":\"https:\/\/www.cuboshomes.com\/blog\/fr\/?s={search_term_string}\"},\"query-input\":{\"@type\":\"PropertyValueSpecification\",\"valueRequired\":true,\"valueName\":\"search_term_string\"}}],\"inLanguage\":\"fr\"},{\"@type\":\"Person\",\"@id\":\"https:\/\/www.cuboshomes.com\/blog\/fr\/#\/schema\/person\/07d7351e1490c5ee1bc865d8b7866913\",\"name\":\"cuboshomes\",\"image\":{\"@type\":\"ImageObject\",\"inLanguage\":\"fr\",\"@id\":\"https:\/\/www.cuboshomes.com\/blog\/fr\/#\/schema\/person\/image\/\",\"url\":\"https:\/\/secure.gravatar.com\/avatar\/7a5399cfe1894289644dcbec0fce9dc7?s=96&d=mm&r=g\",\"contentUrl\":\"https:\/\/secure.gravatar.com\/avatar\/7a5399cfe1894289644dcbec0fce9dc7?s=96&d=mm&r=g\",\"caption\":\"cuboshomes\"}}]}<\/script>\n<!-- \/ Yoast SEO plugin. -->","yoast_head_json":{"title":"Id\u00e9es pour profiter de l'automne sur la Costa del Sol - Blog Cubo&#039;s Holiday Homes","description":"Nous d\u00e9couvrons ces propositions pour profiter de l'automne sur la Costa del Sol.","robots":{"index":"index","follow":"follow","max-snippet":"max-snippet:-1","max-image-preview":"max-image-preview:large","max-video-preview":"max-video-preview:-1"},"canonical":"https:\/\/www.cuboshomes.com\/blog\/fr\/automne-sur-la-costa-del-sol\/","og_locale":"fr_FR","og_type":"article","og_title":"Id\u00e9es pour profiter de l'automne sur la Costa del Sol - Blog Cubo&#039;s Holiday Homes","og_description":"Nous d\u00e9couvrons ces propositions pour profiter de l'automne sur la Costa del Sol.","og_url":"https:\/\/www.cuboshomes.com\/blog\/fr\/automne-sur-la-costa-del-sol\/","og_site_name":"Blog Cubo&#039;s Holiday Homes","article_published_time":"2019-10-31T11:17:43+00:00","article_modified_time":"2019-11-12T12:25:47+00:00","og_image":[{"width":1181,"height":664,"url":"https:\/\/www.cuboshomes.com\/blog\/wp-content\/uploads\/2019\/10\/propuestas-de-oto\u00f1o-bosque-de-cobre.jpg","type":"image\/jpeg"}],"author":"cuboshomes","twitter_card":"summary_large_image","twitter_misc":{"Written by":"cuboshomes","Est. reading time":"5 minutes"},"schema":{"@context":"https:\/\/schema.org","@graph":[{"@type":"WebPage","@id":"https:\/\/www.cuboshomes.com\/blog\/fr\/automne-sur-la-costa-del-sol\/","url":"https:\/\/www.cuboshomes.com\/blog\/fr\/automne-sur-la-costa-del-sol\/","name":"Id\u00e9es pour profiter de l'automne sur la Costa del Sol - Blog Cubo&#039;s Holiday Homes","isPartOf":{"@id":"https:\/\/www.cuboshomes.com\/blog\/fr\/#website"},"primaryImageOfPage":{"@id":"https:\/\/www.cuboshomes.com\/blog\/fr\/automne-sur-la-costa-del-sol\/#primaryimage"},"image":{"@id":"https:\/\/www.cuboshomes.com\/blog\/fr\/automne-sur-la-costa-del-sol\/#primaryimage"},"thumbnailUrl":"https:\/\/www.cuboshomes.com\/blog\/wp-content\/uploads\/2019\/10\/propuestas-de-oto\u00f1o-bosque-de-cobre.jpg","datePublished":"2019-10-31T11:17:43+00:00","dateModified":"2019-11-12T12:25:47+00:00","author":{"@id":"https:\/\/www.cuboshomes.com\/blog\/fr\/#\/schema\/person\/07d7351e1490c5ee1bc865d8b7866913"},"description":"Nous d\u00e9couvrons ces propositions pour profiter de l'automne sur la Costa del Sol.","breadcrumb":{"@id":"https:\/\/www.cuboshomes.com\/blog\/fr\/automne-sur-la-costa-del-sol\/#breadcrumb"},"inLanguage":"fr","potentialAction":[{"@type":"ReadAction","target":["https:\/\/www.cuboshomes.com\/blog\/fr\/automne-sur-la-costa-del-sol\/"]}]},{"@type":"ImageObject","inLanguage":"fr","@id":"https:\/\/www.cuboshomes.com\/blog\/fr\/automne-sur-la-costa-del-sol\/#primaryimage","url":"https:\/\/www.cuboshomes.com\/blog\/wp-content\/uploads\/2019\/10\/propuestas-de-oto\u00f1o-bosque-de-cobre.jpg","contentUrl":"https:\/\/www.cuboshomes.com\/blog\/wp-content\/uploads\/2019\/10\/propuestas-de-oto\u00f1o-bosque-de-cobre.jpg","width":1181,"height":664,"caption":"oto\u00f1o en la costa del sol"},{"@type":"BreadcrumbList","@id":"https:\/\/www.cuboshomes.com\/blog\/fr\/automne-sur-la-costa-del-sol\/#breadcrumb","itemListElement":[{"@type":"ListItem","position":1,"name":"Portada","item":"https:\/\/www.cuboshomes.com\/blog\/fr\/cubos-home-blog-vacances-sur-la-costa-del-sol\/"},{"@type":"ListItem","position":2,"name":"Id\u00e9es pour profiter de l&rsquo;automne sur la Costa del Sol"}]},{"@type":"WebSite","@id":"https:\/\/www.cuboshomes.com\/blog\/fr\/#website","url":"https:\/\/www.cuboshomes.com\/blog\/fr\/","name":"Blog Cubo&#039;s Holiday Homes","description":"","potentialAction":[{"@type":"SearchAction","target":{"@type":"EntryPoint","urlTemplate":"https:\/\/www.cuboshomes.com\/blog\/fr\/?s={search_term_string}"},"query-input":{"@type":"PropertyValueSpecification","valueRequired":true,"valueName":"search_term_string"}}],"inLanguage":"fr"},{"@type":"Person","@id":"https:\/\/www.cuboshomes.com\/blog\/fr\/#\/schema\/person\/07d7351e1490c5ee1bc865d8b7866913","name":"cuboshomes","image":{"@type":"ImageObject","inLanguage":"fr","@id":"https:\/\/www.cuboshomes.com\/blog\/fr\/#\/schema\/person\/image\/","url":"https:\/\/secure.gravatar.com\/avatar\/7a5399cfe1894289644dcbec0fce9dc7?s=96&d=mm&r=g","contentUrl":"https:\/\/secure.gravatar.com\/avatar\/7a5399cfe1894289644dcbec0fce9dc7?s=96&d=mm&r=g","caption":"cuboshomes"}}]}},"_links":{"self":[{"href":"https:\/\/www.cuboshomes.com\/blog\/fr\/wp-json\/wp\/v2\/posts\/259","targetHints":{"allow":["GET"]}}],"collection":[{"href":"https:\/\/www.cuboshomes.com\/blog\/fr\/wp-json\/wp\/v2\/posts"}],"about":[{"href":"https:\/\/www.cuboshomes.com\/blog\/fr\/wp-json\/wp\/v2\/types\/post"}],"author":[{"embeddable":true,"href":"https:\/\/www.cuboshomes.com\/blog\/fr\/wp-json\/wp\/v2\/users\/4"}],"replies":[{"embeddable":true,"href":"https:\/\/www.cuboshomes.com\/blog\/fr\/wp-json\/wp\/v2\/comments?post=259"}],"version-history":[{"count":2,"href":"https:\/\/www.cuboshomes.com\/blog\/fr\/wp-json\/wp\/v2\/posts\/259\/revisions"}],"predecessor-version":[{"id":262,"href":"https:\/\/www.cuboshomes.com\/blog\/fr\/wp-json\/wp\/v2\/posts\/259\/revisions\/262"}],"wp:featuredmedia":[{"embeddable":true,"href":"https:\/\/www.cuboshomes.com\/blog\/fr\/wp-json\/wp\/v2\/media\/235"}],"wp:attachment":[{"href":"https:\/\/www.cuboshomes.com\/blog\/fr\/wp-json\/wp\/v2\/media?parent=259"}],"wp:term":[{"taxonomy":"category","embeddable":true,"href":"https:\/\/www.cuboshomes.com\/blog\/fr\/wp-json\/wp\/v2\/categories?post=259"},{"taxonomy":"post_tag","embeddable":true,"href":"https:\/\/www.cuboshomes.com\/blog\/fr\/wp-json\/wp\/v2\/tags?post=259"}],"curies":[{"name":"wp","href":"https:\/\/api.w.org\/{rel}","templated":true}]}}