{"id":2352,"date":"2024-11-19T11:46:43","date_gmt":"2024-11-19T11:46:43","guid":{"rendered":"https:\/\/www.cuboshomes.com\/blog\/el-black-friday-ha-llegado-a-cubos-holiday-homes\/"},"modified":"2024-11-19T11:58:48","modified_gmt":"2024-11-19T11:58:48","slug":"le-black-friday-est-arrive-chez-cubos-holiday-homes","status":"publish","type":"post","link":"https:\/\/www.cuboshomes.com\/blog\/fr\/le-black-friday-est-arrive-chez-cubos-holiday-homes\/","title":{"rendered":"Le Black Friday est arriv\u00e9 chez Cubo&#8217;s Holiday Homes avec des r\u00e9ductions imbattables !"},"content":{"rendered":"\n<p>Chez Cubo&#8217;s Holiday Homes, nous adorons rendre vos vacances encore plus sp\u00e9ciales. C&#8217;est pourquoi nous avons lanc\u00e9 la meilleure offre de l&#8217;ann\u00e9e pour c\u00e9l\u00e9brer le Black Friday. D\u00e8s aujourd&#8217;hui et jusqu&#8217;au 1er d\u00e9cembre, profitez de <strong>15 % de r\u00e9duction sur tous nos h\u00e9bergements<\/strong>.<\/p>\n\n\n\n<h2 class=\"wp-block-heading\">\ud83c\udf1f <strong>Pourquoi choisir Cubo&#8217;s Holiday Homes pour ce Black Friday ?<\/strong><\/h2>\n\n\n\n<p>Nous offrons la combinaison parfaite de <strong>localisations id\u00e9ales<\/strong>, confort et options pour tous les go\u00fbts. De plus, cette r\u00e9duction exclusive est l&#8217;occasion r\u00eav\u00e9e de planifier des vacances inoubliables dans la magnifique province de M\u00e1laga.<\/p>\n\n\n\n<h2 class=\"wp-block-heading\">\u2728 <strong>D\u00e9couvrez l&#8217;h\u00e9bergement parfait pour vous<\/strong><\/h2>\n\n\n\n<p>\u2705 <strong>Vacances en ville<\/strong><br>Plongez dans la vie vibrante de M\u00e1laga. Explorez son histoire riche, visitez ses mus\u00e9es comme le Picasso ou le Thyssen, promenez-vous dans le centre historique ou d\u00e9tendez-vous sur des terrasses avec vue sur la M\u00e9diterran\u00e9e.<\/p>\n\n\n\n<p>\u2705 <strong>Appartements ou villas pr\u00e8s de la plage<\/strong><br>Vous imaginez-vous r\u00e9veiller au son de la mer ? Profitez de la brise marine, de longues promenades sur le rivage et de couchers de soleil magiques. Parfait pour ceux qui cherchent \u00e0 se d\u00e9tendre en bord de mer.<\/p>\n\n\n\n<p>\u2705 <strong>Villas ou maisons rurales<\/strong><br>Pour les amateurs de tranquillit\u00e9 et d&#8217;espaces ouverts, nos villas et maisons rurales sont id\u00e9ales. R\u00e9unissez toute la famille ou vos amis, organisez un barbecue, d\u00e9tendez-vous pr\u00e8s de la piscine et cr\u00e9ez des souvenirs inoubliables.<\/p>\n\n\n\n<p>\ud83c\udfaf <strong>R\u00e9servez d\u00e8s maintenant et assurez vos prochaines vacances<\/strong><br>Profitez de cette opportunit\u00e9 unique pour planifier vos vacances d&#8217;hiver ou r\u00e9server \u00e0 l&#8217;avance pour l&#8217;\u00e9t\u00e9 prochain. B\u00e9n\u00e9ficiez de <strong>15 % de r\u00e9duction sur tous nos h\u00e9bergements<\/strong> (non applicables aux extras ni cumulables avec d&#8217;autres promotions).<\/p>\n\n\n\n<p>R\u00e9alisez vos r\u00eaves de vacances ce Black Friday avec Cubo&#8217;s Holiday Homes. \ud83c\udf34\u2728<\/p>\n\n\n\n<p>\ud83d\udc49 <strong>R\u00e9servez d\u00e8s maintenant sur notre site et ne manquez pas ces offres exclusives !<\/strong><\/p>\n\n\n\n<p><strong><a href=\"https:\/\/www.cuboshomes.com\/fr\/\">Cliquez ici pour r\u00e9server !<\/a><\/strong><\/p>\n","protected":false},"excerpt":{"rendered":"<p>Chez Cubo&#8217;s Holiday Homes, nous adorons rendre vos vacances encore plus sp\u00e9ciales. C&#8217;est pourquoi nous avons lanc\u00e9 la meilleure offre de l&#8217;ann\u00e9e pour c\u00e9l\u00e9brer le Black Friday. D\u00e8s aujourd&#8217;hui et jusqu&#8217;au 1er d\u00e9cembre, profitez de 15 % de r\u00e9duction sur tous nos h\u00e9bergements. \ud83c\udf1f Pourquoi choisir Cubo&#8217;s Holiday Homes pour ce Black Friday ? Nous [&hellip;]<\/p>\n","protected":false},"author":4,"featured_media":2346,"comment_status":"open","ping_status":"open","sticky":false,"template":"","format":"standard","meta":{"footnotes":""},"categories":[451],"tags":[452,453,454,455],"class_list":["post-2352","post","type-post","status-publish","format-standard","has-post-thumbnail","hentry","category-alojamientos-fr","tag-alojamiento-vacacional-fr","tag-black-friday-fr","tag-descuentos-fr","tag-oferta-fr"],"yoast_head":"<!-- This site is optimized with the Yoast SEO plugin v25.3 - https:\/\/yoast.com\/wordpress\/plugins\/seo\/ -->\n<title>Le Black Friday est arriv\u00e9 chez Cubo&#039;s Holiday Homes avec des r\u00e9ductions imbattables ! - Blog Cubo&#039;s Holiday Homes<\/title>\n<meta name=\"description\" content=\"Profitez du Black Friday chez Cubo&#039;s Holiday Homes ! 15 % de r\u00e9duction sur tous nos h\u00e9bergements \u00e0 M\u00e1laga jusqu&#039;au 1er d\u00e9cembre. Choisissez entre la ville, la plage ou une maison rurale et planifiez vos vacances parfaites. R\u00e9servez maintenant ! \ud83c\udf1f\" \/>\n<meta name=\"robots\" content=\"index, follow, max-snippet:-1, max-image-preview:large, max-video-preview:-1\" \/>\n<link rel=\"canonical\" href=\"https:\/\/www.cuboshomes.com\/blog\/fr\/le-black-friday-est-arrive-chez-cubos-holiday-homes\/\" \/>\n<meta property=\"og:locale\" content=\"fr_FR\" \/>\n<meta property=\"og:type\" content=\"article\" \/>\n<meta property=\"og:title\" content=\"Le Black Friday est arriv\u00e9 chez Cubo&#039;s Holiday Homes avec des r\u00e9ductions imbattables ! - Blog Cubo&#039;s Holiday Homes\" \/>\n<meta property=\"og:description\" content=\"Profitez du Black Friday chez Cubo&#039;s Holiday Homes ! 15 % de r\u00e9duction sur tous nos h\u00e9bergements \u00e0 M\u00e1laga jusqu&#039;au 1er d\u00e9cembre. Choisissez entre la ville, la plage ou une maison rurale et planifiez vos vacances parfaites. R\u00e9servez maintenant ! \ud83c\udf1f\" \/>\n<meta property=\"og:url\" content=\"https:\/\/www.cuboshomes.com\/blog\/fr\/le-black-friday-est-arrive-chez-cubos-holiday-homes\/\" \/>\n<meta property=\"og:site_name\" content=\"Blog Cubo&#039;s Holiday Homes\" \/>\n<meta property=\"article:published_time\" content=\"2024-11-19T11:46:43+00:00\" \/>\n<meta property=\"article:modified_time\" content=\"2024-11-19T11:58:48+00:00\" \/>\n<meta property=\"og:image\" content=\"https:\/\/www.cuboshomes.com\/blog\/wp-content\/uploads\/2024\/11\/PORTADA-BLOG.png\" \/>\n\t<meta property=\"og:image:width\" content=\"756\" \/>\n\t<meta property=\"og:image:height\" content=\"430\" \/>\n\t<meta property=\"og:image:type\" content=\"image\/png\" \/>\n<meta name=\"author\" content=\"cuboshomes\" \/>\n<meta name=\"twitter:card\" content=\"summary_large_image\" \/>\n<meta name=\"twitter:label1\" content=\"Written by\" \/>\n\t<meta name=\"twitter:data1\" content=\"cuboshomes\" \/>\n\t<meta name=\"twitter:label2\" content=\"Est. reading time\" \/>\n\t<meta name=\"twitter:data2\" content=\"2 minutes\" \/>\n<script type=\"application\/ld+json\" class=\"yoast-schema-graph\">{\"@context\":\"https:\/\/schema.org\",\"@graph\":[{\"@type\":\"WebPage\",\"@id\":\"https:\/\/www.cuboshomes.com\/blog\/fr\/le-black-friday-est-arrive-chez-cubos-holiday-homes\/\",\"url\":\"https:\/\/www.cuboshomes.com\/blog\/fr\/le-black-friday-est-arrive-chez-cubos-holiday-homes\/\",\"name\":\"Le Black Friday est arriv\u00e9 chez Cubo's Holiday Homes avec des r\u00e9ductions imbattables ! - Blog Cubo&#039;s Holiday Homes\",\"isPartOf\":{\"@id\":\"https:\/\/www.cuboshomes.com\/blog\/fr\/#website\"},\"primaryImageOfPage\":{\"@id\":\"https:\/\/www.cuboshomes.com\/blog\/fr\/le-black-friday-est-arrive-chez-cubos-holiday-homes\/#primaryimage\"},\"image\":{\"@id\":\"https:\/\/www.cuboshomes.com\/blog\/fr\/le-black-friday-est-arrive-chez-cubos-holiday-homes\/#primaryimage\"},\"thumbnailUrl\":\"https:\/\/www.cuboshomes.com\/blog\/wp-content\/uploads\/2024\/11\/PORTADA-BLOG.png\",\"datePublished\":\"2024-11-19T11:46:43+00:00\",\"dateModified\":\"2024-11-19T11:58:48+00:00\",\"author\":{\"@id\":\"https:\/\/www.cuboshomes.com\/blog\/fr\/#\/schema\/person\/07d7351e1490c5ee1bc865d8b7866913\"},\"description\":\"Profitez du Black Friday chez Cubo's Holiday Homes ! 15 % de r\u00e9duction sur tous nos h\u00e9bergements \u00e0 M\u00e1laga jusqu'au 1er d\u00e9cembre. Choisissez entre la ville, la plage ou une maison rurale et planifiez vos vacances parfaites. R\u00e9servez maintenant ! \ud83c\udf1f\",\"breadcrumb\":{\"@id\":\"https:\/\/www.cuboshomes.com\/blog\/fr\/le-black-friday-est-arrive-chez-cubos-holiday-homes\/#breadcrumb\"},\"inLanguage\":\"fr\",\"potentialAction\":[{\"@type\":\"ReadAction\",\"target\":[\"https:\/\/www.cuboshomes.com\/blog\/fr\/le-black-friday-est-arrive-chez-cubos-holiday-homes\/\"]}]},{\"@type\":\"ImageObject\",\"inLanguage\":\"fr\",\"@id\":\"https:\/\/www.cuboshomes.com\/blog\/fr\/le-black-friday-est-arrive-chez-cubos-holiday-homes\/#primaryimage\",\"url\":\"https:\/\/www.cuboshomes.com\/blog\/wp-content\/uploads\/2024\/11\/PORTADA-BLOG.png\",\"contentUrl\":\"https:\/\/www.cuboshomes.com\/blog\/wp-content\/uploads\/2024\/11\/PORTADA-BLOG.png\",\"width\":756,\"height\":430},{\"@type\":\"BreadcrumbList\",\"@id\":\"https:\/\/www.cuboshomes.com\/blog\/fr\/le-black-friday-est-arrive-chez-cubos-holiday-homes\/#breadcrumb\",\"itemListElement\":[{\"@type\":\"ListItem\",\"position\":1,\"name\":\"Portada\",\"item\":\"https:\/\/www.cuboshomes.com\/blog\/fr\/cubos-home-blog-vacances-sur-la-costa-del-sol\/\"},{\"@type\":\"ListItem\",\"position\":2,\"name\":\"Le Black Friday est arriv\u00e9 chez Cubo&#8217;s Holiday Homes avec des r\u00e9ductions imbattables !\"}]},{\"@type\":\"WebSite\",\"@id\":\"https:\/\/www.cuboshomes.com\/blog\/fr\/#website\",\"url\":\"https:\/\/www.cuboshomes.com\/blog\/fr\/\",\"name\":\"Blog Cubo&#039;s Holiday Homes\",\"description\":\"\",\"potentialAction\":[{\"@type\":\"SearchAction\",\"target\":{\"@type\":\"EntryPoint\",\"urlTemplate\":\"https:\/\/www.cuboshomes.com\/blog\/fr\/?s={search_term_string}\"},\"query-input\":{\"@type\":\"PropertyValueSpecification\",\"valueRequired\":true,\"valueName\":\"search_term_string\"}}],\"inLanguage\":\"fr\"},{\"@type\":\"Person\",\"@id\":\"https:\/\/www.cuboshomes.com\/blog\/fr\/#\/schema\/person\/07d7351e1490c5ee1bc865d8b7866913\",\"name\":\"cuboshomes\",\"image\":{\"@type\":\"ImageObject\",\"inLanguage\":\"fr\",\"@id\":\"https:\/\/www.cuboshomes.com\/blog\/fr\/#\/schema\/person\/image\/\",\"url\":\"https:\/\/secure.gravatar.com\/avatar\/7a5399cfe1894289644dcbec0fce9dc7?s=96&d=mm&r=g\",\"contentUrl\":\"https:\/\/secure.gravatar.com\/avatar\/7a5399cfe1894289644dcbec0fce9dc7?s=96&d=mm&r=g\",\"caption\":\"cuboshomes\"}}]}<\/script>\n<!-- \/ Yoast SEO plugin. -->","yoast_head_json":{"title":"Le Black Friday est arriv\u00e9 chez Cubo's Holiday Homes avec des r\u00e9ductions imbattables ! - Blog Cubo&#039;s Holiday Homes","description":"Profitez du Black Friday chez Cubo's Holiday Homes ! 15 % de r\u00e9duction sur tous nos h\u00e9bergements \u00e0 M\u00e1laga jusqu'au 1er d\u00e9cembre. Choisissez entre la ville, la plage ou une maison rurale et planifiez vos vacances parfaites. R\u00e9servez maintenant ! \ud83c\udf1f","robots":{"index":"index","follow":"follow","max-snippet":"max-snippet:-1","max-image-preview":"max-image-preview:large","max-video-preview":"max-video-preview:-1"},"canonical":"https:\/\/www.cuboshomes.com\/blog\/fr\/le-black-friday-est-arrive-chez-cubos-holiday-homes\/","og_locale":"fr_FR","og_type":"article","og_title":"Le Black Friday est arriv\u00e9 chez Cubo's Holiday Homes avec des r\u00e9ductions imbattables ! - Blog Cubo&#039;s Holiday Homes","og_description":"Profitez du Black Friday chez Cubo's Holiday Homes ! 15 % de r\u00e9duction sur tous nos h\u00e9bergements \u00e0 M\u00e1laga jusqu'au 1er d\u00e9cembre. Choisissez entre la ville, la plage ou une maison rurale et planifiez vos vacances parfaites. R\u00e9servez maintenant ! \ud83c\udf1f","og_url":"https:\/\/www.cuboshomes.com\/blog\/fr\/le-black-friday-est-arrive-chez-cubos-holiday-homes\/","og_site_name":"Blog Cubo&#039;s Holiday Homes","article_published_time":"2024-11-19T11:46:43+00:00","article_modified_time":"2024-11-19T11:58:48+00:00","og_image":[{"width":756,"height":430,"url":"https:\/\/www.cuboshomes.com\/blog\/wp-content\/uploads\/2024\/11\/PORTADA-BLOG.png","type":"image\/png"}],"author":"cuboshomes","twitter_card":"summary_large_image","twitter_misc":{"Written by":"cuboshomes","Est. reading time":"2 minutes"},"schema":{"@context":"https:\/\/schema.org","@graph":[{"@type":"WebPage","@id":"https:\/\/www.cuboshomes.com\/blog\/fr\/le-black-friday-est-arrive-chez-cubos-holiday-homes\/","url":"https:\/\/www.cuboshomes.com\/blog\/fr\/le-black-friday-est-arrive-chez-cubos-holiday-homes\/","name":"Le Black Friday est arriv\u00e9 chez Cubo's Holiday Homes avec des r\u00e9ductions imbattables ! - Blog Cubo&#039;s Holiday Homes","isPartOf":{"@id":"https:\/\/www.cuboshomes.com\/blog\/fr\/#website"},"primaryImageOfPage":{"@id":"https:\/\/www.cuboshomes.com\/blog\/fr\/le-black-friday-est-arrive-chez-cubos-holiday-homes\/#primaryimage"},"image":{"@id":"https:\/\/www.cuboshomes.com\/blog\/fr\/le-black-friday-est-arrive-chez-cubos-holiday-homes\/#primaryimage"},"thumbnailUrl":"https:\/\/www.cuboshomes.com\/blog\/wp-content\/uploads\/2024\/11\/PORTADA-BLOG.png","datePublished":"2024-11-19T11:46:43+00:00","dateModified":"2024-11-19T11:58:48+00:00","author":{"@id":"https:\/\/www.cuboshomes.com\/blog\/fr\/#\/schema\/person\/07d7351e1490c5ee1bc865d8b7866913"},"description":"Profitez du Black Friday chez Cubo's Holiday Homes ! 15 % de r\u00e9duction sur tous nos h\u00e9bergements \u00e0 M\u00e1laga jusqu'au 1er d\u00e9cembre. Choisissez entre la ville, la plage ou une maison rurale et planifiez vos vacances parfaites. R\u00e9servez maintenant ! \ud83c\udf1f","breadcrumb":{"@id":"https:\/\/www.cuboshomes.com\/blog\/fr\/le-black-friday-est-arrive-chez-cubos-holiday-homes\/#breadcrumb"},"inLanguage":"fr","potentialAction":[{"@type":"ReadAction","target":["https:\/\/www.cuboshomes.com\/blog\/fr\/le-black-friday-est-arrive-chez-cubos-holiday-homes\/"]}]},{"@type":"ImageObject","inLanguage":"fr","@id":"https:\/\/www.cuboshomes.com\/blog\/fr\/le-black-friday-est-arrive-chez-cubos-holiday-homes\/#primaryimage","url":"https:\/\/www.cuboshomes.com\/blog\/wp-content\/uploads\/2024\/11\/PORTADA-BLOG.png","contentUrl":"https:\/\/www.cuboshomes.com\/blog\/wp-content\/uploads\/2024\/11\/PORTADA-BLOG.png","width":756,"height":430},{"@type":"BreadcrumbList","@id":"https:\/\/www.cuboshomes.com\/blog\/fr\/le-black-friday-est-arrive-chez-cubos-holiday-homes\/#breadcrumb","itemListElement":[{"@type":"ListItem","position":1,"name":"Portada","item":"https:\/\/www.cuboshomes.com\/blog\/fr\/cubos-home-blog-vacances-sur-la-costa-del-sol\/"},{"@type":"ListItem","position":2,"name":"Le Black Friday est arriv\u00e9 chez Cubo&#8217;s Holiday Homes avec des r\u00e9ductions imbattables !"}]},{"@type":"WebSite","@id":"https:\/\/www.cuboshomes.com\/blog\/fr\/#website","url":"https:\/\/www.cuboshomes.com\/blog\/fr\/","name":"Blog Cubo&#039;s Holiday Homes","description":"","potentialAction":[{"@type":"SearchAction","target":{"@type":"EntryPoint","urlTemplate":"https:\/\/www.cuboshomes.com\/blog\/fr\/?s={search_term_string}"},"query-input":{"@type":"PropertyValueSpecification","valueRequired":true,"valueName":"search_term_string"}}],"inLanguage":"fr"},{"@type":"Person","@id":"https:\/\/www.cuboshomes.com\/blog\/fr\/#\/schema\/person\/07d7351e1490c5ee1bc865d8b7866913","name":"cuboshomes","image":{"@type":"ImageObject","inLanguage":"fr","@id":"https:\/\/www.cuboshomes.com\/blog\/fr\/#\/schema\/person\/image\/","url":"https:\/\/secure.gravatar.com\/avatar\/7a5399cfe1894289644dcbec0fce9dc7?s=96&d=mm&r=g","contentUrl":"https:\/\/secure.gravatar.com\/avatar\/7a5399cfe1894289644dcbec0fce9dc7?s=96&d=mm&r=g","caption":"cuboshomes"}}]}},"_links":{"self":[{"href":"https:\/\/www.cuboshomes.com\/blog\/fr\/wp-json\/wp\/v2\/posts\/2352","targetHints":{"allow":["GET"]}}],"collection":[{"href":"https:\/\/www.cuboshomes.com\/blog\/fr\/wp-json\/wp\/v2\/posts"}],"about":[{"href":"https:\/\/www.cuboshomes.com\/blog\/fr\/wp-json\/wp\/v2\/types\/post"}],"author":[{"embeddable":true,"href":"https:\/\/www.cuboshomes.com\/blog\/fr\/wp-json\/wp\/v2\/users\/4"}],"replies":[{"embeddable":true,"href":"https:\/\/www.cuboshomes.com\/blog\/fr\/wp-json\/wp\/v2\/comments?post=2352"}],"version-history":[{"count":1,"href":"https:\/\/www.cuboshomes.com\/blog\/fr\/wp-json\/wp\/v2\/posts\/2352\/revisions"}],"predecessor-version":[{"id":2356,"href":"https:\/\/www.cuboshomes.com\/blog\/fr\/wp-json\/wp\/v2\/posts\/2352\/revisions\/2356"}],"wp:featuredmedia":[{"embeddable":true,"href":"https:\/\/www.cuboshomes.com\/blog\/fr\/wp-json\/wp\/v2\/media\/2346"}],"wp:attachment":[{"href":"https:\/\/www.cuboshomes.com\/blog\/fr\/wp-json\/wp\/v2\/media?parent=2352"}],"wp:term":[{"taxonomy":"category","embeddable":true,"href":"https:\/\/www.cuboshomes.com\/blog\/fr\/wp-json\/wp\/v2\/categories?post=2352"},{"taxonomy":"post_tag","embeddable":true,"href":"https:\/\/www.cuboshomes.com\/blog\/fr\/wp-json\/wp\/v2\/tags?post=2352"}],"curies":[{"name":"wp","href":"https:\/\/api.w.org\/{rel}","templated":true}]}}