{"id":2151,"date":"2024-02-21T12:37:52","date_gmt":"2024-02-21T12:37:52","guid":{"rendered":"https:\/\/www.cuboshomes.com\/blog\/?p=2151"},"modified":"2025-12-12T11:45:15","modified_gmt":"2025-12-12T11:45:15","slug":"decouverte-de-la-cala-de-mijas","status":"publish","type":"post","link":"https:\/\/www.cuboshomes.com\/blog\/fr\/decouverte-de-la-cala-de-mijas\/","title":{"rendered":"\u00c0 la d\u00e9couverte de La Cala de Mijas\u00a0: le guide du voyageur"},"content":{"rendered":"\t\t<div data-elementor-type=\"wp-post\" data-elementor-id=\"2151\" class=\"elementor elementor-2151 elementor-2110\" data-elementor-post-type=\"post\">\n\t\t\t\t<div class=\"elementor-element elementor-element-68411c86 e-flex e-con-boxed e-con e-parent\" data-id=\"68411c86\" data-element_type=\"container\" data-e-type=\"container\">\n\t\t\t\t\t<div class=\"e-con-inner\">\n\t\t<div class=\"elementor-element elementor-element-87b8dbf e-con-full e-flex e-con e-child\" data-id=\"87b8dbf\" data-element_type=\"container\" data-e-type=\"container\">\n\t\t<div class=\"elementor-element elementor-element-251f105 e-con-full e-flex e-con e-child\" data-id=\"251f105\" data-element_type=\"container\" data-e-type=\"container\">\n\t\t\t\t<div class=\"elementor-element elementor-element-bbacb83 elementor-widget elementor-widget-text-editor\" data-id=\"bbacb83\" data-element_type=\"widget\" data-e-type=\"widget\" data-widget_type=\"text-editor.default\">\n\t\t\t\t<div class=\"elementor-widget-container\">\n\t\t\t\t\t\t\t\t\t<p>Explorez la beaut\u00e9 de Cala de Mijas sur la Costa del Sol, en Espagne. Avec ses plages et ses vues spectaculaires, elle est id\u00e9ale pour se d\u00e9tendre et profiter du soleil. D\u00e9couvrez ses coins cach\u00e9s et savourez une d\u00e9licieuse cuisine m\u00e9diterran\u00e9enne dans une atmosph\u00e8re d\u00e9tendue.<\/p>\n<p><\/p>\n<p><\/p>\t\t\t\t\t\t\t\t<\/div>\n\t\t\t\t<\/div>\n\t\t\t\t<\/div>\n\t\t<div class=\"elementor-element elementor-element-519e919 e-con-full e-flex e-con e-child\" data-id=\"519e919\" data-element_type=\"container\" data-e-type=\"container\">\n\t\t\t\t<div class=\"elementor-element elementor-element-a1ca329 elementor-widget elementor-widget-heading\" data-id=\"a1ca329\" data-element_type=\"widget\" data-e-type=\"widget\" data-widget_type=\"heading.default\">\n\t\t\t\t<div class=\"elementor-widget-container\">\n\t\t\t\t\t<h2 class=\"elementor-heading-title elementor-size-default\">Que visiter \u00e0 La Cala de Mijas ?\ud83c\udfd6\ufe0f :<\/h2>\t\t\t\t<\/div>\n\t\t\t\t<\/div>\n\t\t\t\t<\/div>\n\t\t<div class=\"elementor-element elementor-element-70c8870 e-con-full e-flex e-con e-child\" data-id=\"70c8870\" data-element_type=\"container\" data-e-type=\"container\">\n\t\t\t\t<div class=\"elementor-element elementor-element-487f3d3 elementor-widget elementor-widget-text-editor\" data-id=\"487f3d3\" data-element_type=\"widget\" data-e-type=\"widget\" data-widget_type=\"text-editor.default\">\n\t\t\t\t<div class=\"elementor-widget-container\">\n\t\t\t\t\t\t\t\t\t<ul>\n<li><strong>Plage de la crique de Mijas :<\/strong> La plage de La Cala de Mijas est consid\u00e9r\u00e9e comme l&#8217;une des meilleures de la Costa del Sol, gr\u00e2ce \u00e0 la qualit\u00e9 de son eau et de son sable, ainsi qu&#8217;aux services exceptionnels qu&#8217;elle offre.<\/li>\n<li><strong>Centre de secours Donkey Dreamland Mijas\u00a0:<\/strong> Donkey Dreamland offre un abri aux \u00e2nes sans douleur ni souffrance, entour\u00e9s de gardiens aimants et respectueux dans un environnement serein et paisible.<\/li>\n<li><strong>Tour de batterie de Cala de Mijas\u00a0:<\/strong> La forme en sabot du b\u00e2timent, avec deux \u00e9perons \u00e0 l&#8217;arri\u00e8re, a un p\u00e9rim\u00e8tre d&#8217;environ 35 m\u00e8tres et une hauteur de plus de 10 m\u00e8tres. Son int\u00e9rieur comporte deux \u00e9tages : le sous-sol, appel\u00e9 \u00ab Santa Barbara \u00bb, et la pi\u00e8ce principale bien \u00e9clair\u00e9e.<\/li>\n<\/ul>\n<ul><\/ul>\n<p><\/p>\t\t\t\t\t\t\t\t<\/div>\n\t\t\t\t<\/div>\n\t\t\t\t<div class=\"elementor-element elementor-element-8e9fe36 elementor-widget elementor-widget-image\" data-id=\"8e9fe36\" data-element_type=\"widget\" data-e-type=\"widget\" data-widget_type=\"image.default\">\n\t\t\t\t<div class=\"elementor-widget-container\">\n\t\t\t\t\t\t\t\t\t\t\t\t\t\t\t<img fetchpriority=\"high\" decoding=\"async\" width=\"768\" height=\"512\" src=\"https:\/\/www.cuboshomes.com\/blog\/wp-content\/uploads\/2024\/02\/img-7366-scaled-1-768x512.jpg\" class=\"attachment-medium_large size-medium_large wp-image-4208\" alt=\"\" srcset=\"https:\/\/www.cuboshomes.com\/blog\/wp-content\/uploads\/2024\/02\/img-7366-scaled-1-768x512.jpg 768w, https:\/\/www.cuboshomes.com\/blog\/wp-content\/uploads\/2024\/02\/img-7366-scaled-1-300x200.jpg 300w, https:\/\/www.cuboshomes.com\/blog\/wp-content\/uploads\/2024\/02\/img-7366-scaled-1-1024x683.jpg 1024w, https:\/\/www.cuboshomes.com\/blog\/wp-content\/uploads\/2024\/02\/img-7366-scaled-1-1536x1024.jpg 1536w, https:\/\/www.cuboshomes.com\/blog\/wp-content\/uploads\/2024\/02\/img-7366-scaled-1-2048x1366.jpg 2048w\" sizes=\"(max-width: 768px) 100vw, 768px\" \/>\t\t\t\t\t\t\t\t\t\t\t\t\t\t\t<\/div>\n\t\t\t\t<\/div>\n\t\t<div class=\"elementor-element elementor-element-4b52271 e-con-full e-flex e-con e-child\" data-id=\"4b52271\" data-element_type=\"container\" data-e-type=\"container\">\n\t\t\t\t<div class=\"elementor-element elementor-element-13981da elementor-widget elementor-widget-heading\" data-id=\"13981da\" data-element_type=\"widget\" data-e-type=\"widget\" data-widget_type=\"heading.default\">\n\t\t\t\t<div class=\"elementor-widget-container\">\n\t\t\t\t\t<h2 class=\"elementor-heading-title elementor-size-default\">Que manger \u00e0 Cala de Mijas ? Gastronomie:\ud83c\udf79 <\/h2>\t\t\t\t<\/div>\n\t\t\t\t<\/div>\n\t\t\t\t<\/div>\n\t\t<div class=\"elementor-element elementor-element-b1a3c1d e-con-full e-flex e-con e-child\" data-id=\"b1a3c1d\" data-element_type=\"container\" data-e-type=\"container\">\n\t\t\t\t<div class=\"elementor-element elementor-element-f798caa elementor-widget elementor-widget-text-editor\" data-id=\"f798caa\" data-element_type=\"widget\" data-e-type=\"widget\" data-widget_type=\"text-editor.default\">\n\t\t\t\t<div class=\"elementor-widget-container\">\n\t\t\t\t\t\t\t\t\t<ul>\n<li><strong>Le go\u00fbt de la crique :<\/strong> Cuisine typique espagnole &#8211;<a href=\"https:\/\/maps.app.goo.gl\/HfcqgLVosMyfpwmF7\"> Cliquez pour voir l&#8217;adresse<\/a>\u00a0<\/li>\n<li><strong>Taberna la brouette\u00a0:<\/strong> Cuisine typique espagnole &#8211;<a href=\"https:\/\/maps.app.goo.gl\/9c6iiostf4tQ8m857\"> Cliquez pour voir l&#8217;adresse<\/a>\u00a0<\/li>\n<li><strong>Bar de plage Arroyo\u00a0:<\/strong> Paellas et poissons &#8211;<a href=\"https:\/\/maps.app.goo.gl\/E56ePEub8QfiPSEn8\"> Cliquez pour voir l&#8217;adresse<\/a>\u00a0<\/li>\n<li><strong>La tour:<\/strong> Paellas et poissons &#8211;<a href=\"https:\/\/maps.app.goo.gl\/uHACKozFcLfomYv48\"> Cliquez pour voir l&#8217;adresse<\/a>\u00a0<\/li>\n<li><strong>Bar de plage Los Moreno\u00a0:<\/strong> Paellas et poissons &#8211;<a href=\"https:\/\/maps.app.goo.gl\/xCUHJvNhci4ybCmC7\"> Cliquez pour voir l&#8217;adresse<\/a><\/li>\n<li><strong>Bar Los Grana\u00ednos\u00a0:<\/strong> Cuisine typique espagnole &#8211;<a href=\"https:\/\/maps.app.goo.gl\/rVXccWGgtKJW6nJPA\"> Cliquez pour voir l&#8217;adresse<\/a>\u00a0<\/li>\n<\/ul>\n<p><\/p>\t\t\t\t\t\t\t\t<\/div>\n\t\t\t\t<\/div>\n\t\t\t\t<\/div>\n\t\t<div class=\"elementor-element elementor-element-8cab779 e-con-full e-flex e-con e-child\" data-id=\"8cab779\" data-element_type=\"container\" data-e-type=\"container\">\n\t\t\t\t<div class=\"elementor-element elementor-element-c599d77 elementor-arrows-position-inside elementor-pagination-position-outside elementor-widget elementor-widget-image-carousel\" data-id=\"c599d77\" data-element_type=\"widget\" data-e-type=\"widget\" data-settings=\"{&quot;navigation&quot;:&quot;both&quot;,&quot;autoplay&quot;:&quot;yes&quot;,&quot;pause_on_hover&quot;:&quot;yes&quot;,&quot;pause_on_interaction&quot;:&quot;yes&quot;,&quot;autoplay_speed&quot;:5000,&quot;infinite&quot;:&quot;yes&quot;,&quot;speed&quot;:500}\" data-widget_type=\"image-carousel.default\">\n\t\t\t\t<div class=\"elementor-widget-container\">\n\t\t\t\t\t\t\t<div class=\"elementor-image-carousel-wrapper swiper\" role=\"region\" aria-roledescription=\"carousel\" aria-label=\"Image Carousel\" dir=\"ltr\">\n\t\t\t<div class=\"elementor-image-carousel swiper-wrapper\" aria-live=\"off\">\n\t\t\t\t\t\t\t\t<div class=\"swiper-slide\" role=\"group\" aria-roledescription=\"slide\" aria-label=\"1 of 5\"><figure class=\"swiper-slide-inner\"><img decoding=\"async\" class=\"swiper-slide-image\" src=\"https:\/\/www.cuboshomes.com\/blog\/wp-content\/uploads\/2024\/02\/PLANTILLA-CARRUSEL-BLOG-38-768x470.png\" alt=\"PLANTILLA CARRUSEL BLOG (38)\" \/><\/figure><\/div><div class=\"swiper-slide\" role=\"group\" aria-roledescription=\"slide\" aria-label=\"2 of 5\"><figure class=\"swiper-slide-inner\"><img decoding=\"async\" class=\"swiper-slide-image\" src=\"https:\/\/www.cuboshomes.com\/blog\/wp-content\/uploads\/2024\/02\/PLANTILLA-CARRUSEL-BLOG-39-768x470.png\" alt=\"PLANTILLA CARRUSEL BLOG (39)\" \/><\/figure><\/div><div class=\"swiper-slide\" role=\"group\" aria-roledescription=\"slide\" aria-label=\"3 of 5\"><figure class=\"swiper-slide-inner\"><img decoding=\"async\" class=\"swiper-slide-image\" src=\"https:\/\/www.cuboshomes.com\/blog\/wp-content\/uploads\/2024\/02\/PLANTILLA-CARRUSEL-BLOG-40-768x470.png\" alt=\"PLANTILLA CARRUSEL BLOG (40)\" \/><\/figure><\/div><div class=\"swiper-slide\" role=\"group\" aria-roledescription=\"slide\" aria-label=\"4 of 5\"><figure class=\"swiper-slide-inner\"><img decoding=\"async\" class=\"swiper-slide-image\" src=\"https:\/\/www.cuboshomes.com\/blog\/wp-content\/uploads\/2024\/02\/PLANTILLA-CARRUSEL-BLOG-41-768x470.png\" alt=\"PLANTILLA CARRUSEL BLOG (41)\" \/><\/figure><\/div><div class=\"swiper-slide\" role=\"group\" aria-roledescription=\"slide\" aria-label=\"5 of 5\"><figure class=\"swiper-slide-inner\"><img decoding=\"async\" class=\"swiper-slide-image\" src=\"https:\/\/www.cuboshomes.com\/blog\/wp-content\/uploads\/2024\/02\/PLANTILLA-CARRUSEL-BLOG-42-768x470.png\" alt=\"PLANTILLA CARRUSEL BLOG (42)\" \/><\/figure><\/div>\t\t\t<\/div>\n\t\t\t\t\t\t\t\t\t\t\t\t<div class=\"elementor-swiper-button elementor-swiper-button-prev\" role=\"button\" tabindex=\"0\">\n\t\t\t\t\t\t<svg aria-hidden=\"true\" class=\"e-font-icon-svg e-eicon-chevron-left\" viewBox=\"0 0 1000 1000\" xmlns=\"http:\/\/www.w3.org\/2000\/svg\"><path d=\"M646 125C629 125 613 133 604 142L308 442C296 454 292 471 292 487 292 504 296 521 308 533L604 854C617 867 629 875 646 875 663 875 679 871 692 858 704 846 713 829 713 812 713 796 708 779 692 767L438 487 692 225C700 217 708 204 708 187 708 171 704 154 692 142 675 129 663 125 646 125Z\"><\/path><\/svg>\t\t\t\t\t<\/div>\n\t\t\t\t\t<div class=\"elementor-swiper-button elementor-swiper-button-next\" role=\"button\" tabindex=\"0\">\n\t\t\t\t\t\t<svg aria-hidden=\"true\" class=\"e-font-icon-svg e-eicon-chevron-right\" viewBox=\"0 0 1000 1000\" xmlns=\"http:\/\/www.w3.org\/2000\/svg\"><path d=\"M696 533C708 521 713 504 713 487 713 471 708 454 696 446L400 146C388 133 375 125 354 125 338 125 325 129 313 142 300 154 292 171 292 187 292 204 296 221 308 233L563 492 304 771C292 783 288 800 288 817 288 833 296 850 308 863 321 871 338 875 354 875 371 875 388 867 400 854L696 533Z\"><\/path><\/svg>\t\t\t\t\t<\/div>\n\t\t\t\t\n\t\t\t\t\t\t\t\t\t<div class=\"swiper-pagination\"><\/div>\n\t\t\t\t\t\t\t\t\t<\/div>\n\t\t\t\t\t\t<\/div>\n\t\t\t\t<\/div>\n\t\t\t\t<div class=\"elementor-element elementor-element-0e48a68 elementor-widget elementor-widget-heading\" data-id=\"0e48a68\" data-element_type=\"widget\" data-e-type=\"widget\" data-widget_type=\"heading.default\">\n\t\t\t\t<div class=\"elementor-widget-container\">\n\t\t\t\t\t<h2 class=\"elementor-heading-title elementor-size-default\">Points d'int\u00e9r\u00eat \u00e0 proximit\u00e9 de La Cala de Mijas : \ud83c\udf0a <\/h2>\t\t\t\t<\/div>\n\t\t\t\t<\/div>\n\t\t\t\t<div class=\"elementor-element elementor-element-23c5f3d elementor-widget elementor-widget-text-editor\" data-id=\"23c5f3d\" data-element_type=\"widget\" data-e-type=\"widget\" data-widget_type=\"text-editor.default\">\n\t\t\t\t<div class=\"elementor-widget-container\">\n\t\t\t\t\t\t\t\t\t<ul>\n<li>Ch\u00e2teau de Sohail (Fuengirola) : +\/- 7km &#8211;<a href=\"https:\/\/maps.app.goo.gl\/pMREe3yyRKDWevSs8\"> Cliquez pour voir l&#8217;adresse<\/a><\/li>\n\n<li>Bioparc Fuengirola (Fuengirola): +\/- 8km &#8211;<a href=\"https:\/\/maps.app.goo.gl\/pMREe3yyRKDWevSs8\"> Cliquez pour voir l&#8217;adresse<\/a><\/li>\n\n<li>Village de Mijas : +\/- 17km &#8211;<a href=\"https:\/\/maps.app.goo.gl\/a8sEuBzCprezHxqZ9\"> Cliquez pour voir l&#8217;adresse<\/a>\u00a0\u00a0\u00a0<\/li>\n\n<li>Marbella : +\/- 20km &#8211;<a href=\"https:\/\/maps.app.goo.gl\/9742L9zYe3cpvFo87\"> Cliquez pour voir l&#8217;adresse<\/a>\u00a0<\/li>\n\n<li>T\u00e9l\u00e9ph\u00e9rique (Benalm\u00e1dena) : +\/- 22km &#8211;<a href=\"https:\/\/maps.app.goo.gl\/t6eKdNb3i1CogkNd9\"> Cliquez pour voir l&#8217;adresse<\/a>\u00a0<\/li>\n\n<li>Port Marina (Benalm\u00e1dena) : +\/- 25 km &#8211;<a href=\"https:\/\/maps.app.goo.gl\/J8oWozEy6mXw1psf9\"> Cliquez pour voir l&#8217;adresse<\/a>\u00a0<\/li>\n\n<li>Aqualand (Torremolinos) : +\/- 28km &#8211;<a href=\"https:\/\/maps.app.goo.gl\/dX1DHq8BLZzoSTcA8\"> Cliquez pour voir l&#8217;adresse<\/a>\u00a0<\/li>\n\n<li>Torremolinos : +\/- 28km &#8211;<a href=\"https:\/\/maps.app.goo.gl\/uEBaHoLaiJ6nc13e7\"> Cliquez pour voir l&#8217;adresse<\/a>\u00a0<\/li>\n\n<li>Puerto Ban\u00fas (Marbella) : +\/- 30km &#8211;<a href=\"https:\/\/maps.app.goo.gl\/Ltsdzc3TtqYdWgES9\"> Cliquez pour voir l&#8217;adresse<\/a>\u00a0<\/li>\n\n<li>Rue Larios (M\u00e1laga Centre): +\/- 40km &#8211;<a href=\"https:\/\/maps.app.goo.gl\/KAQoXaN3Rh5L6czh7\"> Cliquez pour voir l&#8217;adresse<\/a>\u00a0<\/li>\n\n<li>La Alcazaba (M\u00e1laga Centre): +\/- 40km &#8211;<a href=\"https:\/\/maps.app.goo.gl\/xdXpEjaH6CArZ8759\"> Cliquez pour voir l&#8217;adresse<\/a>\u00a0<\/li>\n\n<li>Quai 1 (M\u00e1laga Centre): +\/- 42km &#8211;<a href=\"https:\/\/maps.app.goo.gl\/mf5AYGHiwHJeCAtBA\"> Cliquez pour voir l&#8217;adresse<\/a><\/li>\n\n<li>Point de vue de Gibralfaro (Malaga) : +\/- 50km &#8211;<a href=\"https:\/\/maps.app.goo.gl\/L2mDTLNDQh4iatbr7\"> Cliquez pour voir l&#8217;adresse<\/a><\/li>\n\n<li>Sierra de las Nieves : +\/- 60km &#8211;<a href=\"https:\/\/maps.app.goo.gl\/yM5wv17QypZEBNfW9\"> Cliquez pour voir l&#8217;adresse<\/a>\u00a0<\/li>\n\n<li>Chemin du Rey : +\/- 68km &#8211;<a href=\"https:\/\/maps.app.goo.gl\/NyLX9xVU4qdkSG1d6\"> Cliquez pour voir l&#8217;adresse<\/a>\u00a0<\/li>\n\n<li>Le Tajo de Ronda (Ronda): +\/- 80km &#8211;<a href=\"https:\/\/maps.app.goo.gl\/nhS38TZ76fhkWPUx7\"> Cliquez pour voir l&#8217;adresse<\/a>\u00a0<\/li>\n\n<li>Torcal de Antequera (Antequera) : +\/- 82km &#8211;<a href=\"https:\/\/maps.app.goo.gl\/jgvUfuiErVF7ksnt7\"> Cliquez pour voir l&#8217;adresse<\/a>\u00a0\u00a0\u00a0<\/li>\n\n<li>Le Balcon de l&#8217;Europe (Nerja) : +\/- 100km &#8211;<a href=\"https:\/\/maps.app.goo.gl\/rbyCk2E4Cwpi9xfFA\"> Cliquez pour voir l&#8217;adresse<\/a>\u00a0<\/li>\n\n<li>Grotte de Nerja (Nerja): +\/- 100km &#8211;<a href=\"https:\/\/maps.app.goo.gl\/NxZNunG81tF1pQGs9\"> Cliquez pour voir l&#8217;adresse<\/a>\u00a0<\/li>\n<\/ul>\n<p><\/p>\t\t\t\t\t\t\t\t<\/div>\n\t\t\t\t<\/div>\n\t\t\t\t<\/div>\n\t\t<div class=\"elementor-element elementor-element-4a741cc e-con-full e-flex e-con e-child\" data-id=\"4a741cc\" data-element_type=\"container\" data-e-type=\"container\">\n\t\t\t\t<div class=\"elementor-element elementor-element-b11fd5b elementor-widget elementor-widget-heading\" data-id=\"b11fd5b\" data-element_type=\"widget\" data-e-type=\"widget\" data-widget_type=\"heading.default\">\n\t\t\t\t<div class=\"elementor-widget-container\">\n\t\t\t\t\t<h2 class=\"elementor-heading-title elementor-size-default\">Dates sp\u00e9ciales \u00e0 La Cala de Mijas 2026 \ud83d\udc1a :<\/h2>\t\t\t\t<\/div>\n\t\t\t\t<\/div>\n\t\t<div class=\"elementor-element elementor-element-a84766a e-con-full e-flex e-con e-child\" data-id=\"a84766a\" data-element_type=\"container\" data-e-type=\"container\">\n\t\t\t\t<div class=\"elementor-element elementor-element-80236b3 elementor-widget elementor-widget-text-editor\" data-id=\"80236b3\" data-element_type=\"widget\" data-e-type=\"widget\" data-widget_type=\"text-editor.default\">\n\t\t\t\t<div class=\"elementor-widget-container\">\n\t\t\t\t\t\t\t\t\t<ul><li><strong>Carnavals :<\/strong> 15 f\u00e9vrier<\/li><li><strong>Semaine Sainte:<\/strong> 29 mars au 5 abril<\/li><li><strong>Foire de La Cala de Mijas :<\/strong> 24 juillet au 28 juillet<\/li><li><strong>Foire de Mijas Pueblo :<\/strong> 6 septembre au 11 septembre<\/li><\/ul>\t\t\t\t\t\t\t\t<\/div>\n\t\t\t\t<\/div>\n\t\t\t\t<\/div>\n\t\t<div class=\"elementor-element elementor-element-fc3793a e-con-full e-flex e-con e-child\" data-id=\"fc3793a\" data-element_type=\"container\" data-e-type=\"container\">\n\t\t\t\t<div class=\"elementor-element elementor-element-b018c19 elementor-widget elementor-widget-heading\" data-id=\"b018c19\" data-element_type=\"widget\" data-e-type=\"widget\" data-widget_type=\"heading.default\">\n\t\t\t\t<div class=\"elementor-widget-container\">\n\t\t\t\t\t<h2 class=\"elementor-heading-title elementor-size-default\">O\u00f9 dormir \u00e0 Mijas ? \ud83c\udf05 :<\/h2>\t\t\t\t<\/div>\n\t\t\t\t<\/div>\n\t\t\t\t<\/div>\n\t\t<div class=\"elementor-element elementor-element-bcdf23e e-con-full e-flex e-con e-child\" data-id=\"bcdf23e\" data-element_type=\"container\" data-e-type=\"container\">\n\t\t\t\t<div class=\"elementor-element elementor-element-e10bddd elementor-widget elementor-widget-text-editor\" data-id=\"e10bddd\" data-element_type=\"widget\" data-e-type=\"widget\" data-widget_type=\"text-editor.default\">\n\t\t\t\t<div class=\"elementor-widget-container\">\n\t\t\t\t\t\t\t\t\t<p>Si vous souhaitez passer quelques jours de vacances \u00e0 Mijas, n&#8217;h\u00e9sitez pas \u00e0 r\u00e9server dans l&#8217;un de nos h\u00e9bergements Cubo, vous trouverez s\u00fbrement ce que vous cherchez et bien s\u00fbr, au meilleur prix :<\/p>\n<p><\/p>\n<p><a href=\"https:\/\/www.cuboshomes.com\/fr\/location\/locations-mijas-costa-d441\/vue-liste\/\">CLIQUEZ POUR VOIR NOS LOGEMENTS \u00c0 MIJAS COSTA\u00a0!<\/a><\/p>\n<p><\/p>\n<p><a href=\"https:\/\/www.cuboshomes.com\/fr\/location\/locations-mijas-pueblo-d408371\/\">CLIQUEZ POUR VOIR NOS LOGEMENTS \u00c0 MIJAS PUEBLO\u00a0!<\/a><\/p>\t\t\t\t\t\t\t\t<\/div>\n\t\t\t\t<\/div>\n\t\t\t\t<div class=\"elementor-element elementor-element-fc2cff4 elementor-align-center elementor-widget elementor-widget-button\" data-id=\"fc2cff4\" data-element_type=\"widget\" data-e-type=\"widget\" data-widget_type=\"button.default\">\n\t\t\t\t<div class=\"elementor-widget-container\">\n\t\t\t\t\t\t\t\t\t<div class=\"elementor-button-wrapper\">\n\t\t\t\t\t<a class=\"elementor-button elementor-button-link elementor-size-sm elementor-animation-pulse\" href=\"https:\/\/www.cuboshomes.com\/fr\/\">\n\t\t\t\t\t\t<span class=\"elementor-button-content-wrapper\">\n\t\t\t\t\t\t\t\t\t<span class=\"elementor-button-text\">\u00a1R\u00c9SERVEZ MAINTENANT!<\/span>\n\t\t\t\t\t<\/span>\n\t\t\t\t\t<\/a>\n\t\t\t\t<\/div>\n\t\t\t\t\t\t\t\t<\/div>\n\t\t\t\t<\/div>\n\t\t\t\t<div class=\"elementor-element elementor-element-4f4028a elementor-shape-rounded elementor-grid-0 e-grid-align-center elementor-widget elementor-widget-social-icons\" data-id=\"4f4028a\" data-element_type=\"widget\" data-e-type=\"widget\" data-widget_type=\"social-icons.default\">\n\t\t\t\t<div class=\"elementor-widget-container\">\n\t\t\t\t\t\t\t<div class=\"elementor-social-icons-wrapper elementor-grid\" role=\"list\">\n\t\t\t\t\t\t\t<span class=\"elementor-grid-item\" role=\"listitem\">\n\t\t\t\t\t<a class=\"elementor-icon elementor-social-icon elementor-social-icon-instagram elementor-repeater-item-7984172\" href=\"https:\/\/www.instagram.com\/cuboshomes\/?hl=es\" target=\"_blank\">\n\t\t\t\t\t\t<span class=\"elementor-screen-only\">Instagram<\/span>\n\t\t\t\t\t\t<svg aria-hidden=\"true\" class=\"e-font-icon-svg e-fab-instagram\" viewBox=\"0 0 448 512\" xmlns=\"http:\/\/www.w3.org\/2000\/svg\"><path d=\"M224.1 141c-63.6 0-114.9 51.3-114.9 114.9s51.3 114.9 114.9 114.9S339 319.5 339 255.9 287.7 141 224.1 141zm0 189.6c-41.1 0-74.7-33.5-74.7-74.7s33.5-74.7 74.7-74.7 74.7 33.5 74.7 74.7-33.6 74.7-74.7 74.7zm146.4-194.3c0 14.9-12 26.8-26.8 26.8-14.9 0-26.8-12-26.8-26.8s12-26.8 26.8-26.8 26.8 12 26.8 26.8zm76.1 27.2c-1.7-35.9-9.9-67.7-36.2-93.9-26.2-26.2-58-34.4-93.9-36.2-37-2.1-147.9-2.1-184.9 0-35.8 1.7-67.6 9.9-93.9 36.1s-34.4 58-36.2 93.9c-2.1 37-2.1 147.9 0 184.9 1.7 35.9 9.9 67.7 36.2 93.9s58 34.4 93.9 36.2c37 2.1 147.9 2.1 184.9 0 35.9-1.7 67.7-9.9 93.9-36.2 26.2-26.2 34.4-58 36.2-93.9 2.1-37 2.1-147.8 0-184.8zM398.8 388c-7.8 19.6-22.9 34.7-42.6 42.6-29.5 11.7-99.5 9-132.1 9s-102.7 2.6-132.1-9c-19.6-7.8-34.7-22.9-42.6-42.6-11.7-29.5-9-99.5-9-132.1s-2.6-102.7 9-132.1c7.8-19.6 22.9-34.7 42.6-42.6 29.5-11.7 99.5-9 132.1-9s102.7-2.6 132.1 9c19.6 7.8 34.7 22.9 42.6 42.6 11.7 29.5 9 99.5 9 132.1s2.7 102.7-9 132.1z\"><\/path><\/svg>\t\t\t\t\t<\/a>\n\t\t\t\t<\/span>\n\t\t\t\t\t\t\t<span class=\"elementor-grid-item\" role=\"listitem\">\n\t\t\t\t\t<a class=\"elementor-icon elementor-social-icon elementor-social-icon-facebook elementor-repeater-item-3a59611\" href=\"https:\/\/www.facebook.com\/cuboshomes\/\" target=\"_blank\">\n\t\t\t\t\t\t<span class=\"elementor-screen-only\">Facebook<\/span>\n\t\t\t\t\t\t<svg aria-hidden=\"true\" class=\"e-font-icon-svg e-fab-facebook\" viewBox=\"0 0 512 512\" xmlns=\"http:\/\/www.w3.org\/2000\/svg\"><path d=\"M504 256C504 119 393 8 256 8S8 119 8 256c0 123.78 90.69 226.38 209.25 245V327.69h-63V256h63v-54.64c0-62.15 37-96.48 93.67-96.48 27.14 0 55.52 4.84 55.52 4.84v61h-31.28c-30.8 0-40.41 19.12-40.41 38.73V256h68.78l-11 71.69h-57.78V501C413.31 482.38 504 379.78 504 256z\"><\/path><\/svg>\t\t\t\t\t<\/a>\n\t\t\t\t<\/span>\n\t\t\t\t\t\t\t<span class=\"elementor-grid-item\" role=\"listitem\">\n\t\t\t\t\t<a class=\"elementor-icon elementor-social-icon elementor-social-icon-tiktok elementor-repeater-item-b3ffd54\" href=\"https:\/\/www.tiktok.com\/@cuboshomes?_t=ZN-8uqFRPNfyFy&#038;_r=1\" target=\"_blank\">\n\t\t\t\t\t\t<span class=\"elementor-screen-only\">Tiktok<\/span>\n\t\t\t\t\t\t<svg aria-hidden=\"true\" class=\"e-font-icon-svg e-fab-tiktok\" viewBox=\"0 0 448 512\" xmlns=\"http:\/\/www.w3.org\/2000\/svg\"><path d=\"M448,209.91a210.06,210.06,0,0,1-122.77-39.25V349.38A162.55,162.55,0,1,1,185,188.31V278.2a74.62,74.62,0,1,0,52.23,71.18V0l88,0a121.18,121.18,0,0,0,1.86,22.17h0A122.18,122.18,0,0,0,381,102.39a121.43,121.43,0,0,0,67,20.14Z\"><\/path><\/svg>\t\t\t\t\t<\/a>\n\t\t\t\t<\/span>\n\t\t\t\t\t\t\t<span class=\"elementor-grid-item\" role=\"listitem\">\n\t\t\t\t\t<a class=\"elementor-icon elementor-social-icon elementor-social-icon-youtube elementor-repeater-item-e4bdce2\" href=\"https:\/\/www.youtube.com\/@cubosholidayhomes\" target=\"_blank\">\n\t\t\t\t\t\t<span class=\"elementor-screen-only\">Youtube<\/span>\n\t\t\t\t\t\t<svg aria-hidden=\"true\" class=\"e-font-icon-svg e-fab-youtube\" viewBox=\"0 0 576 512\" xmlns=\"http:\/\/www.w3.org\/2000\/svg\"><path d=\"M549.655 124.083c-6.281-23.65-24.787-42.276-48.284-48.597C458.781 64 288 64 288 64S117.22 64 74.629 75.486c-23.497 6.322-42.003 24.947-48.284 48.597-11.412 42.867-11.412 132.305-11.412 132.305s0 89.438 11.412 132.305c6.281 23.65 24.787 41.5 48.284 47.821C117.22 448 288 448 288 448s170.78 0 213.371-11.486c23.497-6.321 42.003-24.171 48.284-47.821 11.412-42.867 11.412-132.305 11.412-132.305s0-89.438-11.412-132.305zm-317.51 213.508V175.185l142.739 81.205-142.739 81.201z\"><\/path><\/svg>\t\t\t\t\t<\/a>\n\t\t\t\t<\/span>\n\t\t\t\t\t<\/div>\n\t\t\t\t\t\t<\/div>\n\t\t\t\t<\/div>\n\t\t\t\t<\/div>\n\t\t\t\t<\/div>\n\t\t\t\t<\/div>\n\t\t\t\t<\/div>\n\t\t\t\t\t<\/div>\n\t\t\t\t<\/div>\n\t\t\t\t<\/div>\n\t\t","protected":false},"excerpt":{"rendered":"<p>Explorez la beaut\u00e9 de Cala de Mijas sur la Costa del Sol, en Espagne. Avec ses plages et ses vues spectaculaires, elle est id\u00e9ale pour se d\u00e9tendre et profiter du soleil. D\u00e9couvrez ses coins cach\u00e9s et savourez une d\u00e9licieuse cuisine m\u00e9diterran\u00e9enne dans une atmosph\u00e8re d\u00e9tendue. Que visiter \u00e0 La Cala de Mijas ?\ud83c\udfd6\ufe0f : Plage [&hellip;]<\/p>\n","protected":false},"author":4,"featured_media":2113,"comment_status":"open","ping_status":"open","sticky":false,"template":"","format":"standard","meta":{"footnotes":""},"categories":[463,66,451,438,484],"tags":[],"class_list":["post-2151","post","type-post","status-publish","format-standard","has-post-thumbnail","hentry","category-cultura-fr","category-gastronomy-fr","category-alojamientos-fr","category-le-guide-du-voyageur","category-lifestyle-fr"],"yoast_head":"<!-- This site is optimized with the Yoast SEO plugin v25.3 - https:\/\/yoast.com\/wordpress\/plugins\/seo\/ -->\n<title>\u00c0 la d\u00e9couverte de La Cala de Mijas\u00a0: le guide du voyageur - Blog Cubo&#039;s Holiday Homes<\/title>\n<meta name=\"description\" content=\"D\u00e9couvrez La Cala de Mijas\u00a0: plages, gastronomie, promenades en bord de mer et activit\u00e9s pour profiter pleinement de ce charmant coin de la Costa del Sol tout au long de l\u2019ann\u00e9e.\" \/>\n<meta name=\"robots\" content=\"index, follow, max-snippet:-1, max-image-preview:large, max-video-preview:-1\" \/>\n<link rel=\"canonical\" href=\"https:\/\/www.cuboshomes.com\/blog\/fr\/decouverte-de-la-cala-de-mijas\/\" \/>\n<meta property=\"og:locale\" content=\"fr_FR\" \/>\n<meta property=\"og:type\" content=\"article\" \/>\n<meta property=\"og:title\" content=\"\u00c0 la d\u00e9couverte de La Cala de Mijas\u00a0: le guide du voyageur - Blog Cubo&#039;s Holiday Homes\" \/>\n<meta property=\"og:description\" content=\"D\u00e9couvrez La Cala de Mijas\u00a0: plages, gastronomie, promenades en bord de mer et activit\u00e9s pour profiter pleinement de ce charmant coin de la Costa del Sol tout au long de l\u2019ann\u00e9e.\" \/>\n<meta property=\"og:url\" content=\"https:\/\/www.cuboshomes.com\/blog\/fr\/decouverte-de-la-cala-de-mijas\/\" \/>\n<meta property=\"og:site_name\" content=\"Blog Cubo&#039;s Holiday Homes\" \/>\n<meta property=\"article:published_time\" content=\"2024-02-21T12:37:52+00:00\" \/>\n<meta property=\"article:modified_time\" content=\"2025-12-12T11:45:15+00:00\" \/>\n<meta property=\"og:image\" content=\"https:\/\/www.cuboshomes.com\/blog\/wp-content\/uploads\/2024\/02\/Mijas-White-village-in-Spain.jpeg\" \/>\n\t<meta property=\"og:image:width\" content=\"1024\" \/>\n\t<meta property=\"og:image:height\" content=\"766\" \/>\n\t<meta property=\"og:image:type\" content=\"image\/jpeg\" \/>\n<meta name=\"author\" content=\"cuboshomes\" \/>\n<meta name=\"twitter:card\" content=\"summary_large_image\" \/>\n<meta name=\"twitter:label1\" content=\"Written by\" \/>\n\t<meta name=\"twitter:data1\" content=\"cuboshomes\" \/>\n\t<meta name=\"twitter:label2\" content=\"Est. reading time\" \/>\n\t<meta name=\"twitter:data2\" content=\"6 minutes\" \/>\n<script type=\"application\/ld+json\" class=\"yoast-schema-graph\">{\"@context\":\"https:\/\/schema.org\",\"@graph\":[{\"@type\":\"WebPage\",\"@id\":\"https:\/\/www.cuboshomes.com\/blog\/fr\/decouverte-de-la-cala-de-mijas\/\",\"url\":\"https:\/\/www.cuboshomes.com\/blog\/fr\/decouverte-de-la-cala-de-mijas\/\",\"name\":\"\u00c0 la d\u00e9couverte de La Cala de Mijas\u00a0: le guide du voyageur - Blog Cubo&#039;s Holiday Homes\",\"isPartOf\":{\"@id\":\"https:\/\/www.cuboshomes.com\/blog\/fr\/#website\"},\"primaryImageOfPage\":{\"@id\":\"https:\/\/www.cuboshomes.com\/blog\/fr\/decouverte-de-la-cala-de-mijas\/#primaryimage\"},\"image\":{\"@id\":\"https:\/\/www.cuboshomes.com\/blog\/fr\/decouverte-de-la-cala-de-mijas\/#primaryimage\"},\"thumbnailUrl\":\"https:\/\/www.cuboshomes.com\/blog\/wp-content\/uploads\/2024\/02\/Mijas-White-village-in-Spain.jpeg\",\"datePublished\":\"2024-02-21T12:37:52+00:00\",\"dateModified\":\"2025-12-12T11:45:15+00:00\",\"author\":{\"@id\":\"https:\/\/www.cuboshomes.com\/blog\/fr\/#\/schema\/person\/07d7351e1490c5ee1bc865d8b7866913\"},\"description\":\"D\u00e9couvrez La Cala de Mijas\u00a0: plages, gastronomie, promenades en bord de mer et activit\u00e9s pour profiter pleinement de ce charmant coin de la Costa del Sol tout au long de l\u2019ann\u00e9e.\",\"breadcrumb\":{\"@id\":\"https:\/\/www.cuboshomes.com\/blog\/fr\/decouverte-de-la-cala-de-mijas\/#breadcrumb\"},\"inLanguage\":\"fr\",\"potentialAction\":[{\"@type\":\"ReadAction\",\"target\":[\"https:\/\/www.cuboshomes.com\/blog\/fr\/decouverte-de-la-cala-de-mijas\/\"]}]},{\"@type\":\"ImageObject\",\"inLanguage\":\"fr\",\"@id\":\"https:\/\/www.cuboshomes.com\/blog\/fr\/decouverte-de-la-cala-de-mijas\/#primaryimage\",\"url\":\"https:\/\/www.cuboshomes.com\/blog\/wp-content\/uploads\/2024\/02\/Mijas-White-village-in-Spain.jpeg\",\"contentUrl\":\"https:\/\/www.cuboshomes.com\/blog\/wp-content\/uploads\/2024\/02\/Mijas-White-village-in-Spain.jpeg\",\"width\":1024,\"height\":766},{\"@type\":\"BreadcrumbList\",\"@id\":\"https:\/\/www.cuboshomes.com\/blog\/fr\/decouverte-de-la-cala-de-mijas\/#breadcrumb\",\"itemListElement\":[{\"@type\":\"ListItem\",\"position\":1,\"name\":\"Portada\",\"item\":\"https:\/\/www.cuboshomes.com\/blog\/fr\/cubos-home-blog-vacances-sur-la-costa-del-sol\/\"},{\"@type\":\"ListItem\",\"position\":2,\"name\":\"\u00c0 la d\u00e9couverte de La Cala de Mijas\u00a0: le guide du voyageur\"}]},{\"@type\":\"WebSite\",\"@id\":\"https:\/\/www.cuboshomes.com\/blog\/fr\/#website\",\"url\":\"https:\/\/www.cuboshomes.com\/blog\/fr\/\",\"name\":\"Blog Cubo&#039;s Holiday Homes\",\"description\":\"\",\"potentialAction\":[{\"@type\":\"SearchAction\",\"target\":{\"@type\":\"EntryPoint\",\"urlTemplate\":\"https:\/\/www.cuboshomes.com\/blog\/fr\/?s={search_term_string}\"},\"query-input\":{\"@type\":\"PropertyValueSpecification\",\"valueRequired\":true,\"valueName\":\"search_term_string\"}}],\"inLanguage\":\"fr\"},{\"@type\":\"Person\",\"@id\":\"https:\/\/www.cuboshomes.com\/blog\/fr\/#\/schema\/person\/07d7351e1490c5ee1bc865d8b7866913\",\"name\":\"cuboshomes\",\"image\":{\"@type\":\"ImageObject\",\"inLanguage\":\"fr\",\"@id\":\"https:\/\/www.cuboshomes.com\/blog\/fr\/#\/schema\/person\/image\/\",\"url\":\"https:\/\/secure.gravatar.com\/avatar\/7a5399cfe1894289644dcbec0fce9dc7?s=96&d=mm&r=g\",\"contentUrl\":\"https:\/\/secure.gravatar.com\/avatar\/7a5399cfe1894289644dcbec0fce9dc7?s=96&d=mm&r=g\",\"caption\":\"cuboshomes\"}}]}<\/script>\n<!-- \/ Yoast SEO plugin. -->","yoast_head_json":{"title":"\u00c0 la d\u00e9couverte de La Cala de Mijas\u00a0: le guide du voyageur - Blog Cubo&#039;s Holiday Homes","description":"D\u00e9couvrez La Cala de Mijas\u00a0: plages, gastronomie, promenades en bord de mer et activit\u00e9s pour profiter pleinement de ce charmant coin de la Costa del Sol tout au long de l\u2019ann\u00e9e.","robots":{"index":"index","follow":"follow","max-snippet":"max-snippet:-1","max-image-preview":"max-image-preview:large","max-video-preview":"max-video-preview:-1"},"canonical":"https:\/\/www.cuboshomes.com\/blog\/fr\/decouverte-de-la-cala-de-mijas\/","og_locale":"fr_FR","og_type":"article","og_title":"\u00c0 la d\u00e9couverte de La Cala de Mijas\u00a0: le guide du voyageur - Blog Cubo&#039;s Holiday Homes","og_description":"D\u00e9couvrez La Cala de Mijas\u00a0: plages, gastronomie, promenades en bord de mer et activit\u00e9s pour profiter pleinement de ce charmant coin de la Costa del Sol tout au long de l\u2019ann\u00e9e.","og_url":"https:\/\/www.cuboshomes.com\/blog\/fr\/decouverte-de-la-cala-de-mijas\/","og_site_name":"Blog Cubo&#039;s Holiday Homes","article_published_time":"2024-02-21T12:37:52+00:00","article_modified_time":"2025-12-12T11:45:15+00:00","og_image":[{"width":1024,"height":766,"url":"https:\/\/www.cuboshomes.com\/blog\/wp-content\/uploads\/2024\/02\/Mijas-White-village-in-Spain.jpeg","type":"image\/jpeg"}],"author":"cuboshomes","twitter_card":"summary_large_image","twitter_misc":{"Written by":"cuboshomes","Est. reading time":"6 minutes"},"schema":{"@context":"https:\/\/schema.org","@graph":[{"@type":"WebPage","@id":"https:\/\/www.cuboshomes.com\/blog\/fr\/decouverte-de-la-cala-de-mijas\/","url":"https:\/\/www.cuboshomes.com\/blog\/fr\/decouverte-de-la-cala-de-mijas\/","name":"\u00c0 la d\u00e9couverte de La Cala de Mijas\u00a0: le guide du voyageur - Blog Cubo&#039;s Holiday Homes","isPartOf":{"@id":"https:\/\/www.cuboshomes.com\/blog\/fr\/#website"},"primaryImageOfPage":{"@id":"https:\/\/www.cuboshomes.com\/blog\/fr\/decouverte-de-la-cala-de-mijas\/#primaryimage"},"image":{"@id":"https:\/\/www.cuboshomes.com\/blog\/fr\/decouverte-de-la-cala-de-mijas\/#primaryimage"},"thumbnailUrl":"https:\/\/www.cuboshomes.com\/blog\/wp-content\/uploads\/2024\/02\/Mijas-White-village-in-Spain.jpeg","datePublished":"2024-02-21T12:37:52+00:00","dateModified":"2025-12-12T11:45:15+00:00","author":{"@id":"https:\/\/www.cuboshomes.com\/blog\/fr\/#\/schema\/person\/07d7351e1490c5ee1bc865d8b7866913"},"description":"D\u00e9couvrez La Cala de Mijas\u00a0: plages, gastronomie, promenades en bord de mer et activit\u00e9s pour profiter pleinement de ce charmant coin de la Costa del Sol tout au long de l\u2019ann\u00e9e.","breadcrumb":{"@id":"https:\/\/www.cuboshomes.com\/blog\/fr\/decouverte-de-la-cala-de-mijas\/#breadcrumb"},"inLanguage":"fr","potentialAction":[{"@type":"ReadAction","target":["https:\/\/www.cuboshomes.com\/blog\/fr\/decouverte-de-la-cala-de-mijas\/"]}]},{"@type":"ImageObject","inLanguage":"fr","@id":"https:\/\/www.cuboshomes.com\/blog\/fr\/decouverte-de-la-cala-de-mijas\/#primaryimage","url":"https:\/\/www.cuboshomes.com\/blog\/wp-content\/uploads\/2024\/02\/Mijas-White-village-in-Spain.jpeg","contentUrl":"https:\/\/www.cuboshomes.com\/blog\/wp-content\/uploads\/2024\/02\/Mijas-White-village-in-Spain.jpeg","width":1024,"height":766},{"@type":"BreadcrumbList","@id":"https:\/\/www.cuboshomes.com\/blog\/fr\/decouverte-de-la-cala-de-mijas\/#breadcrumb","itemListElement":[{"@type":"ListItem","position":1,"name":"Portada","item":"https:\/\/www.cuboshomes.com\/blog\/fr\/cubos-home-blog-vacances-sur-la-costa-del-sol\/"},{"@type":"ListItem","position":2,"name":"\u00c0 la d\u00e9couverte de La Cala de Mijas\u00a0: le guide du voyageur"}]},{"@type":"WebSite","@id":"https:\/\/www.cuboshomes.com\/blog\/fr\/#website","url":"https:\/\/www.cuboshomes.com\/blog\/fr\/","name":"Blog Cubo&#039;s Holiday Homes","description":"","potentialAction":[{"@type":"SearchAction","target":{"@type":"EntryPoint","urlTemplate":"https:\/\/www.cuboshomes.com\/blog\/fr\/?s={search_term_string}"},"query-input":{"@type":"PropertyValueSpecification","valueRequired":true,"valueName":"search_term_string"}}],"inLanguage":"fr"},{"@type":"Person","@id":"https:\/\/www.cuboshomes.com\/blog\/fr\/#\/schema\/person\/07d7351e1490c5ee1bc865d8b7866913","name":"cuboshomes","image":{"@type":"ImageObject","inLanguage":"fr","@id":"https:\/\/www.cuboshomes.com\/blog\/fr\/#\/schema\/person\/image\/","url":"https:\/\/secure.gravatar.com\/avatar\/7a5399cfe1894289644dcbec0fce9dc7?s=96&d=mm&r=g","contentUrl":"https:\/\/secure.gravatar.com\/avatar\/7a5399cfe1894289644dcbec0fce9dc7?s=96&d=mm&r=g","caption":"cuboshomes"}}]}},"_links":{"self":[{"href":"https:\/\/www.cuboshomes.com\/blog\/fr\/wp-json\/wp\/v2\/posts\/2151","targetHints":{"allow":["GET"]}}],"collection":[{"href":"https:\/\/www.cuboshomes.com\/blog\/fr\/wp-json\/wp\/v2\/posts"}],"about":[{"href":"https:\/\/www.cuboshomes.com\/blog\/fr\/wp-json\/wp\/v2\/types\/post"}],"author":[{"embeddable":true,"href":"https:\/\/www.cuboshomes.com\/blog\/fr\/wp-json\/wp\/v2\/users\/4"}],"replies":[{"embeddable":true,"href":"https:\/\/www.cuboshomes.com\/blog\/fr\/wp-json\/wp\/v2\/comments?post=2151"}],"version-history":[{"count":8,"href":"https:\/\/www.cuboshomes.com\/blog\/fr\/wp-json\/wp\/v2\/posts\/2151\/revisions"}],"predecessor-version":[{"id":4277,"href":"https:\/\/www.cuboshomes.com\/blog\/fr\/wp-json\/wp\/v2\/posts\/2151\/revisions\/4277"}],"wp:featuredmedia":[{"embeddable":true,"href":"https:\/\/www.cuboshomes.com\/blog\/fr\/wp-json\/wp\/v2\/media\/2113"}],"wp:attachment":[{"href":"https:\/\/www.cuboshomes.com\/blog\/fr\/wp-json\/wp\/v2\/media?parent=2151"}],"wp:term":[{"taxonomy":"category","embeddable":true,"href":"https:\/\/www.cuboshomes.com\/blog\/fr\/wp-json\/wp\/v2\/categories?post=2151"},{"taxonomy":"post_tag","embeddable":true,"href":"https:\/\/www.cuboshomes.com\/blog\/fr\/wp-json\/wp\/v2\/tags?post=2151"}],"curies":[{"name":"wp","href":"https:\/\/api.w.org\/{rel}","templated":true}]}}