{"id":4717,"date":"2026-01-23T12:24:44","date_gmt":"2026-01-23T12:24:44","guid":{"rendered":"https:\/\/www.cuboshomes.com\/blog\/?p=4717"},"modified":"2026-01-23T12:41:50","modified_gmt":"2026-01-23T12:41:50","slug":"malaga-carnival-2026","status":"publish","type":"post","link":"https:\/\/www.cuboshomes.com\/blog\/en\/malaga-carnival-2026\/","title":{"rendered":"Malaga Carnival 2026: complete guide for the whole province \u00a0\ud83c\udfad"},"content":{"rendered":"\t\t<div data-elementor-type=\"wp-post\" data-elementor-id=\"4717\" class=\"elementor elementor-4717 elementor-4582\" data-elementor-post-type=\"post\">\n\t\t\t\t<div class=\"elementor-element elementor-element-ba28177 e-flex e-con-boxed e-con e-parent\" data-id=\"ba28177\" data-element_type=\"container\" data-e-type=\"container\">\n\t\t\t\t\t<div class=\"e-con-inner\">\n\t\t\t\t<div class=\"elementor-element elementor-element-42b4580 elementor-widget elementor-widget-heading\" data-id=\"42b4580\" data-element_type=\"widget\" data-e-type=\"widget\" data-widget_type=\"heading.default\">\n\t\t\t\t<div class=\"elementor-widget-container\">\n\t\t\t\t\t<h2 class=\"elementor-heading-title elementor-size-default\">\ud83c\udfad Malaga Carnival 2026: complete guide for the whole province<\/h2>\t\t\t\t<\/div>\n\t\t\t\t<\/div>\n\t\t\t\t<div class=\"elementor-element elementor-element-6742a15 elementor-widget elementor-widget-text-editor\" data-id=\"6742a15\" data-element_type=\"widget\" data-e-type=\"widget\" data-widget_type=\"text-editor.default\">\n\t\t\t\t<div class=\"elementor-widget-container\">\n\t\t\t\t\t\t\t\t\t<p data-start=\"296\" data-end=\"683\">The <strong data-start=\"300\" data-end=\"324\">Malaga Carnival 2026<\/strong> will take place from <strong data-start=\"346\" data-end=\"375\">February 7 to February 15<\/strong> and will fill the capital and numerous municipalities in the province with parades, contests, costumes, music and typical gastronomy. This guide brings together the key dates, confirmed activities and the most notable places to enjoy the carnival in M\u00e1laga during 2026.<\/p><p data-start=\"685\" data-end=\"968\">In addition to the capital, cities such as Torremolinos, Benalm\u00e1dena, Fuengirola, V\u00e9lez-M\u00e1laga or Marbella also celebrate their own carnival, which allows you to plan themed getaways across the province and visit less crowded places in February.<\/p><p data-start=\"970\" data-end=\"1512\">The preliminary phase of the COAC (Official Carnival Singing Groups Contest) will be held between <strong data-start=\"1068\" data-end=\"1097\">January 23 and January 30<\/strong> at the Superior School of Dramatic Art (ESAD). The semifinals will take place from <strong data-start=\"1181\" data-end=\"1209\">February 1 to February 4<\/strong> at the Cervantes Theatre. Finally, the grand final is scheduled for <strong data-start=\"1278\" data-end=\"1300\">Friday, February 6<\/strong>. Once the contest has ended, the next day the street party will begin in the centre and some neighbourhoods of the city. Below, you have the most important dates and events.<\/p>\t\t\t\t\t\t\t\t<\/div>\n\t\t\t\t<\/div>\n\t\t\t\t\t<\/div>\n\t\t\t\t<\/div>\n\t\t<div class=\"elementor-element elementor-element-9186e0f e-flex e-con-boxed e-con e-parent\" data-id=\"9186e0f\" data-element_type=\"container\" data-e-type=\"container\">\n\t\t\t\t\t<div class=\"e-con-inner\">\n\t\t\t\t<div class=\"elementor-element elementor-element-977474c elementor-widget elementor-widget-heading\" data-id=\"977474c\" data-element_type=\"widget\" data-e-type=\"widget\" data-widget_type=\"heading.default\">\n\t\t\t\t<div class=\"elementor-widget-container\">\n\t\t\t\t\t<h2 class=\"elementor-heading-title elementor-size-default\">\ud83d\udcc5 Key Dates of Malaga Carnival 2026<\/h2>\t\t\t\t<\/div>\n\t\t\t\t<\/div>\n\t\t\t\t<div class=\"elementor-element elementor-element-083d868 elementor-widget elementor-widget-text-editor\" data-id=\"083d868\" data-element_type=\"widget\" data-e-type=\"widget\" data-widget_type=\"text-editor.default\">\n\t\t\t\t<div class=\"elementor-widget-container\">\n\t\t\t\t\t\t\t\t\t<p>\ud83c\udf9f <strong data-start=\"1567\" data-end=\"1583\">1\u20134 February<\/strong> \u2192 COAC semifinals at the Cervantes Theatre. <br data-start=\"1665\" data-end=\"1668\" \/>\ud83c\udfc6 <strong data-start=\"1671\" data-end=\"1685\">6 February<\/strong> \u2192 COAC final at the Cervantes Theatre. <br data-start=\"1762\" data-end=\"1765\" \/>\ud83c\udf89 <strong data-start=\"1768\" data-end=\"1782\">7 February<\/strong> \u2192 Opening ceremony, choice of the God and Goddess of the Carnival and street carnival. <br data-start=\"1907\" data-end=\"1910\" \/>\ud83c\udf88 <strong data-start=\"1913\" data-end=\"1927\">8 February<\/strong> \u2192 Parade and children\u2019s contest. <br data-start=\"1998\" data-end=\"2001\" \/>\ud83d\udccd <strong data-start=\"2004\" data-end=\"2019\">12 February<\/strong> \u2192 Finale at Plaza de la Constituci\u00f3n. <br data-start=\"2095\" data-end=\"2098\" \/>\ud83c\udf08 <strong data-start=\"2101\" data-end=\"2119\">13\u201314 February<\/strong> \u2192 Drag Gala and Battle of the Flowers. <br data-start=\"2196\" data-end=\"2199\" \/>\ud83d\udc1f <strong data-start=\"2202\" data-end=\"2217\">15 February<\/strong> \u2192 Grand Boqueron\u00e1 and Burial of the Anchovy.<\/p>\t\t\t\t\t\t\t\t<\/div>\n\t\t\t\t<\/div>\n\t\t\t\t\t<\/div>\n\t\t\t\t<\/div>\n\t\t<div class=\"elementor-element elementor-element-70a6274 e-flex e-con-boxed e-con e-parent\" data-id=\"70a6274\" data-element_type=\"container\" data-e-type=\"container\">\n\t\t\t\t\t<div class=\"e-con-inner\">\n\t\t\t\t<div class=\"elementor-element elementor-element-00fa22f elementor-widget elementor-widget-heading\" data-id=\"00fa22f\" data-element_type=\"widget\" data-e-type=\"widget\" data-widget_type=\"heading.default\">\n\t\t\t\t<div class=\"elementor-widget-container\">\n\t\t\t\t\t<h2 class=\"elementor-heading-title elementor-size-default\">\ud83c\udf89 Malaga Carnival: Programme and Highlighted Events<\/h2>\t\t\t\t<\/div>\n\t\t\t\t<\/div>\n\t\t\t\t<div class=\"elementor-element elementor-element-a15dfa6 elementor-widget elementor-widget-text-editor\" data-id=\"a15dfa6\" data-element_type=\"widget\" data-e-type=\"widget\" data-widget_type=\"text-editor.default\">\n\t\t\t\t<div class=\"elementor-widget-container\">\n\t\t\t\t\t\t\t\t\t<p data-start=\"2368\" data-end=\"2655\">M\u00e1laga capital hosts the most extensive programme. Most of the activities are free and take place in <strong data-start=\"2469\" data-end=\"2497\">Plaza de la Constituci\u00f3n<\/strong>, <strong data-start=\"2499\" data-end=\"2515\">Calle Larios<\/strong>, <strong data-start=\"2517\" data-end=\"2537\">Teatro Cervantes<\/strong> and neighbourhoods such as <strong data-start=\"2565\" data-end=\"2576\">El Palo<\/strong>, <strong data-start=\"2578\" data-end=\"2592\">El Perchel<\/strong> or <strong data-start=\"2596\" data-end=\"2614\">Palma-Palmilla<\/strong>.<\/p><p data-start=\"2657\" data-end=\"2722\">Here are some of the most well-known acts of the Malaga Carnival:<\/p><p><b>\ud83c\udfa4 Official Opening Ceremony: <\/b>marks the start of the carnival in Plaza de la Constituci\u00f3n.<\/p><p><b>\ud83d\udc51<strong data-start=\"2862\" data-end=\"2914\">Election of the God and Goddess of the Carnival:<\/strong><\/b> a symbolic event widely followed by locals.<\/p><p><span style=\"font-weight: 400;\">\ud83c\udfba <strong data-start=\"3003\" data-end=\"3035\">Parade and Costume Contests:<\/strong> parades that fill the historic centre with colour and live performances.<\/span><\/p><p><b>\ud83c\udf08<strong data-start=\"3153\" data-end=\"3167\">Drag Gala:<\/strong><\/b>one of the most striking and attended shows of the carnival.<\/p><p><b>\ud83c\udf38\u00a0 <strong data-start=\"3273\" data-end=\"3295\">Battle of Flowers:<\/strong><\/b>a floral and confetti parade held mainly on<b> Calle Larios<\/b><span style=\"font-weight: 400;\">.<\/span><\/p><p><b>\ud83d\udc1f\u00a0 <\/b><strong>G<\/strong><b><strong data-start=\"3398\" data-end=\"3444\">rand Boqueron\u00e1 and Burial of the Anchovy:<\/strong><\/b>free boquerones (fried fish) for everyone and the traditional closing on<b> La Malagueta Beach <\/b>with the parade and the burial of the anchovy.<\/p><p>The combination of daytime and nighttime activities allows enjoying Malaga Carnival 2026 in a way that suits any type of traveller: families, couples or groups of friends.<\/p>\t\t\t\t\t\t\t\t<\/div>\n\t\t\t\t<\/div>\n\t\t\t\t<div class=\"elementor-element elementor-element-a0545b1 elementor-arrows-position-inside elementor-pagination-position-outside elementor-widget elementor-widget-image-carousel\" data-id=\"a0545b1\" data-element_type=\"widget\" data-e-type=\"widget\" data-settings=\"{&quot;navigation&quot;:&quot;both&quot;,&quot;autoplay&quot;:&quot;yes&quot;,&quot;pause_on_hover&quot;:&quot;yes&quot;,&quot;pause_on_interaction&quot;:&quot;yes&quot;,&quot;autoplay_speed&quot;:5000,&quot;infinite&quot;:&quot;yes&quot;,&quot;speed&quot;:500}\" data-widget_type=\"image-carousel.default\">\n\t\t\t\t<div class=\"elementor-widget-container\">\n\t\t\t\t\t\t\t<div class=\"elementor-image-carousel-wrapper swiper\" role=\"region\" aria-roledescription=\"carousel\" aria-label=\"Image Carousel\" dir=\"ltr\">\n\t\t\t<div class=\"elementor-image-carousel swiper-wrapper\" aria-live=\"off\">\n\t\t\t\t\t\t\t\t<div class=\"swiper-slide\" role=\"group\" aria-roledescription=\"slide\" aria-label=\"1 of 4\"><figure class=\"swiper-slide-inner\"><img decoding=\"async\" class=\"swiper-slide-image\" src=\"https:\/\/www.cuboshomes.com\/blog\/wp-content\/uploads\/2026\/01\/entierro-boqueron-19-768x512.webp\" alt=\"entierro-boqueron (19)\" \/><\/figure><\/div><div class=\"swiper-slide\" role=\"group\" aria-roledescription=\"slide\" aria-label=\"2 of 4\"><figure class=\"swiper-slide-inner\"><img decoding=\"async\" class=\"swiper-slide-image\" src=\"https:\/\/www.cuboshomes.com\/blog\/wp-content\/uploads\/2026\/01\/Untitled-1-768x512.png\" alt=\"Untitled-1\" \/><\/figure><\/div><div class=\"swiper-slide\" role=\"group\" aria-roledescription=\"slide\" aria-label=\"3 of 4\"><figure class=\"swiper-slide-inner\"><img decoding=\"async\" class=\"swiper-slide-image\" src=\"https:\/\/www.cuboshomes.com\/blog\/wp-content\/uploads\/2026\/01\/Untitled-2-768x512.png\" alt=\"Untitled-2\" \/><\/figure><\/div><div class=\"swiper-slide\" role=\"group\" aria-roledescription=\"slide\" aria-label=\"4 of 4\"><figure class=\"swiper-slide-inner\"><img decoding=\"async\" class=\"swiper-slide-image\" src=\"https:\/\/www.cuboshomes.com\/blog\/wp-content\/uploads\/2026\/01\/afb4a6f6-1910-4738-876a-ae7ecba124d0_source-aspect-ratio_default_0-768x512.jpg\" alt=\"afb4a6f6-1910-4738-876a-ae7ecba124d0_source-aspect-ratio_default_0\" \/><\/figure><\/div>\t\t\t<\/div>\n\t\t\t\t\t\t\t\t\t\t\t\t<div class=\"elementor-swiper-button elementor-swiper-button-prev\" role=\"button\" tabindex=\"0\">\n\t\t\t\t\t\t<svg aria-hidden=\"true\" class=\"e-font-icon-svg e-eicon-chevron-left\" viewBox=\"0 0 1000 1000\" xmlns=\"http:\/\/www.w3.org\/2000\/svg\"><path d=\"M646 125C629 125 613 133 604 142L308 442C296 454 292 471 292 487 292 504 296 521 308 533L604 854C617 867 629 875 646 875 663 875 679 871 692 858 704 846 713 829 713 812 713 796 708 779 692 767L438 487 692 225C700 217 708 204 708 187 708 171 704 154 692 142 675 129 663 125 646 125Z\"><\/path><\/svg>\t\t\t\t\t<\/div>\n\t\t\t\t\t<div class=\"elementor-swiper-button elementor-swiper-button-next\" role=\"button\" tabindex=\"0\">\n\t\t\t\t\t\t<svg aria-hidden=\"true\" class=\"e-font-icon-svg e-eicon-chevron-right\" viewBox=\"0 0 1000 1000\" xmlns=\"http:\/\/www.w3.org\/2000\/svg\"><path d=\"M696 533C708 521 713 504 713 487 713 471 708 454 696 446L400 146C388 133 375 125 354 125 338 125 325 129 313 142 300 154 292 171 292 187 292 204 296 221 308 233L563 492 304 771C292 783 288 800 288 817 288 833 296 850 308 863 321 871 338 875 354 875 371 875 388 867 400 854L696 533Z\"><\/path><\/svg>\t\t\t\t\t<\/div>\n\t\t\t\t\n\t\t\t\t\t\t\t\t\t<div class=\"swiper-pagination\"><\/div>\n\t\t\t\t\t\t\t\t\t<\/div>\n\t\t\t\t\t\t<\/div>\n\t\t\t\t<\/div>\n\t\t<div class=\"elementor-element elementor-element-04cd77b e-con-full e-flex e-con e-child\" data-id=\"04cd77b\" data-element_type=\"container\" data-e-type=\"container\">\n\t\t\t\t<div class=\"elementor-element elementor-element-a0a84a1 elementor-widget elementor-widget-heading\" data-id=\"a0a84a1\" data-element_type=\"widget\" data-e-type=\"widget\" data-widget_type=\"heading.default\">\n\t\t\t\t<div class=\"elementor-widget-container\">\n\t\t\t\t\t<h2 class=\"elementor-heading-title elementor-size-default\">\ud83c\udf0d Carnival in the Province\u2019s Municipalities<\/h2>\t\t\t\t<\/div>\n\t\t\t\t<\/div>\n\t\t\t\t<div class=\"elementor-element elementor-element-27b19c2 elementor-widget elementor-widget-text-editor\" data-id=\"27b19c2\" data-element_type=\"widget\" data-e-type=\"widget\" data-widget_type=\"text-editor.default\">\n\t\t\t\t<div class=\"elementor-widget-container\">\n\t\t\t\t\t\t\t\t\t<p>Besides the capital, other municipalities also celebrate their carnival with parades, competitions and family-friendly activities.<\/p>\t\t\t\t\t\t\t\t<\/div>\n\t\t\t\t<\/div>\n\t\t\t\t<div class=\"elementor-element elementor-element-58a12c7 elementor-widget elementor-widget-heading\" data-id=\"58a12c7\" data-element_type=\"widget\" data-e-type=\"widget\" data-widget_type=\"heading.default\">\n\t\t\t\t<div class=\"elementor-widget-container\">\n\t\t\t\t\t<h2 class=\"elementor-heading-title elementor-size-default\">\ud83e\udd41 Torremolinos<\/h2>\t\t\t\t<\/div>\n\t\t\t\t<\/div>\n\t\t\t\t<div class=\"elementor-element elementor-element-8376dbf elementor-widget elementor-widget-text-editor\" data-id=\"8376dbf\" data-element_type=\"widget\" data-e-type=\"widget\" data-widget_type=\"text-editor.default\">\n\t\t\t\t<div class=\"elementor-widget-container\">\n\t\t\t\t\t\t\t\t\t<p>In Torremolinos, the carnival is experienced with enthusiasm, a great atmosphere and massive participation by locals. There are many activities such as the Chirigotas contest, carnival parade in La Carihuela, children\u2019s costume contest and the Grand Carnival Ball at the Palacio de Congresos y Exposiciones. Additionally, the <strong data-start=\"4424\" data-end=\"4443\">Drag Queen Gala<\/strong>, a benchmark in the LGTBIQ+ world, will be held on <strong data-start=\"4495\" data-end=\"4510\">February 21<\/strong>. To conclude, the traditional <strong data-start=\"4541\" data-end=\"4566\">Burial of the Sardine<\/strong> takes place near the San Miguel neighbourhood.<\/p>\t\t\t\t\t\t\t\t<\/div>\n\t\t\t\t<\/div>\n\t\t\t\t<div class=\"elementor-element elementor-element-e172d9e elementor-arrows-position-inside elementor-pagination-position-outside elementor-widget elementor-widget-image-carousel\" data-id=\"e172d9e\" data-element_type=\"widget\" data-e-type=\"widget\" data-settings=\"{&quot;navigation&quot;:&quot;both&quot;,&quot;autoplay&quot;:&quot;yes&quot;,&quot;pause_on_hover&quot;:&quot;yes&quot;,&quot;pause_on_interaction&quot;:&quot;yes&quot;,&quot;autoplay_speed&quot;:5000,&quot;infinite&quot;:&quot;yes&quot;,&quot;speed&quot;:500}\" data-widget_type=\"image-carousel.default\">\n\t\t\t\t<div class=\"elementor-widget-container\">\n\t\t\t\t\t\t\t<div class=\"elementor-image-carousel-wrapper swiper\" role=\"region\" aria-roledescription=\"carousel\" aria-label=\"Image Carousel\" dir=\"ltr\">\n\t\t\t<div class=\"elementor-image-carousel swiper-wrapper\" aria-live=\"off\">\n\t\t\t\t\t\t\t\t<div class=\"swiper-slide\" role=\"group\" aria-roledescription=\"slide\" aria-label=\"1 of 4\"><figure class=\"swiper-slide-inner\"><img decoding=\"async\" class=\"swiper-slide-image\" src=\"https:\/\/www.cuboshomes.com\/blog\/wp-content\/uploads\/2026\/01\/torremol-768x432.webp\" alt=\"torremol\" \/><\/figure><\/div><div class=\"swiper-slide\" role=\"group\" aria-roledescription=\"slide\" aria-label=\"2 of 4\"><figure class=\"swiper-slide-inner\"><img decoding=\"async\" class=\"swiper-slide-image\" src=\"https:\/\/www.cuboshomes.com\/blog\/wp-content\/uploads\/2026\/01\/torremol2.jpg\" alt=\"torremol2\" \/><\/figure><\/div><div class=\"swiper-slide\" role=\"group\" aria-roledescription=\"slide\" aria-label=\"3 of 4\"><figure class=\"swiper-slide-inner\"><img decoding=\"async\" class=\"swiper-slide-image\" src=\"https:\/\/www.cuboshomes.com\/blog\/wp-content\/uploads\/2026\/01\/torremol5-768x432.png\" alt=\"torremol5\" \/><\/figure><\/div><div class=\"swiper-slide\" role=\"group\" aria-roledescription=\"slide\" aria-label=\"4 of 4\"><figure class=\"swiper-slide-inner\"><img decoding=\"async\" class=\"swiper-slide-image\" src=\"https:\/\/www.cuboshomes.com\/blog\/wp-content\/uploads\/2026\/01\/torremol6-768x432.png\" alt=\"torremol6\" \/><\/figure><\/div>\t\t\t<\/div>\n\t\t\t\t\t\t\t\t\t\t\t\t<div class=\"elementor-swiper-button elementor-swiper-button-prev\" role=\"button\" tabindex=\"0\">\n\t\t\t\t\t\t<svg aria-hidden=\"true\" class=\"e-font-icon-svg e-eicon-chevron-left\" viewBox=\"0 0 1000 1000\" xmlns=\"http:\/\/www.w3.org\/2000\/svg\"><path d=\"M646 125C629 125 613 133 604 142L308 442C296 454 292 471 292 487 292 504 296 521 308 533L604 854C617 867 629 875 646 875 663 875 679 871 692 858 704 846 713 829 713 812 713 796 708 779 692 767L438 487 692 225C700 217 708 204 708 187 708 171 704 154 692 142 675 129 663 125 646 125Z\"><\/path><\/svg>\t\t\t\t\t<\/div>\n\t\t\t\t\t<div class=\"elementor-swiper-button elementor-swiper-button-next\" role=\"button\" tabindex=\"0\">\n\t\t\t\t\t\t<svg aria-hidden=\"true\" class=\"e-font-icon-svg e-eicon-chevron-right\" viewBox=\"0 0 1000 1000\" xmlns=\"http:\/\/www.w3.org\/2000\/svg\"><path d=\"M696 533C708 521 713 504 713 487 713 471 708 454 696 446L400 146C388 133 375 125 354 125 338 125 325 129 313 142 300 154 292 171 292 187 292 204 296 221 308 233L563 492 304 771C292 783 288 800 288 817 288 833 296 850 308 863 321 871 338 875 354 875 371 875 388 867 400 854L696 533Z\"><\/path><\/svg>\t\t\t\t\t<\/div>\n\t\t\t\t\n\t\t\t\t\t\t\t\t\t<div class=\"swiper-pagination\"><\/div>\n\t\t\t\t\t\t\t\t\t<\/div>\n\t\t\t\t\t\t<\/div>\n\t\t\t\t<\/div>\n\t\t\t\t<div class=\"elementor-element elementor-element-ecdae66 elementor-widget elementor-widget-heading\" data-id=\"ecdae66\" data-element_type=\"widget\" data-e-type=\"widget\" data-widget_type=\"heading.default\">\n\t\t\t\t<div class=\"elementor-widget-container\">\n\t\t\t\t\t<h2 class=\"elementor-heading-title elementor-size-default\">\ud83c\udfb7 Benalm\u00e1dena<\/h2>\t\t\t\t<\/div>\n\t\t\t\t<\/div>\n\t\t\t\t<div class=\"elementor-element elementor-element-405be05 elementor-widget elementor-widget-text-editor\" data-id=\"405be05\" data-element_type=\"widget\" data-e-type=\"widget\" data-widget_type=\"text-editor.default\">\n\t\t\t\t<div class=\"elementor-widget-container\">\n\t\t\t\t\t\t\t\t\t<p>The Carnival of Benalm\u00e1dena is spread across <strong data-start=\"4729\" data-end=\"4750\">Arroyo de la Miel<\/strong>, <strong data-start=\"4752\" data-end=\"4774\">Benalm\u00e1dena Pueblo<\/strong> and the <strong data-start=\"4783\" data-end=\"4798\">Marina area<\/strong>. The most notable features are its <strong data-start=\"4834\" data-end=\"4847\">batucadas<\/strong>, floats in parades, the groups contest and children\u2019s parties in squares and parks. Furthermore, daytime events in the Marina are accompanied by dance and carnival squads. Therefore, it is an ideal destination for those seeking a <strong data-start=\"5078\" data-end=\"5100\">beachside carnival<\/strong>. Although official dates for Benalm\u00e1dena\u2019s carnival are not yet published, it will take place in <strong data-start=\"5198\" data-end=\"5222\">mid to late February<\/strong>.<\/p>\t\t\t\t\t\t\t\t<\/div>\n\t\t\t\t<\/div>\n\t\t\t\t<div class=\"elementor-element elementor-element-b2b7a23 elementor-widget elementor-widget-heading\" data-id=\"b2b7a23\" data-element_type=\"widget\" data-e-type=\"widget\" data-widget_type=\"heading.default\">\n\t\t\t\t<div class=\"elementor-widget-container\">\n\t\t\t\t\t<h2 class=\"elementor-heading-title elementor-size-default\">\ud83d\udc68\u200d\ud83d\udc69\u200d\ud83d\udc67 Fuengirola<\/h2>\t\t\t\t<\/div>\n\t\t\t\t<\/div>\n\t\t\t\t<div class=\"elementor-element elementor-element-576d594 elementor-widget elementor-widget-text-editor\" data-id=\"576d594\" data-element_type=\"widget\" data-e-type=\"widget\" data-widget_type=\"text-editor.default\">\n\t\t\t\t<div class=\"elementor-widget-container\">\n\t\t\t\t\t\t\t\t\t<p>Fuengirola offers a carnival very oriented towards families, with <strong data-start=\"5359\" data-end=\"5384\">neighbourhood parades<\/strong>, <strong data-start=\"5386\" data-end=\"5410\">children\u2019s workshops<\/strong>, entertainment and costume contests in central squares. Additionally, events are often scheduled in <strong data-start=\"5511\" data-end=\"5530\">Plaza de Espa\u00f1a<\/strong> with local performances and music. In this case, the programme is accessible, comfortable and highly appreciated by those travelling with children. The carnival is expected to be held during the <strong data-start=\"5726\" data-end=\"5752\">first half of February<\/strong>, even though exact dates have not yet been officially announced.<\/p>\t\t\t\t\t\t\t\t<\/div>\n\t\t\t\t<\/div>\n\t\t\t\t<div class=\"elementor-element elementor-element-5f0f917 elementor-widget elementor-widget-heading\" data-id=\"5f0f917\" data-element_type=\"widget\" data-e-type=\"widget\" data-widget_type=\"heading.default\">\n\t\t\t\t<div class=\"elementor-widget-container\">\n\t\t\t\t\t<h2 class=\"elementor-heading-title elementor-size-default\">\ud83c\udf06 Marbella and San Pedro de Alc\u00e1ntara <\/h2>\t\t\t\t<\/div>\n\t\t\t\t<\/div>\n\t\t\t\t<div class=\"elementor-element elementor-element-56a842b elementor-widget elementor-widget-text-editor\" data-id=\"56a842b\" data-element_type=\"widget\" data-e-type=\"widget\" data-widget_type=\"text-editor.default\">\n\t\t\t\t<div class=\"elementor-widget-container\">\n\t\t\t\t\t\t\t\t\t<p>Marbella celebrates its carnival with <strong data-start=\"5950\" data-end=\"5985\">parades through the city centre<\/strong>, costume contests, dances in squares and activities for children. The carnival begins with the <strong data-start=\"6081\" data-end=\"6108\">Carnival Poster Contest<\/strong> in mid-January and ends in mid-February. Meanwhile, in <strong data-start=\"6164\" data-end=\"6190\">San Pedro de Alc\u00e1ntara<\/strong> there is an independent programme with parades, school performances, inflatables, entertainment and music. All in all, the combination of urban and family-friendly events makes it a popular choice among residents and visitors alike.<\/p>\t\t\t\t\t\t\t\t<\/div>\n\t\t\t\t<\/div>\n\t\t\t\t<div class=\"elementor-element elementor-element-46a499c elementor-arrows-position-inside elementor-pagination-position-outside elementor-widget elementor-widget-image-carousel\" data-id=\"46a499c\" data-element_type=\"widget\" data-e-type=\"widget\" data-settings=\"{&quot;navigation&quot;:&quot;both&quot;,&quot;autoplay&quot;:&quot;yes&quot;,&quot;pause_on_hover&quot;:&quot;yes&quot;,&quot;pause_on_interaction&quot;:&quot;yes&quot;,&quot;autoplay_speed&quot;:5000,&quot;infinite&quot;:&quot;yes&quot;,&quot;speed&quot;:500}\" data-widget_type=\"image-carousel.default\">\n\t\t\t\t<div class=\"elementor-widget-container\">\n\t\t\t\t\t\t\t<div class=\"elementor-image-carousel-wrapper swiper\" role=\"region\" aria-roledescription=\"carousel\" aria-label=\"Image Carousel\" dir=\"ltr\">\n\t\t\t<div class=\"elementor-image-carousel swiper-wrapper\" aria-live=\"off\">\n\t\t\t\t\t\t\t\t<div class=\"swiper-slide\" role=\"group\" aria-roledescription=\"slide\" aria-label=\"1 of 4\"><figure class=\"swiper-slide-inner\"><img decoding=\"async\" class=\"swiper-slide-image\" src=\"https:\/\/www.cuboshomes.com\/blog\/wp-content\/uploads\/2026\/01\/marbella1.png\" alt=\"marbella1\" \/><\/figure><\/div><div class=\"swiper-slide\" role=\"group\" aria-roledescription=\"slide\" aria-label=\"2 of 4\"><figure class=\"swiper-slide-inner\"><img decoding=\"async\" class=\"swiper-slide-image\" src=\"https:\/\/www.cuboshomes.com\/blog\/wp-content\/uploads\/2026\/01\/marbella5.png\" alt=\"marbella5\" \/><\/figure><\/div><div class=\"swiper-slide\" role=\"group\" aria-roledescription=\"slide\" aria-label=\"3 of 4\"><figure class=\"swiper-slide-inner\"><img decoding=\"async\" class=\"swiper-slide-image\" src=\"https:\/\/www.cuboshomes.com\/blog\/wp-content\/uploads\/2026\/01\/marbella7.png\" alt=\"marbella7\" \/><\/figure><\/div><div class=\"swiper-slide\" role=\"group\" aria-roledescription=\"slide\" aria-label=\"4 of 4\"><figure class=\"swiper-slide-inner\"><img decoding=\"async\" class=\"swiper-slide-image\" src=\"https:\/\/www.cuboshomes.com\/blog\/wp-content\/uploads\/2026\/01\/marbella1.jpg\" alt=\"marbella1\" \/><\/figure><\/div>\t\t\t<\/div>\n\t\t\t\t\t\t\t\t\t\t\t\t<div class=\"elementor-swiper-button elementor-swiper-button-prev\" role=\"button\" tabindex=\"0\">\n\t\t\t\t\t\t<svg aria-hidden=\"true\" class=\"e-font-icon-svg e-eicon-chevron-left\" viewBox=\"0 0 1000 1000\" xmlns=\"http:\/\/www.w3.org\/2000\/svg\"><path d=\"M646 125C629 125 613 133 604 142L308 442C296 454 292 471 292 487 292 504 296 521 308 533L604 854C617 867 629 875 646 875 663 875 679 871 692 858 704 846 713 829 713 812 713 796 708 779 692 767L438 487 692 225C700 217 708 204 708 187 708 171 704 154 692 142 675 129 663 125 646 125Z\"><\/path><\/svg>\t\t\t\t\t<\/div>\n\t\t\t\t\t<div class=\"elementor-swiper-button elementor-swiper-button-next\" role=\"button\" tabindex=\"0\">\n\t\t\t\t\t\t<svg aria-hidden=\"true\" class=\"e-font-icon-svg e-eicon-chevron-right\" viewBox=\"0 0 1000 1000\" xmlns=\"http:\/\/www.w3.org\/2000\/svg\"><path d=\"M696 533C708 521 713 504 713 487 713 471 708 454 696 446L400 146C388 133 375 125 354 125 338 125 325 129 313 142 300 154 292 171 292 187 292 204 296 221 308 233L563 492 304 771C292 783 288 800 288 817 288 833 296 850 308 863 321 871 338 875 354 875 371 875 388 867 400 854L696 533Z\"><\/path><\/svg>\t\t\t\t\t<\/div>\n\t\t\t\t\n\t\t\t\t\t\t\t\t\t<div class=\"swiper-pagination\"><\/div>\n\t\t\t\t\t\t\t\t\t<\/div>\n\t\t\t\t\t\t<\/div>\n\t\t\t\t<\/div>\n\t\t\t\t<div class=\"elementor-element elementor-element-4577ca9 elementor-widget elementor-widget-heading\" data-id=\"4577ca9\" data-element_type=\"widget\" data-e-type=\"widget\" data-widget_type=\"heading.default\">\n\t\t\t\t<div class=\"elementor-widget-container\">\n\t\t\t\t\t<h2 class=\"elementor-heading-title elementor-size-default\">\ud83c\udf0a Estepona<\/h2>\t\t\t\t<\/div>\n\t\t\t\t<\/div>\n\t\t\t\t<div class=\"elementor-element elementor-element-9b35dd1 elementor-widget elementor-widget-text-editor\" data-id=\"9b35dd1\" data-element_type=\"widget\" data-e-type=\"widget\" data-widget_type=\"text-editor.default\">\n\t\t\t\t<div class=\"elementor-widget-container\">\n\t\t\t\t\t\t\t\t\t<p>Now let\u2019s talk about the <strong data-start=\"6516\" data-end=\"6537\">Estepona Carnival<\/strong>, which will be held on <strong data-start=\"6561\" data-end=\"6581\">February 7 and 8<\/strong>. Here, events take place in open squares and public areas, including children\u2019s and adult contests, local group festivals, parades and daytime carnival with food and music. At night there are usually live performances and dancing. Its programme offers both <strong data-start=\"6839\" data-end=\"6865\">family-oriented events<\/strong> and <strong data-start=\"6870\" data-end=\"6895\">evening entertainment<\/strong>.<\/p>\t\t\t\t\t\t\t\t<\/div>\n\t\t\t\t<\/div>\n\t\t\t\t<div class=\"elementor-element elementor-element-4d91a88 elementor-widget elementor-widget-heading\" data-id=\"4d91a88\" data-element_type=\"widget\" data-e-type=\"widget\" data-widget_type=\"heading.default\">\n\t\t\t\t<div class=\"elementor-widget-container\">\n\t\t\t\t\t<h2 class=\"elementor-heading-title elementor-size-default\">\u00a0\ud83c\udf04 V\u00e9lez-M\u00e1laga y Torre del Mar<\/h2>\t\t\t\t<\/div>\n\t\t\t\t<\/div>\n\t\t\t\t<div class=\"elementor-element elementor-element-2abc5cf elementor-widget elementor-widget-text-editor\" data-id=\"2abc5cf\" data-element_type=\"widget\" data-e-type=\"widget\" data-widget_type=\"text-editor.default\">\n\t\t\t\t<div class=\"elementor-widget-container\">\n\t\t\t\t\t\t\t\t\t<p>In the <strong data-start=\"6992\" data-end=\"7011\">Axarqu\u00eda region<\/strong>, V\u00e9lez-M\u00e1laga celebrates its carnival from <strong data-start=\"7055\" data-end=\"7076\">February 21 to 24<\/strong>, although dates are still not officially confirmed. The carnival includes a big parade along the main avenues, with groups, costumes and floats. Additionally, there are children\u2019s contests, shows and music in town squares.\u00a0<\/p><p>In Torre del Mar, their carnival runs from <strong data-start=\"7343\" data-end=\"7364\">February 11 to 14<\/strong>, with parades, children\u2019s entertainment and seaside events, giving it a very Mediterranean flavour. Competitions and performances with prizes are also organised, making it a great option for those wanting to enjoy carnival by the sea.<\/p>\t\t\t\t\t\t\t\t<\/div>\n\t\t\t\t<\/div>\n\t\t\t\t<div class=\"elementor-element elementor-element-159cbb0 elementor-widget elementor-widget-heading\" data-id=\"159cbb0\" data-element_type=\"widget\" data-e-type=\"widget\" data-widget_type=\"heading.default\">\n\t\t\t\t<div class=\"elementor-widget-container\">\n\t\t\t\t\t<h2 class=\"elementor-heading-title elementor-size-default\">\ud83c\udfba Co\u00edn, Alhaur\u00edn el Grande, Alhaur\u00edn de la Torre, C\u00e1rtama and \u00c1lora<\/h2>\t\t\t\t<\/div>\n\t\t\t\t<\/div>\n\t\t\t\t<div class=\"elementor-element elementor-element-d4466e3 elementor-widget elementor-widget-text-editor\" data-id=\"d4466e3\" data-element_type=\"widget\" data-e-type=\"widget\" data-widget_type=\"text-editor.default\">\n\t\t\t\t<div class=\"elementor-widget-container\">\n\t\t\t\t\t\t\t\t\t<p>The towns of the <strong data-start=\"7742\" data-end=\"7764\">Guadalhorce Valley<\/strong> celebrate carnival with parades, competitions, children\u2019s entertainment, local groups and parties in squares. Each town adapts the programme to its style, offering <strong data-start=\"7929\" data-end=\"7956\">close-knit celebrations<\/strong> ideal for those who prefer a less crowded carnival. In these municipalities, carnival generally takes place throughout <strong data-start=\"8076\" data-end=\"8109\">February and into early March<\/strong>.<\/p>\t\t\t\t\t\t\t\t<\/div>\n\t\t\t\t<\/div>\n\t\t\t\t<div class=\"elementor-element elementor-element-6025c5a elementor-widget elementor-widget-video\" data-id=\"6025c5a\" data-element_type=\"widget\" data-e-type=\"widget\" data-settings=\"{&quot;youtube_url&quot;:&quot;https:\\\/\\\/www.youtube.com\\\/watch?v=7igiGb8mt18&quot;,&quot;video_type&quot;:&quot;youtube&quot;,&quot;controls&quot;:&quot;yes&quot;}\" data-widget_type=\"video.default\">\n\t\t\t\t<div class=\"elementor-widget-container\">\n\t\t\t\t\t\t\t<div class=\"elementor-wrapper elementor-open-inline\">\n\t\t\t<div class=\"elementor-video\"><\/div>\t\t<\/div>\n\t\t\t\t\t\t<\/div>\n\t\t\t\t<\/div>\n\t\t\t\t<div class=\"elementor-element elementor-element-a667258 elementor-widget elementor-widget-heading\" data-id=\"a667258\" data-element_type=\"widget\" data-e-type=\"widget\" data-widget_type=\"heading.default\">\n\t\t\t\t<div class=\"elementor-widget-container\">\n\t\t\t\t\t<h2 class=\"elementor-heading-title elementor-size-default\">\ud83c\udfd8 Mijas Pueblo, Las Lagunas and La Cala<\/h2>\t\t\t\t<\/div>\n\t\t\t\t<\/div>\n\t\t\t\t<div class=\"elementor-element elementor-element-a6628a5 elementor-widget elementor-widget-text-editor\" data-id=\"a6628a5\" data-element_type=\"widget\" data-e-type=\"widget\" data-widget_type=\"text-editor.default\">\n\t\t\t\t<div class=\"elementor-widget-container\">\n\t\t\t\t\t\t\t\t\t<p>Mijas has three urban nuclei that celebrate carnival differently: <strong data-start=\"8273\" data-end=\"8289\">Mijas Pueblo<\/strong> with acts in charming squares and narrow streets, <strong data-start=\"8340\" data-end=\"8355\">Las Lagunas<\/strong> with parades, competitions and open-air stages, and <strong data-start=\"8408\" data-end=\"8419\">La Cala<\/strong> with daytime carnival, children\u2019s shows and seaside parades. This variety allows visitors to choose a carnival style that suits them, and celebrations typically occur in <strong data-start=\"8590\" data-end=\"8623\">late February and early March<\/strong>.<\/p>\t\t\t\t\t\t\t\t<\/div>\n\t\t\t\t<\/div>\n\t\t\t\t<div class=\"elementor-element elementor-element-4846969 elementor-widget elementor-widget-heading\" data-id=\"4846969\" data-element_type=\"widget\" data-e-type=\"widget\" data-widget_type=\"heading.default\">\n\t\t\t\t<div class=\"elementor-widget-container\">\n\t\t\t\t\t<h2 class=\"elementor-heading-title elementor-size-default\">\ud83d\udc1f Nerja<\/h2>\t\t\t\t<\/div>\n\t\t\t\t<\/div>\n\t\t\t\t<div class=\"elementor-element elementor-element-dc2c446 elementor-widget elementor-widget-text-editor\" data-id=\"dc2c446\" data-element_type=\"widget\" data-e-type=\"widget\" data-widget_type=\"text-editor.default\">\n\t\t\t\t<div class=\"elementor-widget-container\">\n\t\t\t\t\t\t\t\t\t<p><span style=\"font-size: 1rem;\">Nerja offers a lively carnival that usually includes parades, parties in <\/span><strong style=\"font-size: 1rem;\" data-start=\"8762\" data-end=\"8781\">Plaza de Espa\u00f1a<\/strong><span style=\"font-size: 1rem;\">, children\u2019s contests, music and the <\/span><strong style=\"font-size: 1rem;\" data-start=\"8818\" data-end=\"8845\">Burial of the Chanquete<\/strong><span style=\"font-size: 1rem;\">, a symbolic and fun closing event. Additionally, it is celebrated from <\/span><strong style=\"font-size: 1rem;\" data-start=\"8917\" data-end=\"8938\">February 12 to 15<\/strong><span style=\"font-size: 1rem;\">, making it one of the most <\/span><strong style=\"font-size: 1rem;\" data-start=\"8966\" data-end=\"8994\">colorful and picturesque<\/strong><span style=\"font-size: 1rem;\"> carnivals on the eastern coast.<\/span>.<\/p>\t\t\t\t\t\t\t\t<\/div>\n\t\t\t\t<\/div>\n\t\t\t\t<div class=\"elementor-element elementor-element-e11ad64 elementor-widget elementor-widget-heading\" data-id=\"e11ad64\" data-element_type=\"widget\" data-e-type=\"widget\" data-widget_type=\"heading.default\">\n\t\t\t\t<div class=\"elementor-widget-container\">\n\t\t\t\t\t<h2 class=\"elementor-heading-title elementor-size-default\">\ud83c\udfde Ronda<\/h2>\t\t\t\t<\/div>\n\t\t\t\t<\/div>\n\t\t\t\t<div class=\"elementor-element elementor-element-b85c951 elementor-widget elementor-widget-text-editor\" data-id=\"b85c951\" data-element_type=\"widget\" data-e-type=\"widget\" data-widget_type=\"text-editor.default\">\n\t\t\t\t<div class=\"elementor-widget-container\">\n\t\t\t\t\t\t\t\t\t<p>Ronda experiences carnival in its main streets with parades along <strong data-start=\"9157\" data-end=\"9176\">Carrera Espinel<\/strong> and events in central squares. Additionally, it is organised between <strong data-start=\"9246\" data-end=\"9268\">February 14 and 22<\/strong>, with costume contests, children\u2019s activities and performances by local groups. With its spectacular urban landscape as a backdrop, the carnival takes on a unique atmosphere.<\/p>\t\t\t\t\t\t\t\t<\/div>\n\t\t\t\t<\/div>\n\t\t\t\t<div class=\"elementor-element elementor-element-520c006 elementor-arrows-position-inside elementor-pagination-position-outside elementor-widget elementor-widget-image-carousel\" data-id=\"520c006\" data-element_type=\"widget\" data-e-type=\"widget\" data-settings=\"{&quot;navigation&quot;:&quot;both&quot;,&quot;autoplay&quot;:&quot;yes&quot;,&quot;pause_on_hover&quot;:&quot;yes&quot;,&quot;pause_on_interaction&quot;:&quot;yes&quot;,&quot;autoplay_speed&quot;:5000,&quot;infinite&quot;:&quot;yes&quot;,&quot;speed&quot;:500}\" data-widget_type=\"image-carousel.default\">\n\t\t\t\t<div class=\"elementor-widget-container\">\n\t\t\t\t\t\t\t<div class=\"elementor-image-carousel-wrapper swiper\" role=\"region\" aria-roledescription=\"carousel\" aria-label=\"Image Carousel\" dir=\"ltr\">\n\t\t\t<div class=\"elementor-image-carousel swiper-wrapper\" aria-live=\"off\">\n\t\t\t\t\t\t\t\t<div class=\"swiper-slide\" role=\"group\" aria-roledescription=\"slide\" aria-label=\"1 of 4\"><figure class=\"swiper-slide-inner\"><img decoding=\"async\" class=\"swiper-slide-image\" src=\"https:\/\/www.cuboshomes.com\/blog\/wp-content\/uploads\/2026\/01\/ronda1.jpg\" alt=\"ronda1\" \/><\/figure><\/div><div class=\"swiper-slide\" role=\"group\" aria-roledescription=\"slide\" aria-label=\"2 of 4\"><figure class=\"swiper-slide-inner\"><img decoding=\"async\" class=\"swiper-slide-image\" src=\"https:\/\/www.cuboshomes.com\/blog\/wp-content\/uploads\/2026\/01\/ronda2-768x432.webp\" alt=\"ronda2\" \/><\/figure><\/div><div class=\"swiper-slide\" role=\"group\" aria-roledescription=\"slide\" aria-label=\"3 of 4\"><figure class=\"swiper-slide-inner\"><img decoding=\"async\" class=\"swiper-slide-image\" src=\"https:\/\/www.cuboshomes.com\/blog\/wp-content\/uploads\/2026\/01\/ronda17.png\" alt=\"ronda17\" \/><\/figure><\/div><div class=\"swiper-slide\" role=\"group\" aria-roledescription=\"slide\" aria-label=\"4 of 4\"><figure class=\"swiper-slide-inner\"><img decoding=\"async\" class=\"swiper-slide-image\" src=\"https:\/\/www.cuboshomes.com\/blog\/wp-content\/uploads\/2026\/01\/ronda18.png\" alt=\"ronda18\" \/><\/figure><\/div>\t\t\t<\/div>\n\t\t\t\t\t\t\t\t\t\t\t\t<div class=\"elementor-swiper-button elementor-swiper-button-prev\" role=\"button\" tabindex=\"0\">\n\t\t\t\t\t\t<svg aria-hidden=\"true\" class=\"e-font-icon-svg e-eicon-chevron-left\" viewBox=\"0 0 1000 1000\" xmlns=\"http:\/\/www.w3.org\/2000\/svg\"><path d=\"M646 125C629 125 613 133 604 142L308 442C296 454 292 471 292 487 292 504 296 521 308 533L604 854C617 867 629 875 646 875 663 875 679 871 692 858 704 846 713 829 713 812 713 796 708 779 692 767L438 487 692 225C700 217 708 204 708 187 708 171 704 154 692 142 675 129 663 125 646 125Z\"><\/path><\/svg>\t\t\t\t\t<\/div>\n\t\t\t\t\t<div class=\"elementor-swiper-button elementor-swiper-button-next\" role=\"button\" tabindex=\"0\">\n\t\t\t\t\t\t<svg aria-hidden=\"true\" class=\"e-font-icon-svg e-eicon-chevron-right\" viewBox=\"0 0 1000 1000\" xmlns=\"http:\/\/www.w3.org\/2000\/svg\"><path d=\"M696 533C708 521 713 504 713 487 713 471 708 454 696 446L400 146C388 133 375 125 354 125 338 125 325 129 313 142 300 154 292 171 292 187 292 204 296 221 308 233L563 492 304 771C292 783 288 800 288 817 288 833 296 850 308 863 321 871 338 875 354 875 371 875 388 867 400 854L696 533Z\"><\/path><\/svg>\t\t\t\t\t<\/div>\n\t\t\t\t\n\t\t\t\t\t\t\t\t\t<div class=\"swiper-pagination\"><\/div>\n\t\t\t\t\t\t\t\t\t<\/div>\n\t\t\t\t\t\t<\/div>\n\t\t\t\t<\/div>\n\t\t\t\t<\/div>\n\t\t\t\t\t<\/div>\n\t\t\t\t<\/div>\n\t\t<div class=\"elementor-element elementor-element-0917607 e-flex e-con-boxed e-con e-parent\" data-id=\"0917607\" data-element_type=\"container\" data-e-type=\"container\">\n\t\t\t\t\t<div class=\"e-con-inner\">\n\t\t\t\t<div class=\"elementor-element elementor-element-a56f32b elementor-widget elementor-widget-heading\" data-id=\"a56f32b\" data-element_type=\"widget\" data-e-type=\"widget\" data-widget_type=\"heading.default\">\n\t\t\t\t<div class=\"elementor-widget-container\">\n\t\t\t\t\t<h2 class=\"elementor-heading-title elementor-size-default\">\ud83d\udca1 Tips for Enjoying Malaga Carnival 2026<\/h2>\t\t\t\t<\/div>\n\t\t\t\t<\/div>\n\t\t\t\t<div class=\"elementor-element elementor-element-0a5b9a8 elementor-widget elementor-widget-text-editor\" data-id=\"0a5b9a8\" data-element_type=\"widget\" data-e-type=\"widget\" data-widget_type=\"text-editor.default\">\n\t\t\t\t<div class=\"elementor-widget-container\">\n\t\t\t\t\t\t\t\t\t<p>\u2714 <b>Book ahead <\/b>if you\u2019re travelling in February. <br data-start=\"9626\" data-end=\"9629\" \/>\u2714 Check <b>schedules<\/b> on the official websites of each municipality before attending. <br data-start=\"9750\" data-end=\"9753\" \/>\u2714 <b>Arrive early <\/b>for parades to avoid crowds. <br data-start=\"9836\" data-end=\"9839\" \/>\u2714 Use <b>public transport<\/b> for easier access in <strong data-start=\"9883\" data-end=\"9901\">M\u00e1laga Capital<\/strong>. <br data-start=\"9942\" data-end=\"9945\" \/>\u2714 Try local <b>gastronomy<\/b> (boquerones, fried fish, tapas).<\/p>\t\t\t\t\t\t\t\t<\/div>\n\t\t\t\t<\/div>\n\t\t\t\t<div class=\"elementor-element elementor-element-5579cdf elementor-widget elementor-widget-heading\" data-id=\"5579cdf\" data-element_type=\"widget\" data-e-type=\"widget\" data-widget_type=\"heading.default\">\n\t\t\t\t<div class=\"elementor-widget-container\">\n\t\t\t\t\t<h2 class=\"elementor-heading-title elementor-size-default\">\ud83c\udfe8 <strong data-start=\"10053\" data-end=\"10086\">Where to Stay During Carnival<\/strong><\/h2>\t\t\t\t<\/div>\n\t\t\t\t<\/div>\n\t\t\t\t<div class=\"elementor-element elementor-element-de09850 elementor-widget elementor-widget-text-editor\" data-id=\"de09850\" data-element_type=\"widget\" data-e-type=\"widget\" data-widget_type=\"text-editor.default\">\n\t\t\t\t<div class=\"elementor-widget-container\">\n\t\t\t\t\t\t\t\t\t<p data-start=\"10088\" data-end=\"10514\">Depending on your trip style:<br data-start=\"10117\" data-end=\"10120\" \/>\ud83c\udfd9\ufe0f <strong data-start=\"10124\" data-end=\"10143\">M\u00e1laga capital:<\/strong> perfect for walking around carnival events. <a href=\"https:\/\/www.cuboshomes.com\/en\/rentals\/rentals-malaga-d980\/\">Click here<\/a> for see the best apartments.\u00a0<br data-start=\"10227\" data-end=\"10230\" \/>\ud83c\udf0a <strong data-start=\"10233\" data-end=\"10251\">Costa del Sol:<\/strong> combine beach and carnival (<a href=\"https:\/\/www.cuboshomes.com\/en\/rentals\/rentals-torremolinos-d198\/list-view\/\">Torremolinos<\/a>, <a href=\"https:\/\/www.cuboshomes.com\/en\/rentals\/rentals-benalmadena-d207\/list-view\/\">Benalm\u00e1dena<\/a>, <a href=\"https:\/\/www.cuboshomes.com\/en\/rentals\/rentals-fuengirola-d69\/list-view\/\">Fuengirola<\/a>). <br data-start=\"10359\" data-end=\"10362\" \/>\ud83c\udfde\ufe0f <strong data-start=\"10366\" data-end=\"10385\">Interior towns:<\/strong> relaxed getaways with carnival celebrations as well (<a href=\"https:\/\/www.cuboshomes.com\/en\/rentals\/rentals-alhaurin-el-grande-d67394\/list-view\/\">Alhaur\u00edn el Grande<\/a>, <a href=\"https:\/\/www.cuboshomes.com\/en\/rentals\/rentals-coin-d868\/list-view\/\">Co\u00edn<\/a>, <a href=\"https:\/\/www.cuboshomes.com\/en\/rentals\/rentals-cartama-d459404\/list-view\/\">C\u00e1rtama<\/a>).<\/p><p data-start=\"10516\" data-end=\"10675\">In short, if you need accommodation, <strong><a href=\"https:\/\/www.cuboshomes.com\/en\/\">Cubo\u2019s Holiday Homes<\/a><\/strong> can guide you based on group size, location and travel style.<\/p>\t\t\t\t\t\t\t\t<\/div>\n\t\t\t\t<\/div>\n\t\t\t\t<div class=\"elementor-element elementor-element-9b826c2 elementor-widget elementor-widget-heading\" data-id=\"9b826c2\" data-element_type=\"widget\" data-e-type=\"widget\" data-widget_type=\"heading.default\">\n\t\t\t\t<div class=\"elementor-widget-container\">\n\t\t\t\t\t<h2 class=\"elementor-heading-title elementor-size-default\">\ud83d\udd17Useful Links<\/h2>\t\t\t\t<\/div>\n\t\t\t\t<\/div>\n\t\t\t\t<div class=\"elementor-element elementor-element-22fa6ac elementor-widget elementor-widget-text-editor\" data-id=\"22fa6ac\" data-element_type=\"widget\" data-e-type=\"widget\" data-widget_type=\"text-editor.default\">\n\t\t\t\t<div class=\"elementor-widget-container\">\n\t\t\t\t\t\t\t\t\t<p>\ud83c\udf10 <a href=\"https:\/\/carnavaldemalaga.es\/\">Malaga Carnival website<\/a><br \/>\ud83c\udf10 <a href=\"https:\/\/www.unientradas.es\/es\/recinto\/FC-01\">Cervantes Theatre Tickets.<\/a><br \/>\ud83c\udf10 <a href=\"https:\/\/blog.visitacostadelsol.com\/es\/topic\/cultura\">Culture on the Costa del Sol Tourism Blog<\/a><\/p>\t\t\t\t\t\t\t\t<\/div>\n\t\t\t\t<\/div>\n\t\t\t\t<div class=\"elementor-element elementor-element-1e88c51 elementor-widget elementor-widget-heading\" data-id=\"1e88c51\" data-element_type=\"widget\" data-e-type=\"widget\" data-widget_type=\"heading.default\">\n\t\t\t\t<div class=\"elementor-widget-container\">\n\t\t\t\t\t<h2 class=\"elementor-heading-title elementor-size-default\">\ud83c\udf1f Malaga Province Awaits You in February<\/h2>\t\t\t\t<\/div>\n\t\t\t\t<\/div>\n\t\t\t\t<div class=\"elementor-element elementor-element-38ca456 elementor-widget elementor-widget-text-editor\" data-id=\"38ca456\" data-element_type=\"widget\" data-e-type=\"widget\" data-widget_type=\"text-editor.default\">\n\t\t\t\t<div class=\"elementor-widget-container\">\n\t\t\t\t\t\t\t\t\t<p>The <strong data-start=\"11071\" data-end=\"11095\">Malaga Carnival 2026<\/strong> is one of the most <strong data-start=\"11115\" data-end=\"11154\">colorful winter events in Andalusia<\/strong>. With confirmed dates, street events, contests, music and gastronomy, it becomes a unique opportunity to discover the province from a different perspective. Whether in the capital or in coastal and interior towns, the carnival offers options for all types of travellers. Come and experience unforgettable moments.<\/p>\t\t\t\t\t\t\t\t<\/div>\n\t\t\t\t<\/div>\n\t\t\t\t<div class=\"elementor-element elementor-element-a234fbd elementor-align-center elementor-widget elementor-widget-button\" data-id=\"a234fbd\" data-element_type=\"widget\" data-e-type=\"widget\" data-widget_type=\"button.default\">\n\t\t\t\t<div class=\"elementor-widget-container\">\n\t\t\t\t\t\t\t\t\t<div class=\"elementor-button-wrapper\">\n\t\t\t\t\t<a class=\"elementor-button elementor-button-link elementor-size-sm elementor-animation-pulse\" href=\"\">\n\t\t\t\t\t\t<span class=\"elementor-button-content-wrapper\">\n\t\t\t\t\t\t\t\t\t<span class=\"elementor-button-text\">\u00a1RESERVA AHORA!<\/span>\n\t\t\t\t\t<\/span>\n\t\t\t\t\t<\/a>\n\t\t\t\t<\/div>\n\t\t\t\t\t\t\t\t<\/div>\n\t\t\t\t<\/div>\n\t\t\t\t<div class=\"elementor-element elementor-element-4d76f72 elementor-shape-rounded elementor-grid-0 e-grid-align-center elementor-widget elementor-widget-social-icons\" data-id=\"4d76f72\" data-element_type=\"widget\" data-e-type=\"widget\" data-widget_type=\"social-icons.default\">\n\t\t\t\t<div class=\"elementor-widget-container\">\n\t\t\t\t\t\t\t<div class=\"elementor-social-icons-wrapper elementor-grid\" role=\"list\">\n\t\t\t\t\t\t\t<span class=\"elementor-grid-item\" role=\"listitem\">\n\t\t\t\t\t<a class=\"elementor-icon elementor-social-icon elementor-social-icon-instagram elementor-repeater-item-7984172\" href=\"https:\/\/www.instagram.com\/cuboshomes\/?hl=es\" target=\"_blank\">\n\t\t\t\t\t\t<span class=\"elementor-screen-only\">Instagram<\/span>\n\t\t\t\t\t\t<svg aria-hidden=\"true\" class=\"e-font-icon-svg e-fab-instagram\" viewBox=\"0 0 448 512\" xmlns=\"http:\/\/www.w3.org\/2000\/svg\"><path d=\"M224.1 141c-63.6 0-114.9 51.3-114.9 114.9s51.3 114.9 114.9 114.9S339 319.5 339 255.9 287.7 141 224.1 141zm0 189.6c-41.1 0-74.7-33.5-74.7-74.7s33.5-74.7 74.7-74.7 74.7 33.5 74.7 74.7-33.6 74.7-74.7 74.7zm146.4-194.3c0 14.9-12 26.8-26.8 26.8-14.9 0-26.8-12-26.8-26.8s12-26.8 26.8-26.8 26.8 12 26.8 26.8zm76.1 27.2c-1.7-35.9-9.9-67.7-36.2-93.9-26.2-26.2-58-34.4-93.9-36.2-37-2.1-147.9-2.1-184.9 0-35.8 1.7-67.6 9.9-93.9 36.1s-34.4 58-36.2 93.9c-2.1 37-2.1 147.9 0 184.9 1.7 35.9 9.9 67.7 36.2 93.9s58 34.4 93.9 36.2c37 2.1 147.9 2.1 184.9 0 35.9-1.7 67.7-9.9 93.9-36.2 26.2-26.2 34.4-58 36.2-93.9 2.1-37 2.1-147.8 0-184.8zM398.8 388c-7.8 19.6-22.9 34.7-42.6 42.6-29.5 11.7-99.5 9-132.1 9s-102.7 2.6-132.1-9c-19.6-7.8-34.7-22.9-42.6-42.6-11.7-29.5-9-99.5-9-132.1s-2.6-102.7 9-132.1c7.8-19.6 22.9-34.7 42.6-42.6 29.5-11.7 99.5-9 132.1-9s102.7-2.6 132.1 9c19.6 7.8 34.7 22.9 42.6 42.6 11.7 29.5 9 99.5 9 132.1s2.7 102.7-9 132.1z\"><\/path><\/svg>\t\t\t\t\t<\/a>\n\t\t\t\t<\/span>\n\t\t\t\t\t\t\t<span class=\"elementor-grid-item\" role=\"listitem\">\n\t\t\t\t\t<a class=\"elementor-icon elementor-social-icon elementor-social-icon-facebook elementor-repeater-item-3a59611\" href=\"https:\/\/www.facebook.com\/cuboshomes\/\" target=\"_blank\">\n\t\t\t\t\t\t<span class=\"elementor-screen-only\">Facebook<\/span>\n\t\t\t\t\t\t<svg aria-hidden=\"true\" class=\"e-font-icon-svg e-fab-facebook\" viewBox=\"0 0 512 512\" xmlns=\"http:\/\/www.w3.org\/2000\/svg\"><path d=\"M504 256C504 119 393 8 256 8S8 119 8 256c0 123.78 90.69 226.38 209.25 245V327.69h-63V256h63v-54.64c0-62.15 37-96.48 93.67-96.48 27.14 0 55.52 4.84 55.52 4.84v61h-31.28c-30.8 0-40.41 19.12-40.41 38.73V256h68.78l-11 71.69h-57.78V501C413.31 482.38 504 379.78 504 256z\"><\/path><\/svg>\t\t\t\t\t<\/a>\n\t\t\t\t<\/span>\n\t\t\t\t\t\t\t<span class=\"elementor-grid-item\" role=\"listitem\">\n\t\t\t\t\t<a class=\"elementor-icon elementor-social-icon elementor-social-icon-tiktok elementor-repeater-item-b3ffd54\" href=\"https:\/\/www.tiktok.com\/@cuboshomes?_t=ZN-8uqFRPNfyFy&#038;_r=1\" target=\"_blank\">\n\t\t\t\t\t\t<span class=\"elementor-screen-only\">Tiktok<\/span>\n\t\t\t\t\t\t<svg aria-hidden=\"true\" class=\"e-font-icon-svg e-fab-tiktok\" viewBox=\"0 0 448 512\" xmlns=\"http:\/\/www.w3.org\/2000\/svg\"><path d=\"M448,209.91a210.06,210.06,0,0,1-122.77-39.25V349.38A162.55,162.55,0,1,1,185,188.31V278.2a74.62,74.62,0,1,0,52.23,71.18V0l88,0a121.18,121.18,0,0,0,1.86,22.17h0A122.18,122.18,0,0,0,381,102.39a121.43,121.43,0,0,0,67,20.14Z\"><\/path><\/svg>\t\t\t\t\t<\/a>\n\t\t\t\t<\/span>\n\t\t\t\t\t\t\t<span class=\"elementor-grid-item\" role=\"listitem\">\n\t\t\t\t\t<a class=\"elementor-icon elementor-social-icon elementor-social-icon-youtube elementor-repeater-item-e4bdce2\" href=\"https:\/\/www.youtube.com\/@cubosholidayhomes\" target=\"_blank\">\n\t\t\t\t\t\t<span class=\"elementor-screen-only\">Youtube<\/span>\n\t\t\t\t\t\t<svg aria-hidden=\"true\" class=\"e-font-icon-svg e-fab-youtube\" viewBox=\"0 0 576 512\" xmlns=\"http:\/\/www.w3.org\/2000\/svg\"><path d=\"M549.655 124.083c-6.281-23.65-24.787-42.276-48.284-48.597C458.781 64 288 64 288 64S117.22 64 74.629 75.486c-23.497 6.322-42.003 24.947-48.284 48.597-11.412 42.867-11.412 132.305-11.412 132.305s0 89.438 11.412 132.305c6.281 23.65 24.787 41.5 48.284 47.821C117.22 448 288 448 288 448s170.78 0 213.371-11.486c23.497-6.321 42.003-24.171 48.284-47.821 11.412-42.867 11.412-132.305 11.412-132.305s0-89.438-11.412-132.305zm-317.51 213.508V175.185l142.739 81.205-142.739 81.201z\"><\/path><\/svg>\t\t\t\t\t<\/a>\n\t\t\t\t<\/span>\n\t\t\t\t\t<\/div>\n\t\t\t\t\t\t<\/div>\n\t\t\t\t<\/div>\n\t\t\t\t\t<\/div>\n\t\t\t\t<\/div>\n\t\t\t\t<\/div>\n\t\t","protected":false},"excerpt":{"rendered":"<p>\ud83c\udfad Malaga Carnival 2026: complete guide for the whole province The Malaga Carnival 2026 will take place from February 7 to February 15 and will fill the capital and numerous municipalities in the province with parades, contests, costumes, music and typical gastronomy. This guide brings together the key dates, confirmed activities and the most notable [&hellip;]<\/p>\n","protected":false},"author":4,"featured_media":4691,"comment_status":"open","ping_status":"open","sticky":false,"template":"","format":"standard","meta":{"footnotes":""},"categories":[459,9,3],"tags":[536,399,402],"class_list":["post-4717","post","type-post","status-publish","format-standard","has-post-thumbnail","hentry","category-cultura-en","category-ocio-en","category-uncategorized","tag-carnaval-en","tag-cultura-en","tag-malaga-2-en"],"yoast_head":"<!-- This site is optimized with the Yoast SEO plugin v25.3 - https:\/\/yoast.com\/wordpress\/plugins\/seo\/ -->\n<title>Malaga Carnival 2026: complete guide for the whole province \u00a0\ud83c\udfad - Blog Cubo&#039;s Holiday Homes<\/title>\n<meta name=\"description\" content=\"Discover Malaga Carnival 2026 with confirmed dates and activities in towns across the province. Complete guide to celebrations and fun.\" \/>\n<meta name=\"robots\" content=\"index, follow, max-snippet:-1, max-image-preview:large, max-video-preview:-1\" \/>\n<link rel=\"canonical\" href=\"https:\/\/www.cuboshomes.com\/blog\/en\/malaga-carnival-2026\/\" \/>\n<meta property=\"og:locale\" content=\"en_US\" \/>\n<meta property=\"og:type\" content=\"article\" \/>\n<meta property=\"og:title\" content=\"Malaga Carnival 2026: complete guide for the whole province \u00a0\ud83c\udfad - Blog Cubo&#039;s Holiday Homes\" \/>\n<meta property=\"og:description\" content=\"Discover Malaga Carnival 2026 with confirmed dates and activities in towns across the province. Complete guide to celebrations and fun.\" \/>\n<meta property=\"og:url\" content=\"https:\/\/www.cuboshomes.com\/blog\/en\/malaga-carnival-2026\/\" \/>\n<meta property=\"og:site_name\" content=\"Blog Cubo&#039;s Holiday Homes\" \/>\n<meta property=\"article:published_time\" content=\"2026-01-23T12:24:44+00:00\" \/>\n<meta property=\"article:modified_time\" content=\"2026-01-23T12:41:50+00:00\" \/>\n<meta property=\"og:image\" content=\"https:\/\/www.cuboshomes.com\/blog\/wp-content\/uploads\/2026\/01\/portada.png\" \/>\n\t<meta property=\"og:image:width\" content=\"1920\" \/>\n\t<meta property=\"og:image:height\" content=\"650\" \/>\n\t<meta property=\"og:image:type\" content=\"image\/png\" \/>\n<meta name=\"author\" content=\"cuboshomes\" \/>\n<meta name=\"twitter:card\" content=\"summary_large_image\" \/>\n<meta name=\"twitter:label1\" content=\"Written by\" \/>\n\t<meta name=\"twitter:data1\" content=\"cuboshomes\" \/>\n\t<meta name=\"twitter:label2\" content=\"Est. reading time\" \/>\n\t<meta name=\"twitter:data2\" content=\"10 minutes\" \/>\n<script type=\"application\/ld+json\" class=\"yoast-schema-graph\">{\"@context\":\"https:\/\/schema.org\",\"@graph\":[{\"@type\":\"WebPage\",\"@id\":\"https:\/\/www.cuboshomes.com\/blog\/en\/malaga-carnival-2026\/\",\"url\":\"https:\/\/www.cuboshomes.com\/blog\/en\/malaga-carnival-2026\/\",\"name\":\"Malaga Carnival 2026: complete guide for the whole province \u00a0\ud83c\udfad - Blog Cubo&#039;s Holiday Homes\",\"isPartOf\":{\"@id\":\"https:\/\/www.cuboshomes.com\/blog\/en\/#website\"},\"primaryImageOfPage\":{\"@id\":\"https:\/\/www.cuboshomes.com\/blog\/en\/malaga-carnival-2026\/#primaryimage\"},\"image\":{\"@id\":\"https:\/\/www.cuboshomes.com\/blog\/en\/malaga-carnival-2026\/#primaryimage\"},\"thumbnailUrl\":\"https:\/\/www.cuboshomes.com\/blog\/wp-content\/uploads\/2026\/01\/portada.png\",\"datePublished\":\"2026-01-23T12:24:44+00:00\",\"dateModified\":\"2026-01-23T12:41:50+00:00\",\"author\":{\"@id\":\"https:\/\/www.cuboshomes.com\/blog\/en\/#\/schema\/person\/07d7351e1490c5ee1bc865d8b7866913\"},\"description\":\"Discover Malaga Carnival 2026 with confirmed dates and activities in towns across the province. Complete guide to celebrations and fun.\",\"breadcrumb\":{\"@id\":\"https:\/\/www.cuboshomes.com\/blog\/en\/malaga-carnival-2026\/#breadcrumb\"},\"inLanguage\":\"en\",\"potentialAction\":[{\"@type\":\"ReadAction\",\"target\":[\"https:\/\/www.cuboshomes.com\/blog\/en\/malaga-carnival-2026\/\"]}]},{\"@type\":\"ImageObject\",\"inLanguage\":\"en\",\"@id\":\"https:\/\/www.cuboshomes.com\/blog\/en\/malaga-carnival-2026\/#primaryimage\",\"url\":\"https:\/\/www.cuboshomes.com\/blog\/wp-content\/uploads\/2026\/01\/portada.png\",\"contentUrl\":\"https:\/\/www.cuboshomes.com\/blog\/wp-content\/uploads\/2026\/01\/portada.png\",\"width\":1920,\"height\":650},{\"@type\":\"BreadcrumbList\",\"@id\":\"https:\/\/www.cuboshomes.com\/blog\/en\/malaga-carnival-2026\/#breadcrumb\",\"itemListElement\":[{\"@type\":\"ListItem\",\"position\":1,\"name\":\"Portada\",\"item\":\"https:\/\/www.cuboshomes.com\/blog\/en\/cubos-home-blog-holidays-in-costa-del-sol\/\"},{\"@type\":\"ListItem\",\"position\":2,\"name\":\"Malaga Carnival 2026: complete guide for the whole province \u00a0\ud83c\udfad\"}]},{\"@type\":\"WebSite\",\"@id\":\"https:\/\/www.cuboshomes.com\/blog\/en\/#website\",\"url\":\"https:\/\/www.cuboshomes.com\/blog\/en\/\",\"name\":\"Blog Cubo&#039;s Holiday Homes\",\"description\":\"\",\"potentialAction\":[{\"@type\":\"SearchAction\",\"target\":{\"@type\":\"EntryPoint\",\"urlTemplate\":\"https:\/\/www.cuboshomes.com\/blog\/en\/?s={search_term_string}\"},\"query-input\":{\"@type\":\"PropertyValueSpecification\",\"valueRequired\":true,\"valueName\":\"search_term_string\"}}],\"inLanguage\":\"en\"},{\"@type\":\"Person\",\"@id\":\"https:\/\/www.cuboshomes.com\/blog\/en\/#\/schema\/person\/07d7351e1490c5ee1bc865d8b7866913\",\"name\":\"cuboshomes\",\"image\":{\"@type\":\"ImageObject\",\"inLanguage\":\"en\",\"@id\":\"https:\/\/www.cuboshomes.com\/blog\/en\/#\/schema\/person\/image\/\",\"url\":\"https:\/\/secure.gravatar.com\/avatar\/7a5399cfe1894289644dcbec0fce9dc7?s=96&d=mm&r=g\",\"contentUrl\":\"https:\/\/secure.gravatar.com\/avatar\/7a5399cfe1894289644dcbec0fce9dc7?s=96&d=mm&r=g\",\"caption\":\"cuboshomes\"}}]}<\/script>\n<!-- \/ Yoast SEO plugin. -->","yoast_head_json":{"title":"Malaga Carnival 2026: complete guide for the whole province \u00a0\ud83c\udfad - Blog Cubo&#039;s Holiday Homes","description":"Discover Malaga Carnival 2026 with confirmed dates and activities in towns across the province. Complete guide to celebrations and fun.","robots":{"index":"index","follow":"follow","max-snippet":"max-snippet:-1","max-image-preview":"max-image-preview:large","max-video-preview":"max-video-preview:-1"},"canonical":"https:\/\/www.cuboshomes.com\/blog\/en\/malaga-carnival-2026\/","og_locale":"en_US","og_type":"article","og_title":"Malaga Carnival 2026: complete guide for the whole province \u00a0\ud83c\udfad - Blog Cubo&#039;s Holiday Homes","og_description":"Discover Malaga Carnival 2026 with confirmed dates and activities in towns across the province. Complete guide to celebrations and fun.","og_url":"https:\/\/www.cuboshomes.com\/blog\/en\/malaga-carnival-2026\/","og_site_name":"Blog Cubo&#039;s Holiday Homes","article_published_time":"2026-01-23T12:24:44+00:00","article_modified_time":"2026-01-23T12:41:50+00:00","og_image":[{"width":1920,"height":650,"url":"https:\/\/www.cuboshomes.com\/blog\/wp-content\/uploads\/2026\/01\/portada.png","type":"image\/png"}],"author":"cuboshomes","twitter_card":"summary_large_image","twitter_misc":{"Written by":"cuboshomes","Est. reading time":"10 minutes"},"schema":{"@context":"https:\/\/schema.org","@graph":[{"@type":"WebPage","@id":"https:\/\/www.cuboshomes.com\/blog\/en\/malaga-carnival-2026\/","url":"https:\/\/www.cuboshomes.com\/blog\/en\/malaga-carnival-2026\/","name":"Malaga Carnival 2026: complete guide for the whole province \u00a0\ud83c\udfad - Blog Cubo&#039;s Holiday Homes","isPartOf":{"@id":"https:\/\/www.cuboshomes.com\/blog\/en\/#website"},"primaryImageOfPage":{"@id":"https:\/\/www.cuboshomes.com\/blog\/en\/malaga-carnival-2026\/#primaryimage"},"image":{"@id":"https:\/\/www.cuboshomes.com\/blog\/en\/malaga-carnival-2026\/#primaryimage"},"thumbnailUrl":"https:\/\/www.cuboshomes.com\/blog\/wp-content\/uploads\/2026\/01\/portada.png","datePublished":"2026-01-23T12:24:44+00:00","dateModified":"2026-01-23T12:41:50+00:00","author":{"@id":"https:\/\/www.cuboshomes.com\/blog\/en\/#\/schema\/person\/07d7351e1490c5ee1bc865d8b7866913"},"description":"Discover Malaga Carnival 2026 with confirmed dates and activities in towns across the province. Complete guide to celebrations and fun.","breadcrumb":{"@id":"https:\/\/www.cuboshomes.com\/blog\/en\/malaga-carnival-2026\/#breadcrumb"},"inLanguage":"en","potentialAction":[{"@type":"ReadAction","target":["https:\/\/www.cuboshomes.com\/blog\/en\/malaga-carnival-2026\/"]}]},{"@type":"ImageObject","inLanguage":"en","@id":"https:\/\/www.cuboshomes.com\/blog\/en\/malaga-carnival-2026\/#primaryimage","url":"https:\/\/www.cuboshomes.com\/blog\/wp-content\/uploads\/2026\/01\/portada.png","contentUrl":"https:\/\/www.cuboshomes.com\/blog\/wp-content\/uploads\/2026\/01\/portada.png","width":1920,"height":650},{"@type":"BreadcrumbList","@id":"https:\/\/www.cuboshomes.com\/blog\/en\/malaga-carnival-2026\/#breadcrumb","itemListElement":[{"@type":"ListItem","position":1,"name":"Portada","item":"https:\/\/www.cuboshomes.com\/blog\/en\/cubos-home-blog-holidays-in-costa-del-sol\/"},{"@type":"ListItem","position":2,"name":"Malaga Carnival 2026: complete guide for the whole province \u00a0\ud83c\udfad"}]},{"@type":"WebSite","@id":"https:\/\/www.cuboshomes.com\/blog\/en\/#website","url":"https:\/\/www.cuboshomes.com\/blog\/en\/","name":"Blog Cubo&#039;s Holiday Homes","description":"","potentialAction":[{"@type":"SearchAction","target":{"@type":"EntryPoint","urlTemplate":"https:\/\/www.cuboshomes.com\/blog\/en\/?s={search_term_string}"},"query-input":{"@type":"PropertyValueSpecification","valueRequired":true,"valueName":"search_term_string"}}],"inLanguage":"en"},{"@type":"Person","@id":"https:\/\/www.cuboshomes.com\/blog\/en\/#\/schema\/person\/07d7351e1490c5ee1bc865d8b7866913","name":"cuboshomes","image":{"@type":"ImageObject","inLanguage":"en","@id":"https:\/\/www.cuboshomes.com\/blog\/en\/#\/schema\/person\/image\/","url":"https:\/\/secure.gravatar.com\/avatar\/7a5399cfe1894289644dcbec0fce9dc7?s=96&d=mm&r=g","contentUrl":"https:\/\/secure.gravatar.com\/avatar\/7a5399cfe1894289644dcbec0fce9dc7?s=96&d=mm&r=g","caption":"cuboshomes"}}]}},"_links":{"self":[{"href":"https:\/\/www.cuboshomes.com\/blog\/en\/wp-json\/wp\/v2\/posts\/4717","targetHints":{"allow":["GET"]}}],"collection":[{"href":"https:\/\/www.cuboshomes.com\/blog\/en\/wp-json\/wp\/v2\/posts"}],"about":[{"href":"https:\/\/www.cuboshomes.com\/blog\/en\/wp-json\/wp\/v2\/types\/post"}],"author":[{"embeddable":true,"href":"https:\/\/www.cuboshomes.com\/blog\/en\/wp-json\/wp\/v2\/users\/4"}],"replies":[{"embeddable":true,"href":"https:\/\/www.cuboshomes.com\/blog\/en\/wp-json\/wp\/v2\/comments?post=4717"}],"version-history":[{"count":4,"href":"https:\/\/www.cuboshomes.com\/blog\/en\/wp-json\/wp\/v2\/posts\/4717\/revisions"}],"predecessor-version":[{"id":4721,"href":"https:\/\/www.cuboshomes.com\/blog\/en\/wp-json\/wp\/v2\/posts\/4717\/revisions\/4721"}],"wp:featuredmedia":[{"embeddable":true,"href":"https:\/\/www.cuboshomes.com\/blog\/en\/wp-json\/wp\/v2\/media\/4691"}],"wp:attachment":[{"href":"https:\/\/www.cuboshomes.com\/blog\/en\/wp-json\/wp\/v2\/media?parent=4717"}],"wp:term":[{"taxonomy":"category","embeddable":true,"href":"https:\/\/www.cuboshomes.com\/blog\/en\/wp-json\/wp\/v2\/categories?post=4717"},{"taxonomy":"post_tag","embeddable":true,"href":"https:\/\/www.cuboshomes.com\/blog\/en\/wp-json\/wp\/v2\/tags?post=4717"}],"curies":[{"name":"wp","href":"https:\/\/api.w.org\/{rel}","templated":true}]}}