{"id":4480,"date":"2026-01-20T10:01:08","date_gmt":"2026-01-20T10:01:08","guid":{"rendered":"https:\/\/www.cuboshomes.com\/blog\/descubre-las-mejores-rutas-de-senderismo-en-la-provincia-de-malaga\/"},"modified":"2026-01-20T12:37:43","modified_gmt":"2026-01-20T12:37:43","slug":"rutas-senderismo-malaga","status":"publish","type":"post","link":"https:\/\/www.cuboshomes.com\/blog\/en\/rutas-senderismo-malaga\/","title":{"rendered":"Descubre las mejores rutas de senderismo en la provincia de M\u00e1laga"},"content":{"rendered":"\t\t<div data-elementor-type=\"wp-post\" data-elementor-id=\"4480\" class=\"elementor elementor-4480 elementor-4365\" data-elementor-post-type=\"post\">\n\t\t\t\t<div class=\"elementor-element elementor-element-5d4fad0 e-flex e-con-boxed e-con e-parent\" data-id=\"5d4fad0\" data-element_type=\"container\" data-e-type=\"container\">\n\t\t\t\t\t<div class=\"e-con-inner\">\n\t\t\t\t<div class=\"elementor-element elementor-element-5f7e5d2 elementor-widget elementor-widget-text-editor\" data-id=\"5f7e5d2\" data-element_type=\"widget\" data-e-type=\"widget\" data-widget_type=\"text-editor.default\">\n\t\t\t\t<div class=\"elementor-widget-container\">\n\t\t\t\t\t\t\t\t\t<p>Si no sabes <strong>qu\u00e9 hacer en M\u00e1laga<\/strong>, estas son las rutas de senderismo m\u00e1s populares de la provincia. Adem\u00e1s el clima templado, las monta\u00f1as y los desfiladeros ofrecen una gran variedad de rutas para todos los niveles de dificultad. Antes de salir,\u00a0 recuerda llevar ropa y calzado adecuado, agua, protecci\u00f3n solar y consultar el clima para evitar el calor extremo.<\/p>\t\t\t\t\t\t\t\t<\/div>\n\t\t\t\t<\/div>\n\t\t<div class=\"elementor-element elementor-element-588bc1c e-con-full e-flex e-con e-child\" data-id=\"588bc1c\" data-element_type=\"container\" data-e-type=\"container\">\n\t\t\t\t<div class=\"elementor-element elementor-element-42b5ffc elementor-widget elementor-widget-heading\" data-id=\"42b5ffc\" data-element_type=\"widget\" data-e-type=\"widget\" data-widget_type=\"heading.default\">\n\t\t\t\t<div class=\"elementor-widget-container\">\n\t\t\t\t\t<h2 class=\"elementor-heading-title elementor-size-default\">1. Ruta por el Caminito del Rey (Ardales y \u00c1lora)<\/h2>\t\t\t\t<\/div>\n\t\t\t\t<\/div>\n\t\t\t\t<div class=\"elementor-element elementor-element-24f6fd4 elementor-widget elementor-widget-text-editor\" data-id=\"24f6fd4\" data-element_type=\"widget\" data-e-type=\"widget\" data-widget_type=\"text-editor.default\">\n\t\t\t\t<div class=\"elementor-widget-container\">\n\t\t\t\t\t\t\t\t\t<p><span style=\"font-weight: 400;\">Ruta muy conocida que transcurre entre pasarelas suspendidas sobre <\/span><b>el Desfiladero de los Gaitanes<\/b><span style=\"font-weight: 400;\">. Su nombre proviene de la visita del rey Alfonso XIII en 1921, adem\u00e1s, ofrece unas vistas impresionantes en una senda cuidada sobre <\/span><b>un entorno natural \u00fanico<\/b><span style=\"font-weight: 400;\">. Por otro lado, es recomendable sacar las entradas del Caminito del Rey con tiempo y si quieres hacer fotos con poca gente hay que ir temprano, ya que hay menos afluencia de senderistas. Aqu\u00ed tienes algunos<a href=\"https:\/\/www.cuboshomes.com\/alquiler\/alquileres-ardales-d460113\/vista-lista\/\"> alojamientos en Ardales y \u00c1lora<\/a> para descansar despu\u00e9s de visitar el Caminito de Rey.\u00a0<\/span><\/p><p><b>\u00a0\u2705Datos de la ruta:<\/b> 7,7 kms, dificultad media y duraci\u00f3n entre 3-4 horas.<\/p>\t\t\t\t\t\t\t\t<\/div>\n\t\t\t\t<\/div>\n\t\t<div class=\"elementor-element elementor-element-4cdb994 e-con-full e-flex e-con e-child\" data-id=\"4cdb994\" data-element_type=\"container\" data-e-type=\"container\">\n\t\t\t\t<div class=\"elementor-element elementor-element-95b17df elementor-arrows-position-inside elementor-pagination-position-outside elementor-widget elementor-widget-image-carousel\" data-id=\"95b17df\" data-element_type=\"widget\" data-e-type=\"widget\" data-settings=\"{&quot;navigation&quot;:&quot;both&quot;,&quot;autoplay&quot;:&quot;yes&quot;,&quot;pause_on_hover&quot;:&quot;yes&quot;,&quot;pause_on_interaction&quot;:&quot;yes&quot;,&quot;autoplay_speed&quot;:5000,&quot;infinite&quot;:&quot;yes&quot;,&quot;speed&quot;:500}\" data-widget_type=\"image-carousel.default\">\n\t\t\t\t<div class=\"elementor-widget-container\">\n\t\t\t\t\t\t\t<div class=\"elementor-image-carousel-wrapper swiper\" role=\"region\" aria-roledescription=\"carousel\" aria-label=\"Image Carousel\" dir=\"ltr\">\n\t\t\t<div class=\"elementor-image-carousel swiper-wrapper\" aria-live=\"off\">\n\t\t\t\t\t\t\t\t<div class=\"swiper-slide\" role=\"group\" aria-roledescription=\"slide\" aria-label=\"1 of 4\"><figure class=\"swiper-slide-inner\"><img decoding=\"async\" class=\"swiper-slide-image\" src=\"https:\/\/www.cuboshomes.com\/blog\/wp-content\/uploads\/2026\/01\/Caminito-del-Rey-a-la-sombra-2-768x576.jpg\" alt=\"Caminito-del-Rey-a-la-sombra-2\" \/><\/figure><\/div><div class=\"swiper-slide\" role=\"group\" aria-roledescription=\"slide\" aria-label=\"2 of 4\"><figure class=\"swiper-slide-inner\"><img decoding=\"async\" class=\"swiper-slide-image\" src=\"https:\/\/www.cuboshomes.com\/blog\/wp-content\/uploads\/2026\/01\/Caminito-del-Rey-a-la-sombra-2-768x576.png\" alt=\"Caminito-del-Rey-a-la-sombra-2\" \/><\/figure><\/div><div class=\"swiper-slide\" role=\"group\" aria-roledescription=\"slide\" aria-label=\"3 of 4\"><figure class=\"swiper-slide-inner\"><img decoding=\"async\" class=\"swiper-slide-image\" src=\"https:\/\/www.cuboshomes.com\/blog\/wp-content\/uploads\/2026\/01\/Caminito-del-Rey-a-la-sombra-3-768x576.png\" alt=\"Caminito-del-Rey-a-la-sombra-3\" \/><\/figure><\/div><div class=\"swiper-slide\" role=\"group\" aria-roledescription=\"slide\" aria-label=\"4 of 4\"><figure class=\"swiper-slide-inner\"><img decoding=\"async\" class=\"swiper-slide-image\" src=\"https:\/\/www.cuboshomes.com\/blog\/wp-content\/uploads\/2026\/01\/Caminito-del-Rey-a-la-sombra-4-768x576.png\" alt=\"Caminito-del-Rey-a-la-sombra-4\" \/><\/figure><\/div>\t\t\t<\/div>\n\t\t\t\t\t\t\t\t\t\t\t\t<div class=\"elementor-swiper-button elementor-swiper-button-prev\" role=\"button\" tabindex=\"0\">\n\t\t\t\t\t\t<svg aria-hidden=\"true\" class=\"e-font-icon-svg e-eicon-chevron-left\" viewBox=\"0 0 1000 1000\" xmlns=\"http:\/\/www.w3.org\/2000\/svg\"><path d=\"M646 125C629 125 613 133 604 142L308 442C296 454 292 471 292 487 292 504 296 521 308 533L604 854C617 867 629 875 646 875 663 875 679 871 692 858 704 846 713 829 713 812 713 796 708 779 692 767L438 487 692 225C700 217 708 204 708 187 708 171 704 154 692 142 675 129 663 125 646 125Z\"><\/path><\/svg>\t\t\t\t\t<\/div>\n\t\t\t\t\t<div class=\"elementor-swiper-button elementor-swiper-button-next\" role=\"button\" tabindex=\"0\">\n\t\t\t\t\t\t<svg aria-hidden=\"true\" class=\"e-font-icon-svg e-eicon-chevron-right\" viewBox=\"0 0 1000 1000\" xmlns=\"http:\/\/www.w3.org\/2000\/svg\"><path d=\"M696 533C708 521 713 504 713 487 713 471 708 454 696 446L400 146C388 133 375 125 354 125 338 125 325 129 313 142 300 154 292 171 292 187 292 204 296 221 308 233L563 492 304 771C292 783 288 800 288 817 288 833 296 850 308 863 321 871 338 875 354 875 371 875 388 867 400 854L696 533Z\"><\/path><\/svg>\t\t\t\t\t<\/div>\n\t\t\t\t\n\t\t\t\t\t\t\t\t\t<div class=\"swiper-pagination\"><\/div>\n\t\t\t\t\t\t\t\t\t<\/div>\n\t\t\t\t\t\t<\/div>\n\t\t\t\t<\/div>\n\t\t\t\t<\/div>\n\t\t\t\t<\/div>\n\t\t<div class=\"elementor-element elementor-element-cc676d6 e-con-full e-flex e-con e-child\" data-id=\"cc676d6\" data-element_type=\"container\" data-e-type=\"container\">\n\t\t\t\t<div class=\"elementor-element elementor-element-12f5f49 elementor-widget elementor-widget-heading\" data-id=\"12f5f49\" data-element_type=\"widget\" data-e-type=\"widget\" data-widget_type=\"heading.default\">\n\t\t\t\t<div class=\"elementor-widget-container\">\n\t\t\t\t\t<h2 class=\"elementor-heading-title elementor-size-default\">2. Visita el Torcal y el Pe\u00f1\u00f3n de los Enamorados (Antequera)<\/h2>\t\t\t\t<\/div>\n\t\t\t\t<\/div>\n\t\t\t\t<div class=\"elementor-element elementor-element-8cc1c0a elementor-widget elementor-widget-text-editor\" data-id=\"8cc1c0a\" data-element_type=\"widget\" data-e-type=\"widget\" data-widget_type=\"text-editor.default\">\n\t\t\t\t<div class=\"elementor-widget-container\">\n\t\t\t\t\t\t\t\t\t<p><span style=\"font-weight: 400;\">Declarado Patrimonio Mundial de la Humanidad, El Torcal de Antequera es famoso por su <\/span><b>paisaje k\u00e1rstico<\/b><span style=\"font-weight: 400;\">, conocido por sus esculturas naturales de roca caliza, formadas hace millones de a\u00f1os por la erosi\u00f3n del agua y el viento sobre sedimentos marinos. Adem\u00e1s, dispone de varias rutas se\u00f1alizadas que parten del centro de visitantes y desde all\u00ed se puede subir al <\/span><b>Pe\u00f1\u00f3n de los Enamorados<\/b><span style=\"font-weight: 400;\">, con una panor\u00e1mica impresionante. Por todo ello, el Torcal de Antequera es una ruta que gusta mucho por la calma del entorno, el aire puro y la panor\u00e1mica desde la cima. Se puede visitar de forma libre, aunque es recomendable elegir una visita guiada para conocer mejor el entorno. Estos son los <a href=\"https:\/\/www.cuboshomes.com\/alquiler\/alquileres-villanueva-de-la-concepcion-d91153\/vista-lista\/\">mejores alojamientos<\/a> cerca de el Torcal.\u00a0<\/span><\/p><p><strong>\u2705 Informaci\u00f3n sobre ruta:<\/strong> ruta verde sencilla, ruta amarilla m\u00e1s larga, distancia entre 3-4 kms, dificultad f\u00e1cil-medias y duraci\u00f3n 1-2 horas.\u00a0<\/p>\t\t\t\t\t\t\t\t<\/div>\n\t\t\t\t<\/div>\n\t\t\t\t<div class=\"elementor-element elementor-element-36645ff elementor-widget elementor-widget-image\" data-id=\"36645ff\" data-element_type=\"widget\" data-e-type=\"widget\" data-widget_type=\"image.default\">\n\t\t\t\t<div class=\"elementor-widget-container\">\n\t\t\t\t\t\t\t\t\t\t\t\t\t\t\t<img decoding=\"async\" src=\"https:\/\/www.cuboshomes.com\/blog\/wp-content\/uploads\/2026\/01\/TORCAL-GRANDE.jpg\" title=\"TORCAL-GRANDE\" alt=\"TORCAL-GRANDE\" loading=\"lazy\" \/>\t\t\t\t\t\t\t\t\t\t\t\t\t\t\t<\/div>\n\t\t\t\t<\/div>\n\t\t\t\t<\/div>\n\t\t<div class=\"elementor-element elementor-element-c2cd83d e-con-full e-flex e-con e-child\" data-id=\"c2cd83d\" data-element_type=\"container\" data-e-type=\"container\">\n\t\t\t\t<div class=\"elementor-element elementor-element-6995105 elementor-widget elementor-widget-heading\" data-id=\"6995105\" data-element_type=\"widget\" data-e-type=\"widget\" data-widget_type=\"heading.default\">\n\t\t\t\t<div class=\"elementor-widget-container\">\n\t\t\t\t\t<h2 class=\"elementor-heading-title elementor-size-default\">3. Descubre el R\u00edo Ch\u00edllar (Nerja)<\/h2>\t\t\t\t<\/div>\n\t\t\t\t<\/div>\n\t\t\t\t<div class=\"elementor-element elementor-element-faf08aa elementor-widget elementor-widget-text-editor\" data-id=\"faf08aa\" data-element_type=\"widget\" data-e-type=\"widget\" data-widget_type=\"text-editor.default\">\n\t\t\t\t<div class=\"elementor-widget-container\">\n\t\t\t\t\t\t\t\t\t<p><span style=\"font-weight: 400;\">Una traves\u00eda de subida r\u00edo arriba en la que encontraremos pozas, paredes estrechas, agua fresca y buena sombra. Por este motivo, se recomienda hacer esta ruta en verano ya que el entorno es <\/span><b>ideal para escapar del calor<\/b><span style=\"font-weight: 400;\">. Hay varios saltos a pozas para los m\u00e1s atrevidos y, adem\u00e1s, es imprescindible llevar en el r\u00edo Ch\u00edllar escarpines u otro calzado que se pueda mojar. Tambi\u00e9n se recomienda evitar fechas de m\u00e1xima afluencia. Te dejamos algunos <a href=\"https:\/\/www.cuboshomes.com\/alquiler\/alquileres-torrox-costa-d459338\/vista-lista\/\">alojamientos cercanos<\/a>.\u00a0<\/span><\/p><p><strong>\u2705 Datos de la ruta: <\/strong>8-12 kms seg\u00fan el tramo elegido, dificultad media y duraci\u00f3n entre 3 y 5 horas.\u00a0<\/p>\t\t\t\t\t\t\t\t<\/div>\n\t\t\t\t<\/div>\n\t\t<div class=\"elementor-element elementor-element-e6f2d8e e-con-full e-flex e-con e-child\" data-id=\"e6f2d8e\" data-element_type=\"container\" data-e-type=\"container\">\n\t\t\t\t<div class=\"elementor-element elementor-element-744a801 elementor-widget elementor-widget-video\" data-id=\"744a801\" data-element_type=\"widget\" data-e-type=\"widget\" data-settings=\"{&quot;youtube_url&quot;:&quot;https:\\\/\\\/www.youtube.com\\\/watch?v=HTRAQmmTzlI&quot;,&quot;video_type&quot;:&quot;youtube&quot;,&quot;controls&quot;:&quot;yes&quot;}\" data-widget_type=\"video.default\">\n\t\t\t\t<div class=\"elementor-widget-container\">\n\t\t\t\t\t\t\t<div class=\"elementor-wrapper elementor-open-inline\">\n\t\t\t<div class=\"elementor-video\"><\/div>\t\t<\/div>\n\t\t\t\t\t\t<\/div>\n\t\t\t\t<\/div>\n\t\t\t\t<\/div>\n\t\t\t\t<\/div>\n\t\t<div class=\"elementor-element elementor-element-fb37d61 e-con-full e-flex e-con e-child\" data-id=\"fb37d61\" data-element_type=\"container\" data-e-type=\"container\">\n\t\t\t\t<div class=\"elementor-element elementor-element-d850f7c elementor-widget elementor-widget-heading\" data-id=\"d850f7c\" data-element_type=\"widget\" data-e-type=\"widget\" data-widget_type=\"heading.default\">\n\t\t\t\t<div class=\"elementor-widget-container\">\n\t\t\t\t\t<h2 class=\"elementor-heading-title elementor-size-default\">4. Ruta por la Sierra de las Nieves (Marbella)<\/h2>\t\t\t\t<\/div>\n\t\t\t\t<\/div>\n\t\t\t\t<div class=\"elementor-element elementor-element-d5a0b5e elementor-widget elementor-widget-text-editor\" data-id=\"d5a0b5e\" data-element_type=\"widget\" data-e-type=\"widget\" data-widget_type=\"text-editor.default\">\n\t\t\t\t<div class=\"elementor-widget-container\">\n\t\t\t\t\t\t\t\t\t<p><span style=\"font-weight: 400;\">Subida emblem\u00e1tica desde Marbella. No es t\u00e9cnica, pero <\/span><b>requiere buena forma f\u00edsica<\/b><span style=\"font-weight: 400;\">. Adem\u00e1s, el Pico de la Concha es un mirador excepcional desde donde se puede llegar a ver \u00c1frica en los d\u00edas claros en el horizonte. Por ello, en la Sierra de las Nieves se recomienda tener experiencia e ir pronto para evitar las horas de calor y que caiga la noche. Completa la ruta en la Sierra de las Nieves y descansa en alguno de estos <a href=\"https:\/\/www.cuboshomes.com\/alquiler\/alquileres-marbella-d27\/vista-lista\/\">alojamientos en Marbella<\/a>.\u00a0<\/span><\/p><p><strong>\u2705 Informaci\u00f3n sobre la ruta: <\/strong>distancia 14 kms, dificultad media-alta y duraci\u00f3n entre 5 y 7 horas.\u00a0<\/p>\t\t\t\t\t\t\t\t<\/div>\n\t\t\t\t<\/div>\n\t\t<div class=\"elementor-element elementor-element-170ea03 e-con-full e-flex e-con e-child\" data-id=\"170ea03\" data-element_type=\"container\" data-e-type=\"container\">\n\t\t\t\t<div class=\"elementor-element elementor-element-662ea34 elementor-arrows-position-inside elementor-pagination-position-outside elementor-widget elementor-widget-image-carousel\" data-id=\"662ea34\" data-element_type=\"widget\" data-e-type=\"widget\" data-settings=\"{&quot;navigation&quot;:&quot;both&quot;,&quot;autoplay&quot;:&quot;yes&quot;,&quot;pause_on_hover&quot;:&quot;yes&quot;,&quot;pause_on_interaction&quot;:&quot;yes&quot;,&quot;autoplay_speed&quot;:5000,&quot;infinite&quot;:&quot;yes&quot;,&quot;speed&quot;:500}\" data-widget_type=\"image-carousel.default\">\n\t\t\t\t<div class=\"elementor-widget-container\">\n\t\t\t\t\t\t\t<div class=\"elementor-image-carousel-wrapper swiper\" role=\"region\" aria-roledescription=\"carousel\" aria-label=\"Image Carousel\" dir=\"ltr\">\n\t\t\t<div class=\"elementor-image-carousel swiper-wrapper\" aria-live=\"off\">\n\t\t\t\t\t\t\t\t<div class=\"swiper-slide\" role=\"group\" aria-roledescription=\"slide\" aria-label=\"1 of 5\"><figure class=\"swiper-slide-inner\"><img decoding=\"async\" class=\"swiper-slide-image\" src=\"https:\/\/www.cuboshomes.com\/blog\/wp-content\/uploads\/2026\/01\/4_SIERRA-DE-LAS-NIEVES-768x514.jpg\" alt=\"4_SIERRA DE LAS NIEVES\" \/><\/figure><\/div><div class=\"swiper-slide\" role=\"group\" aria-roledescription=\"slide\" aria-label=\"2 of 5\"><figure class=\"swiper-slide-inner\"><img decoding=\"async\" class=\"swiper-slide-image\" src=\"https:\/\/www.cuboshomes.com\/blog\/wp-content\/uploads\/2026\/01\/arc_25422_g-768x512.webp\" alt=\"arc_25422_g\" \/><\/figure><\/div><div class=\"swiper-slide\" role=\"group\" aria-roledescription=\"slide\" aria-label=\"3 of 5\"><figure class=\"swiper-slide-inner\"><img decoding=\"async\" class=\"swiper-slide-image\" src=\"https:\/\/www.cuboshomes.com\/blog\/wp-content\/uploads\/2026\/01\/sierra_de_las_nieves-1-768x511.jpg\" alt=\"sierra_de_las_nieves-1\" \/><\/figure><\/div><div class=\"swiper-slide\" role=\"group\" aria-roledescription=\"slide\" aria-label=\"4 of 5\"><figure class=\"swiper-slide-inner\"><img decoding=\"async\" class=\"swiper-slide-image\" src=\"https:\/\/www.cuboshomes.com\/blog\/wp-content\/uploads\/2026\/01\/nieves2-768x512.png\" alt=\"nieves2\" \/><\/figure><\/div><div class=\"swiper-slide\" role=\"group\" aria-roledescription=\"slide\" aria-label=\"5 of 5\"><figure class=\"swiper-slide-inner\"><img decoding=\"async\" class=\"swiper-slide-image\" src=\"https:\/\/www.cuboshomes.com\/blog\/wp-content\/uploads\/2026\/01\/nievesbuena-768x512.png\" alt=\"nievesbuena\" \/><\/figure><\/div>\t\t\t<\/div>\n\t\t\t\t\t\t\t\t\t\t\t\t<div class=\"elementor-swiper-button elementor-swiper-button-prev\" role=\"button\" tabindex=\"0\">\n\t\t\t\t\t\t<svg aria-hidden=\"true\" class=\"e-font-icon-svg e-eicon-chevron-left\" viewBox=\"0 0 1000 1000\" xmlns=\"http:\/\/www.w3.org\/2000\/svg\"><path d=\"M646 125C629 125 613 133 604 142L308 442C296 454 292 471 292 487 292 504 296 521 308 533L604 854C617 867 629 875 646 875 663 875 679 871 692 858 704 846 713 829 713 812 713 796 708 779 692 767L438 487 692 225C700 217 708 204 708 187 708 171 704 154 692 142 675 129 663 125 646 125Z\"><\/path><\/svg>\t\t\t\t\t<\/div>\n\t\t\t\t\t<div class=\"elementor-swiper-button elementor-swiper-button-next\" role=\"button\" tabindex=\"0\">\n\t\t\t\t\t\t<svg aria-hidden=\"true\" class=\"e-font-icon-svg e-eicon-chevron-right\" viewBox=\"0 0 1000 1000\" xmlns=\"http:\/\/www.w3.org\/2000\/svg\"><path d=\"M696 533C708 521 713 504 713 487 713 471 708 454 696 446L400 146C388 133 375 125 354 125 338 125 325 129 313 142 300 154 292 171 292 187 292 204 296 221 308 233L563 492 304 771C292 783 288 800 288 817 288 833 296 850 308 863 321 871 338 875 354 875 371 875 388 867 400 854L696 533Z\"><\/path><\/svg>\t\t\t\t\t<\/div>\n\t\t\t\t\n\t\t\t\t\t\t\t\t\t<div class=\"swiper-pagination\"><\/div>\n\t\t\t\t\t\t\t\t\t<\/div>\n\t\t\t\t\t\t<\/div>\n\t\t\t\t<\/div>\n\t\t\t\t<\/div>\n\t\t\t\t<\/div>\n\t\t<div class=\"elementor-element elementor-element-6283a21 e-con-full e-flex e-con e-child\" data-id=\"6283a21\" data-element_type=\"container\" data-e-type=\"container\">\n\t\t\t\t<div class=\"elementor-element elementor-element-88e420a elementor-widget elementor-widget-heading\" data-id=\"88e420a\" data-element_type=\"widget\" data-e-type=\"widget\" data-widget_type=\"heading.default\">\n\t\t\t\t<div class=\"elementor-widget-container\">\n\t\t\t\t\t<h2 class=\"elementor-heading-title elementor-size-default\">5. El Fuerte (Frigiliana)<\/h2>\t\t\t\t<\/div>\n\t\t\t\t<\/div>\n\t\t\t\t<div class=\"elementor-element elementor-element-9dbf18e elementor-widget elementor-widget-text-editor\" data-id=\"9dbf18e\" data-element_type=\"widget\" data-e-type=\"widget\" data-widget_type=\"text-editor.default\">\n\t\t\t\t<div class=\"elementor-widget-container\">\n\t\t\t\t\t\t\t\t\t<p><span style=\"font-weight: 400;\">Sendero que comienza en uno de los <\/span><b>pueblos blancos<\/b><span style=\"font-weight: 400;\"> m\u00e1s bonitos de la Axarqu\u00eda, pertenece a la costa oriental de la provincia y est\u00e1 cerca del R\u00edo Chillar. La traves\u00eda de El Fuerte de Frigiliana combina naturaleza, vistas al mar y un casco urbano pintoresco donde tapear y pasear despu\u00e9s de la ruta. Adem\u00e1s, muy cerca de Frigiliana est\u00e1 Nerja que es un pueblo encantador y Maro y sus playas, que son ideales para bucear en el Mediterr\u00e1neo. En definitiva, si quieres rutas de senderismo en M\u00e1laga es una buena zona para explorar la comarca de la Axarqu\u00eda y <a href=\"https:\/\/www.cuboshomes.com\/alquiler\/alquileres-torrox-d158\/vista-lista\/\">alojarse cerca<\/a> de varias rutas.<\/span><\/p><p><b>\u2705 Datos de la ruta:<\/b> 7 kms de distancia, dificultad media y duraci\u00f3n entre 3 y 4 horas.<\/p>\t\t\t\t\t\t\t\t<\/div>\n\t\t\t\t<\/div>\n\t\t<div class=\"elementor-element elementor-element-f99bd1d e-con-full e-flex e-con e-child\" data-id=\"f99bd1d\" data-element_type=\"container\" data-e-type=\"container\">\n\t\t\t\t<div class=\"elementor-element elementor-element-f4b4a44 elementor-widget elementor-widget-image\" data-id=\"f4b4a44\" data-element_type=\"widget\" data-e-type=\"widget\" data-widget_type=\"image.default\">\n\t\t\t\t<div class=\"elementor-widget-container\">\n\t\t\t\t\t\t\t\t\t\t\t\t\t\t\t<img decoding=\"async\" src=\"https:\/\/www.cuboshomes.com\/blog\/wp-content\/uploads\/2026\/01\/arc_17118_g.webp\" title=\"arc_17118_g\" alt=\"arc_17118_g\" loading=\"lazy\" \/>\t\t\t\t\t\t\t\t\t\t\t\t\t\t\t<\/div>\n\t\t\t\t<\/div>\n\t\t\t\t<\/div>\n\t\t\t\t<\/div>\n\t\t<div class=\"elementor-element elementor-element-9aca296 e-con-full e-flex e-con e-child\" data-id=\"9aca296\" data-element_type=\"container\" data-e-type=\"container\">\n\t\t\t\t<div class=\"elementor-element elementor-element-771e3b3 elementor-widget elementor-widget-heading\" data-id=\"771e3b3\" data-element_type=\"widget\" data-e-type=\"widget\" data-widget_type=\"heading.default\">\n\t\t\t\t<div class=\"elementor-widget-container\">\n\t\t\t\t\t<h2 class=\"elementor-heading-title elementor-size-default\">6. Senderismo por la Ca\u00f1ada del Lobo (Torremolinos)<\/h2>\t\t\t\t<\/div>\n\t\t\t\t<\/div>\n\t\t\t\t<div class=\"elementor-element elementor-element-ce1a864 elementor-widget elementor-widget-text-editor\" data-id=\"ce1a864\" data-element_type=\"widget\" data-e-type=\"widget\" data-widget_type=\"text-editor.default\">\n\t\t\t\t<div class=\"elementor-widget-container\">\n\t\t\t\t\t\t\t\t\t<p><span style=\"font-weight: 400;\">Ruta de dificultad <\/span><b>moderada<\/b><span style=\"font-weight: 400;\">, <\/span><b>accesible y cerca<\/b><span style=\"font-weight: 400;\"> de la ciudad de <\/span><b>M\u00e1laga. <\/b>Adem\u00e1s se trata de una ru<span style=\"font-weight: 400;\">ta muy agradable cerca de la Costa del Sol, con un mirador muy llamativo: <\/span><b>el Mirador del Lobo. <\/b><span style=\"font-weight: 400;\">Combina bosque mediterr\u00e1neo y sombras en un recorrido tranquilo y finaliza con una impresionante escultura de un lobo y vistas a Torremolinos y la l\u00ednea de costa. Por eso, es recomendable ir a la Ca\u00f1ada del Lobo pronto para evitar el calor y realizar la ruta sin prisas disfrutando del camino. En definitiva, para disfrutar de la Costa del Sol estos son los <a href=\"https:\/\/www.cuboshomes.com\/alquiler\/alquileres-torremolinos-d198\/vista-lista\/\">alojamientos en Torremolinos<\/a>.\u00a0<\/span><\/p><p><strong>\u2705 Datos de la ruta:<\/strong> 8 kms de distancia seg\u00fan el tramo elegido, dificultad f\u00e1cil-media y duraci\u00f3n entre 2 y 3 horas.\u00a0<\/p>\t\t\t\t\t\t\t\t<\/div>\n\t\t\t\t<\/div>\n\t\t<div class=\"elementor-element elementor-element-ddbf20c e-con-full e-flex e-con e-child\" data-id=\"ddbf20c\" data-element_type=\"container\" data-e-type=\"container\">\n\t\t\t\t<div class=\"elementor-element elementor-element-6e7295e elementor-widget elementor-widget-html\" data-id=\"6e7295e\" data-element_type=\"widget\" data-e-type=\"widget\" data-widget_type=\"html.default\">\n\t\t\t\t<div class=\"elementor-widget-container\">\n\t\t\t\t\t<iframe frameBorder=\"0\" scrolling=\"no\" src=\"https:\/\/es.wikiloc.com\/wikiloc\/embedv2.do?id=22839621&elevation=off&images=off&maptype=H\" width=\"600\" height=\"500\"><\/iframe><div style=\"color:#777;font-size:11px;line-height:16px;\">Powered by&nbsp;<a style=\"color:#4C8C2B;font-size:11px;line-height:16px;\" target=\"_blank\" href=\"https:\/\/es.wikiloc.com\">Wikiloc<\/a><\/div>\t\t\t\t<\/div>\n\t\t\t\t<\/div>\n\t\t\t\t<\/div>\n\t\t\t\t<\/div>\n\t\t<div class=\"elementor-element elementor-element-395eb82 e-con-full e-flex e-con e-child\" data-id=\"395eb82\" data-element_type=\"container\" data-e-type=\"container\">\n\t\t\t\t<div class=\"elementor-element elementor-element-84a5cf4 elementor-widget elementor-widget-heading\" data-id=\"84a5cf4\" data-element_type=\"widget\" data-e-type=\"widget\" data-widget_type=\"heading.default\">\n\t\t\t\t<div class=\"elementor-widget-container\">\n\t\t\t\t\t<h2 class=\"elementor-heading-title elementor-size-default\">7. Montes de M\u00e1laga<\/h2>\t\t\t\t<\/div>\n\t\t\t\t<\/div>\n\t\t\t\t<div class=\"elementor-element elementor-element-fd3b848 elementor-widget elementor-widget-text-editor\" data-id=\"fd3b848\" data-element_type=\"widget\" data-e-type=\"widget\" data-widget_type=\"text-editor.default\">\n\t\t\t\t<div class=\"elementor-widget-container\">\n\t\t\t\t\t\t\t\t\t<p><span style=\"font-weight: 400;\">A pocos minutos de M\u00e1laga capital, los Montes de M\u00e1laga ofrece varias\u00a0<\/span><span style=\"font-size: 1rem;\">rutas de senderismo en M\u00e1laga<\/span><span style=\"font-size: 1rem;\">\u00a0tiene senderos se\u00f1alizados y zonas de picnic, adem\u00e1s hay varias <\/span><b style=\"font-size: 1rem;\">ventas y restaurantes<\/b><span style=\"font-size: 1rem;\"> donde comer el t\u00edpico <\/span><b style=\"font-size: 1rem;\">plato de los montes<\/b><span style=\"font-size: 1rem;\">. Lo ideal es ir en primavera e invierno para disfrutar de la gastronom\u00eda y evitar el calor. Las rutas m\u00e1s frecuentes en los montes de M\u00e1laga son <strong>Cerrado del Le\u00f3n, Fuente de la Reina y Pocop\u00e1n<\/strong>. Ofrece un amplio abanico de posibilidades para familias, grupos y viajeros sin veh\u00edculo. El <\/span><b style=\"font-size: 1rem;\">Jard\u00edn Bot\u00e1nico de la Concepci\u00f3n<\/b><span style=\"font-size: 1rem;\"> est\u00e1 en la misma zona y es recomendable visitarlo por su variedad y belleza, as\u00ed que, estos son algunos <a href=\"https:\/\/www.cuboshomes.com\/alquiler\/alquileres-malaga-d980\/vista-lista\/\">alojamientos en M\u00e1laga<\/a> pr\u00f3ximos a los montes de M\u00e1laga.<\/span><\/p>\t\t\t\t\t\t\t\t<\/div>\n\t\t\t\t<\/div>\n\t\t<div class=\"elementor-element elementor-element-65eea03 e-con-full e-flex e-con e-child\" data-id=\"65eea03\" data-element_type=\"container\" data-e-type=\"container\">\n\t\t\t\t<div class=\"elementor-element elementor-element-b7ac745 elementor-arrows-position-inside elementor-pagination-position-outside elementor-widget elementor-widget-image-carousel\" data-id=\"b7ac745\" data-element_type=\"widget\" data-e-type=\"widget\" data-settings=\"{&quot;navigation&quot;:&quot;both&quot;,&quot;autoplay&quot;:&quot;yes&quot;,&quot;pause_on_hover&quot;:&quot;yes&quot;,&quot;pause_on_interaction&quot;:&quot;yes&quot;,&quot;autoplay_speed&quot;:5000,&quot;infinite&quot;:&quot;yes&quot;,&quot;speed&quot;:500}\" data-widget_type=\"image-carousel.default\">\n\t\t\t\t<div class=\"elementor-widget-container\">\n\t\t\t\t\t\t\t<div class=\"elementor-image-carousel-wrapper swiper\" role=\"region\" aria-roledescription=\"carousel\" aria-label=\"Image Carousel\" dir=\"ltr\">\n\t\t\t<div class=\"elementor-image-carousel swiper-wrapper\" aria-live=\"off\">\n\t\t\t\t\t\t\t\t<div class=\"swiper-slide\" role=\"group\" aria-roledescription=\"slide\" aria-label=\"1 of 5\"><figure class=\"swiper-slide-inner\"><img decoding=\"async\" class=\"swiper-slide-image\" src=\"https:\/\/www.cuboshomes.com\/blog\/wp-content\/uploads\/2026\/01\/arc_28787_g-768x511.webp\" alt=\"arc_28787_g\" \/><\/figure><\/div><div class=\"swiper-slide\" role=\"group\" aria-roledescription=\"slide\" aria-label=\"2 of 5\"><figure class=\"swiper-slide-inner\"><img decoding=\"async\" class=\"swiper-slide-image\" src=\"https:\/\/www.cuboshomes.com\/blog\/wp-content\/uploads\/2026\/01\/image.webp\" alt=\"image\" \/><\/figure><\/div><div class=\"swiper-slide\" role=\"group\" aria-roledescription=\"slide\" aria-label=\"3 of 5\"><figure class=\"swiper-slide-inner\"><img decoding=\"async\" class=\"swiper-slide-image\" src=\"https:\/\/www.cuboshomes.com\/blog\/wp-content\/uploads\/2026\/01\/arc_28787_g-768x511.png\" alt=\"arc_28787_g\" \/><\/figure><\/div><div class=\"swiper-slide\" role=\"group\" aria-roledescription=\"slide\" aria-label=\"4 of 5\"><figure class=\"swiper-slide-inner\"><img decoding=\"async\" class=\"swiper-slide-image\" src=\"https:\/\/www.cuboshomes.com\/blog\/wp-content\/uploads\/2026\/01\/arc_28787_g3-768x511.png\" alt=\"arc_28787_g3\" \/><\/figure><\/div><div class=\"swiper-slide\" role=\"group\" aria-roledescription=\"slide\" aria-label=\"5 of 5\"><figure class=\"swiper-slide-inner\"><img decoding=\"async\" class=\"swiper-slide-image\" src=\"https:\/\/www.cuboshomes.com\/blog\/wp-content\/uploads\/2026\/01\/arc_28787_g5-768x511.png\" alt=\"arc_28787_g5\" \/><\/figure><\/div>\t\t\t<\/div>\n\t\t\t\t\t\t\t\t\t\t\t\t<div class=\"elementor-swiper-button elementor-swiper-button-prev\" role=\"button\" tabindex=\"0\">\n\t\t\t\t\t\t<svg aria-hidden=\"true\" class=\"e-font-icon-svg e-eicon-chevron-left\" viewBox=\"0 0 1000 1000\" xmlns=\"http:\/\/www.w3.org\/2000\/svg\"><path d=\"M646 125C629 125 613 133 604 142L308 442C296 454 292 471 292 487 292 504 296 521 308 533L604 854C617 867 629 875 646 875 663 875 679 871 692 858 704 846 713 829 713 812 713 796 708 779 692 767L438 487 692 225C700 217 708 204 708 187 708 171 704 154 692 142 675 129 663 125 646 125Z\"><\/path><\/svg>\t\t\t\t\t<\/div>\n\t\t\t\t\t<div class=\"elementor-swiper-button elementor-swiper-button-next\" role=\"button\" tabindex=\"0\">\n\t\t\t\t\t\t<svg aria-hidden=\"true\" class=\"e-font-icon-svg e-eicon-chevron-right\" viewBox=\"0 0 1000 1000\" xmlns=\"http:\/\/www.w3.org\/2000\/svg\"><path d=\"M696 533C708 521 713 504 713 487 713 471 708 454 696 446L400 146C388 133 375 125 354 125 338 125 325 129 313 142 300 154 292 171 292 187 292 204 296 221 308 233L563 492 304 771C292 783 288 800 288 817 288 833 296 850 308 863 321 871 338 875 354 875 371 875 388 867 400 854L696 533Z\"><\/path><\/svg>\t\t\t\t\t<\/div>\n\t\t\t\t\n\t\t\t\t\t\t\t\t\t<div class=\"swiper-pagination\"><\/div>\n\t\t\t\t\t\t\t\t\t<\/div>\n\t\t\t\t\t\t<\/div>\n\t\t\t\t<\/div>\n\t\t\t\t<\/div>\n\t\t\t\t<\/div>\n\t\t<div class=\"elementor-element elementor-element-b202f57 e-con-full e-flex e-con e-child\" data-id=\"b202f57\" data-element_type=\"container\" data-e-type=\"container\">\n\t\t\t\t<div class=\"elementor-element elementor-element-710988f elementor-widget elementor-widget-heading\" data-id=\"710988f\" data-element_type=\"widget\" data-e-type=\"widget\" data-widget_type=\"heading.default\">\n\t\t\t\t<div class=\"elementor-widget-container\">\n\t\t\t\t\t<h2 class=\"elementor-heading-title elementor-size-default\">Recomendaciones finales<\/h2>\t\t\t\t<\/div>\n\t\t\t\t<\/div>\n\t\t\t\t<div class=\"elementor-element elementor-element-e8b6d65 elementor-widget elementor-widget-text-editor\" data-id=\"e8b6d65\" data-element_type=\"widget\" data-e-type=\"widget\" data-widget_type=\"text-editor.default\">\n\t\t\t\t<div class=\"elementor-widget-container\">\n\t\t\t\t\t\t\t\t\t<p><span style=\"font-weight: 400;\">Si buscas rutas de senderismo en M\u00e1laga durante tu estancia, encontrar\u00e1s opciones para ni\u00f1os, familias, grupos de amigos, deportistas o parejas. Desde caminos junto al mar hasta monta\u00f1as con vistas, pasando por r\u00edos y bosques muy accesibles. Por \u00faltimo, te dejamos algunos enlaces que te ayudar\u00e1n a organizar tu viaje.\u00a0<\/span><\/p>\n<p><span style=\"font-weight: 400;\">\u2714 <\/span><a href=\"https:\/\/laconcepcion.malaga.eu\/es\/visitas\/\"><span style=\"font-weight: 400;\">Jard\u00edn Bot\u00e1nico de la Concepci\u00f3n &#8211; Entradas<\/span><\/a><\/p>\n<p><span style=\"font-weight: 400;\">\u2714 <\/span><a href=\"https:\/\/www.caminitodelrey.info\/\"><span style=\"font-weight: 400;\">Caminito del Rey \u2013 Entradas oficiales<\/span><\/a><\/p>\n<p><span style=\"font-weight: 400;\">\u2714 <\/span><a href=\"https:\/\/www.torcaldeantequera.com\/rutas\/\"><span style=\"font-weight: 400;\">Rutas en El Torcal de Antequera<\/span><\/a><\/p>\n<p><span style=\"font-weight: 400;\">\u2714 <\/span><a href=\"https:\/\/es.wikiloc.com\/rutas\/senderismo\/espana\/andalucia\/malaga\"><span style=\"font-weight: 400;\">WikiLoc: mejores rutas en M\u00e1laga\u00a0<\/span><\/a><\/p>\n<p><span style=\"font-weight: 400;\">En <\/span><b>Cubo\u2019s Holiday Homes<\/b><span style=\"font-weight: 400;\">, sabemos que muchos hu\u00e9spedes combinan este tipo de planes con gastronom\u00eda local, visitas culturales y descanso en el alojamiento. Si quieres disfrutar de estas rutas y alojarte en zonas bien situadas, podemos ayudarte a <\/span><b>encontrar la casa perfecta en M\u00e1laga. \ud83c\udf05<\/b><\/p>\t\t\t\t\t\t\t\t<\/div>\n\t\t\t\t<\/div>\n\t\t<div class=\"elementor-element elementor-element-5c77098 e-con-full e-flex e-con e-child\" data-id=\"5c77098\" data-element_type=\"container\" data-e-type=\"container\">\n\t\t\t\t<div class=\"elementor-element elementor-element-63095a0 elementor-align-center elementor-widget elementor-widget-button\" data-id=\"63095a0\" data-element_type=\"widget\" data-e-type=\"widget\" data-widget_type=\"button.default\">\n\t\t\t\t<div class=\"elementor-widget-container\">\n\t\t\t\t\t\t\t\t\t<div class=\"elementor-button-wrapper\">\n\t\t\t\t\t<a class=\"elementor-button elementor-button-link elementor-size-sm elementor-animation-pulse\" href=\"\">\n\t\t\t\t\t\t<span class=\"elementor-button-content-wrapper\">\n\t\t\t\t\t\t\t\t\t<span class=\"elementor-button-text\">\u00a1RESERVA AHORA!<\/span>\n\t\t\t\t\t<\/span>\n\t\t\t\t\t<\/a>\n\t\t\t\t<\/div>\n\t\t\t\t\t\t\t\t<\/div>\n\t\t\t\t<\/div>\n\t\t\t\t<\/div>\n\t\t\t\t<\/div>\n\t\t\t\t\t<\/div>\n\t\t\t\t<\/div>\n\t\t<div class=\"elementor-element elementor-element-4efa737 e-flex e-con-boxed e-con e-parent\" data-id=\"4efa737\" data-element_type=\"container\" data-e-type=\"container\">\n\t\t\t\t\t<div class=\"e-con-inner\">\n\t\t\t\t<div class=\"elementor-element elementor-element-2e81924 elementor-shape-rounded elementor-grid-0 e-grid-align-center elementor-widget elementor-widget-social-icons\" data-id=\"2e81924\" data-element_type=\"widget\" data-e-type=\"widget\" data-widget_type=\"social-icons.default\">\n\t\t\t\t<div class=\"elementor-widget-container\">\n\t\t\t\t\t\t\t<div class=\"elementor-social-icons-wrapper elementor-grid\" role=\"list\">\n\t\t\t\t\t\t\t<span class=\"elementor-grid-item\" role=\"listitem\">\n\t\t\t\t\t<a class=\"elementor-icon elementor-social-icon elementor-social-icon-instagram elementor-repeater-item-7984172\" href=\"https:\/\/www.instagram.com\/cuboshomes\/?hl=es\" target=\"_blank\">\n\t\t\t\t\t\t<span class=\"elementor-screen-only\">Instagram<\/span>\n\t\t\t\t\t\t<svg aria-hidden=\"true\" class=\"e-font-icon-svg e-fab-instagram\" viewBox=\"0 0 448 512\" xmlns=\"http:\/\/www.w3.org\/2000\/svg\"><path d=\"M224.1 141c-63.6 0-114.9 51.3-114.9 114.9s51.3 114.9 114.9 114.9S339 319.5 339 255.9 287.7 141 224.1 141zm0 189.6c-41.1 0-74.7-33.5-74.7-74.7s33.5-74.7 74.7-74.7 74.7 33.5 74.7 74.7-33.6 74.7-74.7 74.7zm146.4-194.3c0 14.9-12 26.8-26.8 26.8-14.9 0-26.8-12-26.8-26.8s12-26.8 26.8-26.8 26.8 12 26.8 26.8zm76.1 27.2c-1.7-35.9-9.9-67.7-36.2-93.9-26.2-26.2-58-34.4-93.9-36.2-37-2.1-147.9-2.1-184.9 0-35.8 1.7-67.6 9.9-93.9 36.1s-34.4 58-36.2 93.9c-2.1 37-2.1 147.9 0 184.9 1.7 35.9 9.9 67.7 36.2 93.9s58 34.4 93.9 36.2c37 2.1 147.9 2.1 184.9 0 35.9-1.7 67.7-9.9 93.9-36.2 26.2-26.2 34.4-58 36.2-93.9 2.1-37 2.1-147.8 0-184.8zM398.8 388c-7.8 19.6-22.9 34.7-42.6 42.6-29.5 11.7-99.5 9-132.1 9s-102.7 2.6-132.1-9c-19.6-7.8-34.7-22.9-42.6-42.6-11.7-29.5-9-99.5-9-132.1s-2.6-102.7 9-132.1c7.8-19.6 22.9-34.7 42.6-42.6 29.5-11.7 99.5-9 132.1-9s102.7-2.6 132.1 9c19.6 7.8 34.7 22.9 42.6 42.6 11.7 29.5 9 99.5 9 132.1s2.7 102.7-9 132.1z\"><\/path><\/svg>\t\t\t\t\t<\/a>\n\t\t\t\t<\/span>\n\t\t\t\t\t\t\t<span class=\"elementor-grid-item\" role=\"listitem\">\n\t\t\t\t\t<a class=\"elementor-icon elementor-social-icon elementor-social-icon-facebook elementor-repeater-item-3a59611\" href=\"https:\/\/www.facebook.com\/cuboshomes\/\" target=\"_blank\">\n\t\t\t\t\t\t<span class=\"elementor-screen-only\">Facebook<\/span>\n\t\t\t\t\t\t<svg aria-hidden=\"true\" class=\"e-font-icon-svg e-fab-facebook\" viewBox=\"0 0 512 512\" xmlns=\"http:\/\/www.w3.org\/2000\/svg\"><path d=\"M504 256C504 119 393 8 256 8S8 119 8 256c0 123.78 90.69 226.38 209.25 245V327.69h-63V256h63v-54.64c0-62.15 37-96.48 93.67-96.48 27.14 0 55.52 4.84 55.52 4.84v61h-31.28c-30.8 0-40.41 19.12-40.41 38.73V256h68.78l-11 71.69h-57.78V501C413.31 482.38 504 379.78 504 256z\"><\/path><\/svg>\t\t\t\t\t<\/a>\n\t\t\t\t<\/span>\n\t\t\t\t\t\t\t<span class=\"elementor-grid-item\" role=\"listitem\">\n\t\t\t\t\t<a class=\"elementor-icon elementor-social-icon elementor-social-icon-tiktok elementor-repeater-item-b3ffd54\" href=\"https:\/\/www.tiktok.com\/@cuboshomes?_t=ZN-8uqFRPNfyFy&#038;_r=1\" target=\"_blank\">\n\t\t\t\t\t\t<span class=\"elementor-screen-only\">Tiktok<\/span>\n\t\t\t\t\t\t<svg aria-hidden=\"true\" class=\"e-font-icon-svg e-fab-tiktok\" viewBox=\"0 0 448 512\" xmlns=\"http:\/\/www.w3.org\/2000\/svg\"><path d=\"M448,209.91a210.06,210.06,0,0,1-122.77-39.25V349.38A162.55,162.55,0,1,1,185,188.31V278.2a74.62,74.62,0,1,0,52.23,71.18V0l88,0a121.18,121.18,0,0,0,1.86,22.17h0A122.18,122.18,0,0,0,381,102.39a121.43,121.43,0,0,0,67,20.14Z\"><\/path><\/svg>\t\t\t\t\t<\/a>\n\t\t\t\t<\/span>\n\t\t\t\t\t\t\t<span class=\"elementor-grid-item\" role=\"listitem\">\n\t\t\t\t\t<a class=\"elementor-icon elementor-social-icon elementor-social-icon-youtube elementor-repeater-item-e4bdce2\" href=\"https:\/\/www.youtube.com\/@cubosholidayhomes\" target=\"_blank\">\n\t\t\t\t\t\t<span class=\"elementor-screen-only\">Youtube<\/span>\n\t\t\t\t\t\t<svg aria-hidden=\"true\" class=\"e-font-icon-svg e-fab-youtube\" viewBox=\"0 0 576 512\" xmlns=\"http:\/\/www.w3.org\/2000\/svg\"><path d=\"M549.655 124.083c-6.281-23.65-24.787-42.276-48.284-48.597C458.781 64 288 64 288 64S117.22 64 74.629 75.486c-23.497 6.322-42.003 24.947-48.284 48.597-11.412 42.867-11.412 132.305-11.412 132.305s0 89.438 11.412 132.305c6.281 23.65 24.787 41.5 48.284 47.821C117.22 448 288 448 288 448s170.78 0 213.371-11.486c23.497-6.321 42.003-24.171 48.284-47.821 11.412-42.867 11.412-132.305 11.412-132.305s0-89.438-11.412-132.305zm-317.51 213.508V175.185l142.739 81.205-142.739 81.201z\"><\/path><\/svg>\t\t\t\t\t<\/a>\n\t\t\t\t<\/span>\n\t\t\t\t\t<\/div>\n\t\t\t\t\t\t<\/div>\n\t\t\t\t<\/div>\n\t\t\t\t\t<\/div>\n\t\t\t\t<\/div>\n\t\t\t\t<\/div>\n\t\t","protected":false},"excerpt":{"rendered":"<p>Si no sabes qu\u00e9 hacer en M\u00e1laga, estas son las rutas de senderismo m\u00e1s populares de la provincia. Adem\u00e1s el clima templado, las monta\u00f1as y los desfiladeros ofrecen una gran variedad de rutas para todos los niveles de dificultad. Antes de salir,\u00a0 recuerda llevar ropa y calzado adecuado, agua, protecci\u00f3n solar y consultar el clima [&hellip;]<\/p>\n","protected":false},"author":4,"featured_media":4463,"comment_status":"open","ping_status":"open","sticky":false,"template":"","format":"standard","meta":{"footnotes":""},"categories":[446,9,45,437],"tags":[11,402,13,41,387],"class_list":["post-4480","post","type-post","status-publish","format-standard","has-post-thumbnail","hentry","category-alojamientos-en","category-ocio-en","category-lugares-en","category-the-travelers-guide","tag-costa-del-sol-en","tag-malaga-2-en","tag-ocio-en","tag-senderismo-en","tag-turismo-en"],"yoast_head":"<!-- This site is optimized with the Yoast SEO plugin v25.3 - https:\/\/yoast.com\/wordpress\/plugins\/seo\/ -->\n<title>Hiking Routes in Malaga: The Best Trails, Maps and Travel Tips<\/title>\n<meta name=\"description\" content=\"Discover the best hiking routes in Malaga with distances, difficulty levels and travel tips. Plan your hikes and explore Malaga\u2019s nature at your own pace.\" \/>\n<meta name=\"robots\" content=\"index, follow, max-snippet:-1, max-image-preview:large, max-video-preview:-1\" \/>\n<link rel=\"canonical\" href=\"https:\/\/www.cuboshomes.com\/blog\/en\/rutas-senderismo-malaga\/\" \/>\n<meta property=\"og:locale\" content=\"en_US\" \/>\n<meta property=\"og:type\" content=\"article\" \/>\n<meta property=\"og:title\" content=\"Hiking Routes in Malaga: The Best Trails, Maps and Travel Tips\" \/>\n<meta property=\"og:description\" content=\"Discover the best hiking routes in Malaga with distances, difficulty levels and travel tips. Plan your hikes and explore Malaga\u2019s nature at your own pace.\" \/>\n<meta property=\"og:url\" content=\"https:\/\/www.cuboshomes.com\/blog\/en\/rutas-senderismo-malaga\/\" \/>\n<meta property=\"og:site_name\" content=\"Blog Cubo&#039;s Holiday Homes\" \/>\n<meta property=\"article:published_time\" content=\"2026-01-20T10:01:08+00:00\" \/>\n<meta property=\"article:modified_time\" content=\"2026-01-20T12:37:43+00:00\" \/>\n<meta property=\"og:image\" content=\"https:\/\/www.cuboshomes.com\/blog\/wp-content\/uploads\/2024\/12\/portada.png\" \/>\n\t<meta property=\"og:image:width\" content=\"1920\" \/>\n\t<meta property=\"og:image:height\" content=\"648\" \/>\n\t<meta property=\"og:image:type\" content=\"image\/png\" \/>\n<meta name=\"author\" content=\"cuboshomes\" \/>\n<meta name=\"twitter:card\" content=\"summary_large_image\" \/>\n<meta name=\"twitter:label1\" content=\"Written by\" \/>\n\t<meta name=\"twitter:data1\" content=\"cuboshomes\" \/>\n\t<meta name=\"twitter:label2\" content=\"Est. reading time\" \/>\n\t<meta name=\"twitter:data2\" content=\"9 minutes\" \/>\n<script type=\"application\/ld+json\" class=\"yoast-schema-graph\">{\"@context\":\"https:\/\/schema.org\",\"@graph\":[{\"@type\":\"WebPage\",\"@id\":\"https:\/\/www.cuboshomes.com\/blog\/en\/rutas-senderismo-malaga\/\",\"url\":\"https:\/\/www.cuboshomes.com\/blog\/en\/rutas-senderismo-malaga\/\",\"name\":\"Hiking Routes in Malaga: The Best Trails, Maps and Travel Tips\",\"isPartOf\":{\"@id\":\"https:\/\/www.cuboshomes.com\/blog\/en\/#website\"},\"primaryImageOfPage\":{\"@id\":\"https:\/\/www.cuboshomes.com\/blog\/en\/rutas-senderismo-malaga\/#primaryimage\"},\"image\":{\"@id\":\"https:\/\/www.cuboshomes.com\/blog\/en\/rutas-senderismo-malaga\/#primaryimage\"},\"thumbnailUrl\":\"https:\/\/www.cuboshomes.com\/blog\/wp-content\/uploads\/2024\/12\/portada.png\",\"datePublished\":\"2026-01-20T10:01:08+00:00\",\"dateModified\":\"2026-01-20T12:37:43+00:00\",\"author\":{\"@id\":\"https:\/\/www.cuboshomes.com\/blog\/en\/#\/schema\/person\/07d7351e1490c5ee1bc865d8b7866913\"},\"description\":\"Discover the best hiking routes in Malaga with distances, difficulty levels and travel tips. Plan your hikes and explore Malaga\u2019s nature at your own pace.\",\"breadcrumb\":{\"@id\":\"https:\/\/www.cuboshomes.com\/blog\/en\/rutas-senderismo-malaga\/#breadcrumb\"},\"inLanguage\":\"en\",\"potentialAction\":[{\"@type\":\"ReadAction\",\"target\":[\"https:\/\/www.cuboshomes.com\/blog\/en\/rutas-senderismo-malaga\/\"]}]},{\"@type\":\"ImageObject\",\"inLanguage\":\"en\",\"@id\":\"https:\/\/www.cuboshomes.com\/blog\/en\/rutas-senderismo-malaga\/#primaryimage\",\"url\":\"https:\/\/www.cuboshomes.com\/blog\/wp-content\/uploads\/2024\/12\/portada.png\",\"contentUrl\":\"https:\/\/www.cuboshomes.com\/blog\/wp-content\/uploads\/2024\/12\/portada.png\",\"width\":1920,\"height\":648,\"caption\":\"Portada Jard\u00edn de la Concepci\u00f3n\"},{\"@type\":\"BreadcrumbList\",\"@id\":\"https:\/\/www.cuboshomes.com\/blog\/en\/rutas-senderismo-malaga\/#breadcrumb\",\"itemListElement\":[{\"@type\":\"ListItem\",\"position\":1,\"name\":\"Portada\",\"item\":\"https:\/\/www.cuboshomes.com\/blog\/en\/cubos-home-blog-holidays-in-costa-del-sol\/\"},{\"@type\":\"ListItem\",\"position\":2,\"name\":\"Descubre las mejores rutas de senderismo en la provincia de M\u00e1laga\"}]},{\"@type\":\"WebSite\",\"@id\":\"https:\/\/www.cuboshomes.com\/blog\/en\/#website\",\"url\":\"https:\/\/www.cuboshomes.com\/blog\/en\/\",\"name\":\"Blog Cubo&#039;s Holiday Homes\",\"description\":\"\",\"potentialAction\":[{\"@type\":\"SearchAction\",\"target\":{\"@type\":\"EntryPoint\",\"urlTemplate\":\"https:\/\/www.cuboshomes.com\/blog\/en\/?s={search_term_string}\"},\"query-input\":{\"@type\":\"PropertyValueSpecification\",\"valueRequired\":true,\"valueName\":\"search_term_string\"}}],\"inLanguage\":\"en\"},{\"@type\":\"Person\",\"@id\":\"https:\/\/www.cuboshomes.com\/blog\/en\/#\/schema\/person\/07d7351e1490c5ee1bc865d8b7866913\",\"name\":\"cuboshomes\",\"image\":{\"@type\":\"ImageObject\",\"inLanguage\":\"en\",\"@id\":\"https:\/\/www.cuboshomes.com\/blog\/en\/#\/schema\/person\/image\/\",\"url\":\"https:\/\/secure.gravatar.com\/avatar\/7a5399cfe1894289644dcbec0fce9dc7?s=96&d=mm&r=g\",\"contentUrl\":\"https:\/\/secure.gravatar.com\/avatar\/7a5399cfe1894289644dcbec0fce9dc7?s=96&d=mm&r=g\",\"caption\":\"cuboshomes\"}}]}<\/script>\n<!-- \/ Yoast SEO plugin. -->","yoast_head_json":{"title":"Hiking Routes in Malaga: The Best Trails, Maps and Travel Tips","description":"Discover the best hiking routes in Malaga with distances, difficulty levels and travel tips. Plan your hikes and explore Malaga\u2019s nature at your own pace.","robots":{"index":"index","follow":"follow","max-snippet":"max-snippet:-1","max-image-preview":"max-image-preview:large","max-video-preview":"max-video-preview:-1"},"canonical":"https:\/\/www.cuboshomes.com\/blog\/en\/rutas-senderismo-malaga\/","og_locale":"en_US","og_type":"article","og_title":"Hiking Routes in Malaga: The Best Trails, Maps and Travel Tips","og_description":"Discover the best hiking routes in Malaga with distances, difficulty levels and travel tips. Plan your hikes and explore Malaga\u2019s nature at your own pace.","og_url":"https:\/\/www.cuboshomes.com\/blog\/en\/rutas-senderismo-malaga\/","og_site_name":"Blog Cubo&#039;s Holiday Homes","article_published_time":"2026-01-20T10:01:08+00:00","article_modified_time":"2026-01-20T12:37:43+00:00","og_image":[{"width":1920,"height":648,"url":"https:\/\/www.cuboshomes.com\/blog\/wp-content\/uploads\/2024\/12\/portada.png","type":"image\/png"}],"author":"cuboshomes","twitter_card":"summary_large_image","twitter_misc":{"Written by":"cuboshomes","Est. reading time":"9 minutes"},"schema":{"@context":"https:\/\/schema.org","@graph":[{"@type":"WebPage","@id":"https:\/\/www.cuboshomes.com\/blog\/en\/rutas-senderismo-malaga\/","url":"https:\/\/www.cuboshomes.com\/blog\/en\/rutas-senderismo-malaga\/","name":"Hiking Routes in Malaga: The Best Trails, Maps and Travel Tips","isPartOf":{"@id":"https:\/\/www.cuboshomes.com\/blog\/en\/#website"},"primaryImageOfPage":{"@id":"https:\/\/www.cuboshomes.com\/blog\/en\/rutas-senderismo-malaga\/#primaryimage"},"image":{"@id":"https:\/\/www.cuboshomes.com\/blog\/en\/rutas-senderismo-malaga\/#primaryimage"},"thumbnailUrl":"https:\/\/www.cuboshomes.com\/blog\/wp-content\/uploads\/2024\/12\/portada.png","datePublished":"2026-01-20T10:01:08+00:00","dateModified":"2026-01-20T12:37:43+00:00","author":{"@id":"https:\/\/www.cuboshomes.com\/blog\/en\/#\/schema\/person\/07d7351e1490c5ee1bc865d8b7866913"},"description":"Discover the best hiking routes in Malaga with distances, difficulty levels and travel tips. Plan your hikes and explore Malaga\u2019s nature at your own pace.","breadcrumb":{"@id":"https:\/\/www.cuboshomes.com\/blog\/en\/rutas-senderismo-malaga\/#breadcrumb"},"inLanguage":"en","potentialAction":[{"@type":"ReadAction","target":["https:\/\/www.cuboshomes.com\/blog\/en\/rutas-senderismo-malaga\/"]}]},{"@type":"ImageObject","inLanguage":"en","@id":"https:\/\/www.cuboshomes.com\/blog\/en\/rutas-senderismo-malaga\/#primaryimage","url":"https:\/\/www.cuboshomes.com\/blog\/wp-content\/uploads\/2024\/12\/portada.png","contentUrl":"https:\/\/www.cuboshomes.com\/blog\/wp-content\/uploads\/2024\/12\/portada.png","width":1920,"height":648,"caption":"Portada Jard\u00edn de la Concepci\u00f3n"},{"@type":"BreadcrumbList","@id":"https:\/\/www.cuboshomes.com\/blog\/en\/rutas-senderismo-malaga\/#breadcrumb","itemListElement":[{"@type":"ListItem","position":1,"name":"Portada","item":"https:\/\/www.cuboshomes.com\/blog\/en\/cubos-home-blog-holidays-in-costa-del-sol\/"},{"@type":"ListItem","position":2,"name":"Descubre las mejores rutas de senderismo en la provincia de M\u00e1laga"}]},{"@type":"WebSite","@id":"https:\/\/www.cuboshomes.com\/blog\/en\/#website","url":"https:\/\/www.cuboshomes.com\/blog\/en\/","name":"Blog Cubo&#039;s Holiday Homes","description":"","potentialAction":[{"@type":"SearchAction","target":{"@type":"EntryPoint","urlTemplate":"https:\/\/www.cuboshomes.com\/blog\/en\/?s={search_term_string}"},"query-input":{"@type":"PropertyValueSpecification","valueRequired":true,"valueName":"search_term_string"}}],"inLanguage":"en"},{"@type":"Person","@id":"https:\/\/www.cuboshomes.com\/blog\/en\/#\/schema\/person\/07d7351e1490c5ee1bc865d8b7866913","name":"cuboshomes","image":{"@type":"ImageObject","inLanguage":"en","@id":"https:\/\/www.cuboshomes.com\/blog\/en\/#\/schema\/person\/image\/","url":"https:\/\/secure.gravatar.com\/avatar\/7a5399cfe1894289644dcbec0fce9dc7?s=96&d=mm&r=g","contentUrl":"https:\/\/secure.gravatar.com\/avatar\/7a5399cfe1894289644dcbec0fce9dc7?s=96&d=mm&r=g","caption":"cuboshomes"}}]}},"_links":{"self":[{"href":"https:\/\/www.cuboshomes.com\/blog\/en\/wp-json\/wp\/v2\/posts\/4480","targetHints":{"allow":["GET"]}}],"collection":[{"href":"https:\/\/www.cuboshomes.com\/blog\/en\/wp-json\/wp\/v2\/posts"}],"about":[{"href":"https:\/\/www.cuboshomes.com\/blog\/en\/wp-json\/wp\/v2\/types\/post"}],"author":[{"embeddable":true,"href":"https:\/\/www.cuboshomes.com\/blog\/en\/wp-json\/wp\/v2\/users\/4"}],"replies":[{"embeddable":true,"href":"https:\/\/www.cuboshomes.com\/blog\/en\/wp-json\/wp\/v2\/comments?post=4480"}],"version-history":[{"count":32,"href":"https:\/\/www.cuboshomes.com\/blog\/en\/wp-json\/wp\/v2\/posts\/4480\/revisions"}],"predecessor-version":[{"id":4577,"href":"https:\/\/www.cuboshomes.com\/blog\/en\/wp-json\/wp\/v2\/posts\/4480\/revisions\/4577"}],"wp:featuredmedia":[{"embeddable":true,"href":"https:\/\/www.cuboshomes.com\/blog\/en\/wp-json\/wp\/v2\/media\/4463"}],"wp:attachment":[{"href":"https:\/\/www.cuboshomes.com\/blog\/en\/wp-json\/wp\/v2\/media?parent=4480"}],"wp:term":[{"taxonomy":"category","embeddable":true,"href":"https:\/\/www.cuboshomes.com\/blog\/en\/wp-json\/wp\/v2\/categories?post=4480"},{"taxonomy":"post_tag","embeddable":true,"href":"https:\/\/www.cuboshomes.com\/blog\/en\/wp-json\/wp\/v2\/tags?post=4480"}],"curies":[{"name":"wp","href":"https:\/\/api.w.org\/{rel}","templated":true}]}}